{"id":553534,"date":"2025-11-23T14:36:24","date_gmt":"2025-11-23T14:36:24","guid":{"rendered":"https:\/\/www.europesays.com\/fr\/553534\/"},"modified":"2025-11-23T14:36:24","modified_gmt":"2025-11-23T14:36:24","slug":"un-nouveau-club-pour-lucas-bremont-actualite","status":"publish","type":"post","link":"https:\/\/www.europesays.com\/fr\/553534\/","title":{"rendered":"Un nouveau club pour Lucas Br\u00e9mont &#8211; Actualit\u00e9"},"content":{"rendered":"<p style=\"text-align: justify;\">Lucas Br\u00e9mont ne portera plus le maillot de l&rsquo;ASPTT Nancy Meurthe-et-Moselle en 2026. Le coureur de 25 ans a mut\u00e9 pour le VC Communautaire d&rsquo;Hettange. Depuis son entr\u00e9e chez les Espoirs, Lucas Br\u00e9mont \u00e9tait soci\u00e9taire du club nanc\u00e9en. \u00ab\u00a0Quitter un endroit o\u00f9 l\u2019on a grandi, o\u00f9 l\u2019on a v\u00e9cu ses plus belles joies comme ses moments plus compliqu\u00e9s, n\u2019est jamais une d\u00e9cision facile. Mais il arrive un moment o\u00f9 l\u2019on ressent le besoin de se renouveler, de retrouver une dynamique diff\u00e9rente, un cadre dans lequel on peut \u00e0 la fois se red\u00e9couvrir et surtout reprendre du plaisir \u00e0 pratiquer\u00a0\u00bb, indique-t-il \u00e0 DirectVelo.<\/p>\n<p>Cette ann\u00e9e, Lucas Br\u00e9mont s&rsquo;est class\u00e9 9e du Grand Prix de la CASC, 15e du Grand Prix de Saint-Di\u00e9-des-Vosges, 17e du Grand Prix de Soultz-sous-For\u00eats et du Grand Prix ECR \u00e0 Einvaux.\u00a0<\/p>\n<p>Suivez toutes les mutations de l&rsquo;hiver <a href=\"https:\/\/www.directvelo.com\/mutations\/2026#amateur-dn3\" target=\"_blank\" rel=\"noopener\"><strong>en cliquant ici<\/strong><\/a>.<\/p>\n","protected":false},"excerpt":{"rendered":"Lucas Br\u00e9mont ne portera plus le maillot de l&rsquo;ASPTT Nancy Meurthe-et-Moselle en 2026. Le coureur de 25 ans&hellip;\n","protected":false},"author":2,"featured_media":553535,"comment_status":"","ping_status":"","sticky":false,"template":"","format":"standard","meta":{"footnotes":""},"categories":[1411],"tags":[834,828,836,829,837,827,83,826,824,823,1154,207,814,817,815,816,822,821,832,211,839,1011,27,820,818,819,835,831,830,833,838,60,212,208,825],"class_list":{"0":"post-553534","1":"post","2":"type-post","3":"status-publish","4":"format-standard","5":"has-post-thumbnail","7":"category-cyclisme","8":"tag-attaque","9":"tag-belgique","10":"tag-braquet","11":"tag-bretagne","12":"tag-chute","13":"tag-competition","14":"tag-coupe-de-france","15":"tag-coureur","16":"tag-course-cyclisme","17":"tag-course-cycliste","18":"tag-cycling","19":"tag-cyclisme","20":"tag-direct","21":"tag-direct-velo","22":"tag-directvelo","23":"tag-directvelo-com","24":"tag-epreuve","25":"tag-epreuve-cycliste","26":"tag-federation-francaise-de-cyclisme","27":"tag-ffc","28":"tag-flandres","29":"tag-fr","30":"tag-france","31":"tag-live","32":"tag-live-course","33":"tag-live-epreuve","34":"tag-peloton","35":"tag-radio-peloton","36":"tag-radio-tour","37":"tag-ravitaillement","38":"tag-relance","39":"tag-sports","40":"tag-uci","41":"tag-velo","42":"tag-velos"},"share_on_mastodon":{"url":"https:\/\/pubeurope.com\/@fr\/115599519656413242","error":""},"_links":{"self":[{"href":"https:\/\/www.europesays.com\/fr\/wp-json\/wp\/v2\/posts\/553534","targetHints":{"allow":["GET"]}}],"collection":[{"href":"https:\/\/www.europesays.com\/fr\/wp-json\/wp\/v2\/posts"}],"about":[{"href":"https:\/\/www.europesays.com\/fr\/wp-json\/wp\/v2\/types\/post"}],"author":[{"embeddable":true,"href":"https:\/\/www.europesays.com\/fr\/wp-json\/wp\/v2\/users\/2"}],"replies":[{"embeddable":true,"href":"https:\/\/www.europesays.com\/fr\/wp-json\/wp\/v2\/comments?post=553534"}],"version-history":[{"count":0,"href":"https:\/\/www.europesays.com\/fr\/wp-json\/wp\/v2\/posts\/553534\/revisions"}],"wp:featuredmedia":[{"embeddable":true,"href":"https:\/\/www.europesays.com\/fr\/wp-json\/wp\/v2\/media\/553535"}],"wp:attachment":[{"href":"https:\/\/www.europesays.com\/fr\/wp-json\/wp\/v2\/media?parent=553534"}],"wp:term":[{"taxonomy":"category","embeddable":true,"href":"https:\/\/www.europesays.com\/fr\/wp-json\/wp\/v2\/categories?post=553534"},{"taxonomy":"post_tag","embeddable":true,"href":"https:\/\/www.europesays.com\/fr\/wp-json\/wp\/v2\/tags?post=553534"}],"curies":[{"name":"wp","href":"https:\/\/api.w.org\/{rel}","templated":true}]}}