{"id":553542,"date":"2025-11-23T14:41:17","date_gmt":"2025-11-23T14:41:17","guid":{"rendered":"https:\/\/www.europesays.com\/fr\/553542\/"},"modified":"2025-11-23T14:41:17","modified_gmt":"2025-11-23T14:41:17","slug":"gustin-koh-lanta-transforme-par-une-maladie-grave-et-tres-amaigri-ses-revelations","status":"publish","type":"post","link":"https:\/\/www.europesays.com\/fr\/553542\/","title":{"rendered":"Gustin (Koh-Lanta) transform\u00e9 par une maladie grave et tr\u00e8s amaigri, ses r\u00e9v\u00e9lations"},"content":{"rendered":"<p>Ce samedi 22 novembre, Gustin, connu pour sa participation \u00e0 Koh-Lanta : La tribu maudite sur TF1, a racont\u00e9 sur Instagram avoir \u00e9t\u00e9 touch\u00e9 par une maladie grave suite \u00e0 son s\u00e9jour au Costa Rica. Tr\u00e8s amaigri et affaibli, il a eu peur de mourir.<\/p>\n<p>En plus de Fr\u00e9d\u00e9ric, Ugo, Ilyesse, Cassandre et Thibault, Gustin fait partie des aventuriers qui ont marqu\u00e9 l&rsquo;esprit des t\u00e9l\u00e9spectateurs dans <a href=\"https:\/\/www.programme-tv.net\/news\/tv\/357884-koh-lanta-la-tribu-maudite-date-de-diffusion-casting-lieu-de-tournage-toutes-les-infos-sur-la-nouvelle-saison-2024\/\" data-api-deeplink=\"teleloisirs:\/\/news\/357884\" target=\"_blank\" rel=\"noopener\">Koh-Lanta : La tribu maudite<\/a>, diffus\u00e9 d&rsquo;ao\u00fbt \u00e0 novembre 2024 sur TF1. Et pour cause,<a href=\"https:\/\/www.programme-tv.net\/news\/tv\/365186-je-n-aurais-pas-agi-comme-ca-ugo-koh-lanta-la-tribu-maudite-revient-sur-la-trahison-de-gustin-envers-les-ex-rouges\/\" data-api-deeplink=\"teleloisirs:\/\/news\/365186\" target=\"_blank\" rel=\"noopener\"> le Suisse n&rsquo;avait pas manqu\u00e9 de trahir les rouges pour faire sortir Sarah<\/a>, avec qui il ne s&rsquo;entendait pas du tout sur le camp. Plus d&rsquo;un an apr\u00e8s la diffusion du jeu anim\u00e9 par <a href=\"https:\/\/www.programme-tv.net\/biographie\/4383-brogniart-denis\/\" data-link-people=\"2580c48c-1b4f-411c-8ab6-8f62dfe1f8ca\" target=\"_blank\" rel=\"noopener\">Denis Brogniart<\/a>, Gustin continue de donner de ses nouvelles \u00e0 celles et ceux qui le suivent sur Instagram. C&rsquo;est d&rsquo;ailleurs sur ce r\u00e9seau social que le complice d&rsquo;Ilyesse avait annonc\u00e9 son hospitalisation au Costa Rica apr\u00e8s avoir \u00e9t\u00e9 frapp\u00e9 par une fi\u00e8vre atteignant 40\u00b0C. \u00ab\u00a0Ce lit, je ne peux plus le voir. \u00c7a fait cinq jours que je ne peux pas sortir, je ne peux aller que dans le couloir. J&rsquo;ai perdu grave du poids, je n&rsquo;ai plus aucun muscle. Au moins, ils me nourrissent bien\u00a0\u00bb, confiait-il dans une vid\u00e9o publi\u00e9e depuis l&rsquo;h\u00f4pital.<\/p>\n<p>Ce samedi 22 novembre, soit un peu plus d&rsquo;un mois apr\u00e8s son hospitalisation, Gustin est revenu sur ce qui lui est arriv\u00e9 lors de son s\u00e9jour au Costa Rica. \u00ab\u00a0Malheureusement, j&rsquo;ai chop\u00e9 une maladie grave \u00e0 cause d&rsquo;une tique. J&rsquo;ai cru que j&rsquo;allais crever. \u00c7a m&rsquo;a attaqu\u00e9 le cerveau. Quand je suis rentr\u00e9 chez moi, j&rsquo;avais perdu 7 kilos. Je n&rsquo;avais plus de force, j&rsquo;\u00e9tais compl\u00e8tement KO\u00a0\u00bb, a-t-il expliqu\u00e9 dans une vid\u00e9o o\u00f9 l&rsquo;on peut voir de plus pr\u00e8s son impressionnante perte de poids.<\/p>\n<p><b>Gustin (<\/b><b>Koh-Lanta<\/b><b>) a retrouv\u00e9 sa forme physique apr\u00e8s son impressionnante perte de poids<\/b><\/p>\n<p>Loin de se laisser abattre, l&rsquo;ex-aventurier de Koh-Lanta a depuis repris du poil de la b\u00eate. Toujours dans sa vid\u00e9o Instagram, il explique avoir retrouv\u00e9 la forme gr\u00e2ce \u00e0 une alimentation saine et une bonne activit\u00e9 physique. Malgr\u00e9 quelques maux de t\u00eate, <a href=\"https:\/\/www.programme-tv.net\/news\/tv\/362747-cassandre-koh-lanta-la-tribu-maudite-est-elle-en-couple-avec-gustin-elle-nous-repond\/\" data-api-deeplink=\"teleloisirs:\/\/news\/362747\" target=\"_blank\" rel=\"noopener\">celui qui aurait eu une br\u00e8ve histoire d&rsquo;amour avec Cassandre <\/a>est retourn\u00e9 au fit \u00ab\u00a0apr\u00e8s deux mois sans entra\u00eenement\u00a0\u00bb. Mieux encore, Gustin a r\u00e9ussi \u00e0 faire \u00ab\u00a0des exercices g\u00e9n\u00e9raux\u00a0\u00bb qui, dit-il, \u00ab\u00a0r\u00e9activent tout le haut du corps\u00a0\u00bb.<\/p>\n<p>La publication Instagram de Gustin est \u00e0 d\u00e9couvrir <a href=\"https:\/\/www.instagram.com\/p\/DRW1odQDcJP\/?hl=fr\" target=\"_blank\" rel=\"noopener\"><b>ICI<\/b><\/a>.<\/p>\n<p>Article \u00e9crit en collaboration avec 6M\u00e9dias<\/p>\n<p>        <script async src=\"\/\/www.instagram.com\/embed.js\"><\/script><\/p>\n","protected":false},"excerpt":{"rendered":"Ce samedi 22 novembre, Gustin, connu pour sa participation \u00e0 Koh-Lanta : La tribu maudite sur TF1, a&hellip;\n","protected":false},"author":2,"featured_media":553543,"comment_status":"","ping_status":"","sticky":false,"template":"","format":"standard","meta":{"footnotes":""},"categories":[1356],"tags":[244,58,59,1011,27,67059,680,67060,8755,252,2175,1364],"class_list":{"0":"post-553542","1":"post","2":"type-post","3":"status-publish","4":"format-standard","5":"has-post-thumbnail","7":"category-television","8":"tag-commentaire","9":"tag-divertissement","10":"tag-entertainment","11":"tag-fr","12":"tag-france","13":"tag-gustin-koh-lanta","14":"tag-koh-lanta","15":"tag-la-tribu-maudite","16":"tag-santu00e9","17":"tag-television","18":"tag-tl-story","19":"tag-tv"},"share_on_mastodon":{"url":"https:\/\/pubeurope.com\/@fr\/115599539250576065","error":""},"_links":{"self":[{"href":"https:\/\/www.europesays.com\/fr\/wp-json\/wp\/v2\/posts\/553542","targetHints":{"allow":["GET"]}}],"collection":[{"href":"https:\/\/www.europesays.com\/fr\/wp-json\/wp\/v2\/posts"}],"about":[{"href":"https:\/\/www.europesays.com\/fr\/wp-json\/wp\/v2\/types\/post"}],"author":[{"embeddable":true,"href":"https:\/\/www.europesays.com\/fr\/wp-json\/wp\/v2\/users\/2"}],"replies":[{"embeddable":true,"href":"https:\/\/www.europesays.com\/fr\/wp-json\/wp\/v2\/comments?post=553542"}],"version-history":[{"count":0,"href":"https:\/\/www.europesays.com\/fr\/wp-json\/wp\/v2\/posts\/553542\/revisions"}],"wp:featuredmedia":[{"embeddable":true,"href":"https:\/\/www.europesays.com\/fr\/wp-json\/wp\/v2\/media\/553543"}],"wp:attachment":[{"href":"https:\/\/www.europesays.com\/fr\/wp-json\/wp\/v2\/media?parent=553542"}],"wp:term":[{"taxonomy":"category","embeddable":true,"href":"https:\/\/www.europesays.com\/fr\/wp-json\/wp\/v2\/categories?post=553542"},{"taxonomy":"post_tag","embeddable":true,"href":"https:\/\/www.europesays.com\/fr\/wp-json\/wp\/v2\/tags?post=553542"}],"curies":[{"name":"wp","href":"https:\/\/api.w.org\/{rel}","templated":true}]}}