{"id":553551,"date":"2025-11-23T14:46:11","date_gmt":"2025-11-23T14:46:11","guid":{"rendered":"https:\/\/www.europesays.com\/fr\/553551\/"},"modified":"2025-11-23T14:46:11","modified_gmt":"2025-11-23T14:46:11","slug":"bruce-willis-atteint-de-demence-ses-proches-ont-interdiction-de-porter-du-noir","status":"publish","type":"post","link":"https:\/\/www.europesays.com\/fr\/553551\/","title":{"rendered":"Bruce Willis atteint de d\u00e9mence : ses proches ont interdiction de\u2026 porter du noir !"},"content":{"rendered":"<p data-start=\"216\" data-end=\"698\">Bruce Willis est une ic\u00f4ne<br \/>\nd\u2019Hollywood. L\u2019acteur a jou\u00e9 dans de nombreux chefs-d\u2019\u0153uvre, comme<br \/>\nPulp Fiction de Quentin<br \/>\nTarantino ou encore Le<br \/>\nCinqui\u00e8me \u00c9l\u00e9ment de Luc Besson. Au total, il a jou\u00e9 dans plus<br \/>\nde cent films de tous genres confondus, dont Death Wish en 2018, o\u00f9 il interpr\u00e8te Paul<br \/>\nKersey, le personnage principal. Il sera d\u2019ailleurs <strong>diffus\u00e9<br \/>\nen prime time sur TF1 le 23 novembre.<\/strong><\/p>\n<p data-start=\"742\" data-end=\"1284\">Mais en 2022, il a \u00e9t\u00e9 forc\u00e9 de<br \/>\nmettre fin \u00e0 sa carri\u00e8re, suite \u00e0 des probl\u00e8mes de sant\u00e9. Ce qui a<br \/>\nd\u2019abord \u00e9t\u00e9 pr\u00e9sent\u00e9 comme une aphasie s\u2019est r\u00e9v\u00e9l\u00e9 \u00eatre une<br \/>\nd\u00e9g\u00e9n\u00e9rescence fronto-temporale (DFT), <a href=\"https:\/\/www.closermag.fr\/people\/bruce-willis-largement-muet-sa-maladie-progresse-a-vitesse-grand-v-il-est-lombre-de-lui-meme-3566053\" rel=\"nofollow noopener\" target=\"_blank\"><br \/>\nmaladie neurod\u00e9g\u00e9n\u00e9rative rare, qui affecte progressivement le<br \/>\nlangage,<\/a> le comportement et les capacit\u00e9s cognitives.<br \/>\nHeureusement, il peut toujours compter sur l\u2019aide et le soutien de<br \/>\nses proches, qui prennent toutes les pr\u00e9cautions possibles pour lui<br \/>\nfaciliter le quotidien. D\u2019ailleurs, en sa pr\u00e9sence, ils ont<br \/>\ninterdiction de porter du noir.<\/p>\n<p>De quelle maladie souffre Bruce<br \/>\nWillis ?<\/p>\n<p data-start=\"1286\" data-end=\"1782\">Depuis que la maladie de Bruce<br \/>\nWillis a \u00e9t\u00e9 annonc\u00e9e, sa famille donne r\u00e9guli\u00e8rement de ses<br \/>\nnouvelles. R\u00e9cemment, <strong>sa femme Emma Heming<\/strong> a pris<br \/>\nla d\u00e9cision de le placer <a href=\"https:\/\/www.closermag.fr\/people\/bruce-willis-vit-separe-de-sa-femme-emma-heming-et-de-leurs-filles-3573944\" rel=\"nofollow noopener\" target=\"_blank\"><br \/>\ndans une maison m\u00e9dicalis\u00e9e<\/a>, afin qu\u2019il puisse b\u00e9n\u00e9ficier d\u2019une<br \/>\nsurveillance constante et de soins adapt\u00e9s.<\/p>\n<p data-start=\"1286\" data-end=\"1782\">Ses enfants, Rumer, Tallulah<br \/>\net Scout, tout comme son ex-femme Demi Moore, apportent \u00e9galement<br \/>\nleur aide et ont \u00e9galement chang\u00e9 leurs habitudes, comme celle de<br \/>\nne plus porter de tee-shirt noir lorsqu\u2019elles sont avec lui.<\/p>\n<p>Bruce<br \/>\nWillis : ces choses que ses proches ne peuvent plus faire avec<br \/>\nlui<\/p>\n<p data-start=\"1858\" data-end=\"2474\">Pourquoi cette obligation ?<br \/>\nTout simplement parce qu\u2019\u00e0 cause de sa maladie, les perceptions de<br \/>\nBruce Willis sont parfois biais\u00e9es. Dans une interview accord\u00e9e au<br \/>\n<a href=\"https:\/\/www.leparisien.fr\/culture-loisirs\/cinema\/bruce-willis-dans-death-wish-sa-femme-leve-le-voile-sur-sa-maladie-et-son-etat-de-sante-23-11-2025-IMUBOYBMCVHSTOE7NK5VVSMHLI.php\" target=\"_blank\" rel=\"nofollow noopener\">Parisien<\/a>, Emma Heming explique :<br \/>\n\u00ab <strong>On m&rsquo;a dit : pas de<br \/>\ntee-shirt noir. Pour une personne atteinte de d\u00e9mence, cela peut<br \/>\nressembler \u00e0 une t\u00eate qui flotte<\/strong> \u00bb. Par cons\u00e9quent,<br \/>\nlorsqu\u2019elles sont avec lui, elles portent des v\u00eatements clairs. Ce<br \/>\nn\u2019est pas la seule r\u00e8gle \u00e0 respecter : \u00ab On ne se tient pas face \u00e0 lui, mais de pr\u00e9f\u00e9rence<br \/>\nsur son \u00e9paule droite ou gauche. On utilise des signaux simples<br \/>\npour communiquer comme un pouce lev\u00e9 \u00bb, poursuit-elle.<\/p>\n<p data-start=\"2476\" data-end=\"2649\">Les r\u00e9centes nouvelles<br \/>\nconcernant <strong>l\u2019avanc\u00e9e de sa maladie<\/strong> ne sont pas<br \/>\nvraiment bonnes. Il y a quelques jours, R<a href=\"https:\/\/www.leparisien.fr\/culture-loisirs\/cinema\/bruce-willis-dans-death-wish-sa-femme-leve-le-voile-sur-sa-maladie-et-son-etat-de-sante-23-11-2025-IMUBOYBMCVHSTOE7NK5VVSMHLI.php\" rel=\"nofollow noopener\" target=\"_blank\">umer<br \/>\na expliqu\u00e9 que parfois son p\u00e8re ne la reconnaissait plus.<\/a><\/p>\n","protected":false},"excerpt":{"rendered":"Bruce Willis est une ic\u00f4ne d\u2019Hollywood. L\u2019acteur a jou\u00e9 dans de nombreux chefs-d\u2019\u0153uvre, comme Pulp Fiction de Quentin&hellip;\n","protected":false},"author":2,"featured_media":553552,"comment_status":"","ping_status":"","sticky":false,"template":"","format":"standard","meta":{"footnotes":""},"categories":[8],"tags":[4422,58,59,1011,27],"class_list":{"0":"post-553551","1":"post","2":"type-post","3":"status-publish","4":"format-standard","5":"has-post-thumbnail","7":"category-divertissement","8":"tag-bruce-willis","9":"tag-divertissement","10":"tag-entertainment","11":"tag-fr","12":"tag-france"},"share_on_mastodon":{"url":"https:\/\/pubeurope.com\/@fr\/115599559168190998","error":""},"_links":{"self":[{"href":"https:\/\/www.europesays.com\/fr\/wp-json\/wp\/v2\/posts\/553551","targetHints":{"allow":["GET"]}}],"collection":[{"href":"https:\/\/www.europesays.com\/fr\/wp-json\/wp\/v2\/posts"}],"about":[{"href":"https:\/\/www.europesays.com\/fr\/wp-json\/wp\/v2\/types\/post"}],"author":[{"embeddable":true,"href":"https:\/\/www.europesays.com\/fr\/wp-json\/wp\/v2\/users\/2"}],"replies":[{"embeddable":true,"href":"https:\/\/www.europesays.com\/fr\/wp-json\/wp\/v2\/comments?post=553551"}],"version-history":[{"count":0,"href":"https:\/\/www.europesays.com\/fr\/wp-json\/wp\/v2\/posts\/553551\/revisions"}],"wp:featuredmedia":[{"embeddable":true,"href":"https:\/\/www.europesays.com\/fr\/wp-json\/wp\/v2\/media\/553552"}],"wp:attachment":[{"href":"https:\/\/www.europesays.com\/fr\/wp-json\/wp\/v2\/media?parent=553551"}],"wp:term":[{"taxonomy":"category","embeddable":true,"href":"https:\/\/www.europesays.com\/fr\/wp-json\/wp\/v2\/categories?post=553551"},{"taxonomy":"post_tag","embeddable":true,"href":"https:\/\/www.europesays.com\/fr\/wp-json\/wp\/v2\/tags?post=553551"}],"curies":[{"name":"wp","href":"https:\/\/api.w.org\/{rel}","templated":true}]}}