{"id":553555,"date":"2025-11-23T14:48:17","date_gmt":"2025-11-23T14:48:17","guid":{"rendered":"https:\/\/www.europesays.com\/fr\/553555\/"},"modified":"2025-11-23T14:48:17","modified_gmt":"2025-11-23T14:48:17","slug":"en-france-une-etude-revele-des-chiffres-stupefiants-il-y-a-la-une-forme-dindecence-il-ne-faudra-pas-se-plaindre-lors-du-prochain-scrutin","status":"publish","type":"post","link":"https:\/\/www.europesays.com\/fr\/553555\/","title":{"rendered":"En France, une \u00e9tude r\u00e9v\u00e8le des chiffres stup\u00e9fiants: \u00ab\u00a0Il y a l\u00e0 une forme d&rsquo;ind\u00e9cence, il ne faudra pas se plaindre lors du prochain scrutin\u00a0\u00bb"},"content":{"rendered":"<p><a href=\"https:\/\/www.lalibre.be\/international\/europe\/2025\/10\/19\/en-france-les-elus-locaux-attendent-un-sursaut-de-lucidite-de-la-part-demmanuel-macron-VS3UZ67PB5FQJLNHTDL5GZP55A\/\" target=\"_self\" class=\"ap-StoryInterstitialLink ap-StoryElement ap-StoryElement--mb js-paywall-target\" rel=\"noopener\">En France, les \u00e9lus locaux attendent un \u00ab\u00a0sursaut de lucidit\u00e9\u00a0\u00bb de la part d&rsquo;Emmanuel Macron  <\/a>\u00ab\u00a0Une forme d&rsquo;ind\u00e9cence\u00a0\u00bb<\/p>\n<p class=\"ap-StoryElement ap-StoryElement--mb ap-StoryText\">Derri\u00e8re ces chiffres, une m\u00e9canique bien identifi\u00e9e : la flamb\u00e9e des revenus de capitaux mobiliers, financiers et fonciers, dop\u00e9s par l&rsquo;envol\u00e9e des prix de l&rsquo;immobilier et des actions cot\u00e9es en Bourse. Les salaires eux-m\u00eames ne sont pas en reste en haut de l&rsquo;\u00e9chelle : selon l&rsquo;Insee, entre 2019 et 2023, les r\u00e9mun\u00e9rations du top 1 000 \u2013 des postes principalement occup\u00e9s par des hommes de 50 ans ou plus, en \u00cele\u2011de\u2011France et dans le secteur priv\u00e9 \u2013 ont progress\u00e9 de plus de 20 %. Ils repr\u00e9sentaient au moins 70 Smic en 2019, et au moins 83 Smic en 2023.<\/p>\n<p class=\"ap-StoryElement ap-StoryElement--mb ap-StoryText\">Pour Louis Maurin, directeur de l&rsquo;Observatoire des in\u00e9galit\u00e9s, \u00ab\u00a0il y a l\u00e0 une forme d&rsquo;ind\u00e9cence, une v\u00e9ritable perte des valeurs r\u00e9publicaines fran\u00e7aises, \u00e0 commencer par l&rsquo;\u00e9galit\u00e9. Fermer les yeux sur une telle r\u00e9alit\u00e9, c&rsquo;est accepter les fractures et les tensions qui ne manqueront pas d&rsquo;en d\u00e9couler et dont il ne faudra pas se plaindre lors du prochain scrutin. Comment les plus fortun\u00e9s peuvent-ils justifier un tel enrichissement tout en refusant de contribuer davantage \u00e0 la solidarit\u00e9 nationale\u00a0\u00bb ?<\/p>\n<p><a href=\"https:\/\/www.lalibre.be\/international\/2024\/11\/15\/en-pleine-austerite-budgetaire-le-train-de-vie-des-ex-premiers-ministres-francais-est-il-justifiable-il-est-necessaire-de-revoir-ces-dispositifs-JMBAVSTVS5AUBFPP2EPFOZ4TXQ\/\" target=\"_self\" class=\"ap-StoryInterstitialLink ap-StoryElement ap-StoryElement--mb\" rel=\"noopener\">En pleine aust\u00e9rit\u00e9 budg\u00e9taire, le train de vie des ex-Premiers ministres fran\u00e7ais est-il justifiable ? \u00ab\u00a0Il est n\u00e9cessaire de revoir ces dispositifs\u00a0\u00bb<\/a>L&rsquo;effet Macron sur la fiscalit\u00e9<\/p>\n<p class=\"ap-StoryElement ap-StoryElement--mb ap-StoryText\">L&rsquo;autre volet de la note de l&rsquo;Insee concerne la fiscalit\u00e9. Certes, le montant total de l&rsquo;imp\u00f4t sur le revenu acquitt\u00e9 par ces foyers \u00e0 tr\u00e8s hauts revenus a augment\u00e9 en vingt ans, puisqu&rsquo;ils gagnent beaucoup plus. Mais leur taux moyen d&rsquo;imposition, lui, a diminu\u00e9 : il est pass\u00e9 de 29,2 % en 2003 \u00e0 25,7 % en 2022, soit \u2013 3,5 points.<\/p>\n<p class=\"ap-StoryElement ap-StoryElement--mb ap-StoryText\">Pourquoi ? Cette baisse s&rsquo;explique essentiellement par les r\u00e9formes men\u00e9es sous Emmanuel Macron. L&rsquo;\u00e9tude \u00ab\u00a0La roue de la fortune\u00a0\u00bb, publi\u00e9e par la Fondation Jean\u2011Jaur\u00e8s en septembre, l&rsquo;avait d\u00e9j\u00e0 mis en lumi\u00e8re : d\u00e8s 2018, un an apr\u00e8s son arriv\u00e9e \u00e0 l&rsquo;\u00c9lys\u00e9e, le chef de l&rsquo;\u00c9tat a instaur\u00e9 la flat tax. L\u00e0 o\u00f9 les plus-values boursi\u00e8res et les dividendes \u00e9taient auparavant soumis au bar\u00e8me progressif de l&rsquo;imp\u00f4t sur le revenu, et donc souvent tax\u00e9s entre 40 % et 45 %, ils sont d\u00e9sormais frapp\u00e9s d&rsquo;un pr\u00e9l\u00e8vement forfaitaire unique de 30 %. La m\u00eame ann\u00e9e, la majorit\u00e9 macroniste a transform\u00e9 l&rsquo;imp\u00f4t de solidarit\u00e9 sur la fortune (ISF) en imp\u00f4t sur la fortune immobili\u00e8re (IFI). L&rsquo;ISF portait sur l&rsquo;immobilier et les valeurs mobili\u00e8res (actions) ; l&rsquo;IFI ne vise plus que l&rsquo;immobilier. R\u00e9sultat : en 2017, 360 000 foyers avaient pay\u00e9 l&rsquo;ISF pour un total de 4,2 milliards d&rsquo;euros ; en 2019, seuls 139 000 foyers ont acquitt\u00e9 l&rsquo;IFI, pour un montant global deux fois moindre (2,1 milliards).<\/p>\n<p><a href=\"https:\/\/www.lalibre.be\/international\/europe\/2025\/11\/02\/coup-pour-coup-amendement-pour-amendement-lassemblee-nationale-rudoie-le-gouvernement-lecornu-WZMPFJ7PGZAIBFIDN6NRAEHY5Y\/\" target=\"_self\" class=\"ap-StoryInterstitialLink ap-StoryElement ap-StoryElement--mb\" rel=\"noopener\">Coup pour coup, amendement pour amendement: l&rsquo;Assembl\u00e9e nationale rudoie le gouvernement Lecornu<\/a>Des d\u00e9put\u00e9s sous pression<\/p>\n<p class=\"ap-StoryElement ap-StoryElement--mb ap-StoryText\">Cette \u00e9tude tombe alors que les discussions budg\u00e9taires s&rsquo;enlisent \u00e0 l&rsquo;Assembl\u00e9e. La date limite pour doter la France d&rsquo;un budget approche, et ce week-end s&rsquo;annonce charni\u00e8re : les d\u00e9put\u00e9s doivent se prononcer, probablement ce 22 novembre, sur les recettes de l&rsquo;\u00c9tat. Sauf surprise, ils devraient les rejeter en bloc : la gauche n&rsquo;entend pas voter le texte, pas plus que le Rassemblement national. Quant aux groupes du \u00ab\u00a0bloc central\u00a0\u00bb, ils ont d\u00e9cid\u00e9 de ne pas l&rsquo;approuver \u00ab\u00a0en raison de l&rsquo;insinc\u00e9rit\u00e9 de certaines mesures adopt\u00e9es\u00a0\u00bb. En cas de rejet, le texte ira au S\u00e9nat, avant de revenir \u00e0 l&rsquo;Assembl\u00e9e. Si rien n&rsquo;aboutit d&rsquo;ici au 31 d\u00e9cembre, le gouvernement pourrait recourir \u00e0 une loi sp\u00e9ciale, autorisant l&rsquo;\u00c9tat \u00e0 percevoir les imp\u00f4ts existants, assortie d&rsquo;un d\u00e9cret gelant les d\u00e9penses \u2013 comme l&rsquo;an dernier.<\/p>\n<blockquote class=\"ap-StoryQuote ap-StoryQuote--blockquote\">\n<p class=\"ap-StoryQuote-text\">Fermer les yeux sur une telle r\u00e9alit\u00e9, c&rsquo;est accepter les fractures et les tensions qui ne manqueront pas d&rsquo;en d\u00e9couler et dont il ne faudra pas se plaindre lors du prochain scrutin. <\/p>\n<\/blockquote>\n<p class=\"ap-StoryElement ap-StoryElement--mb ap-StoryText\">Les d\u00e9put\u00e9s vont-ils tenir compte de l&rsquo;\u00e9tude de l&rsquo;Insee ? A priori non. \u00ab\u00a0On observe une forme de crispation, parfois irrationnelle, au centre et \u00e0 droite : une sorte de blocage psychologique nourri par un discours fig\u00e9, celui qu&rsquo;il ne faut surtout pas augmenter les imp\u00f4ts\u00a0\u00bb, analyse Louis Maurin. Un discours, rappelle-t\u2011il, \u00ab\u00a0h\u00e9rit\u00e9 de 1988 et de la lettre aux Fran\u00e7ais de Fran\u00e7ois Mitterrand\u00a0\u00bb. \u00c0 ses yeux, la gauche aussi a sa part de responsabilit\u00e9 car, \u00ab\u00a0par d\u00e9magogie, elle se focalise sur la taxe Zucman, n\u00e9cessaire mais loin d&rsquo;\u00eatre suffisante car elle n&rsquo;impacterait que 2 000 foyers. La crise actuelle devrait pourtant pousser \u00e0 faire \u00e9voluer les lignes\u00a0\u00bb, conclut-il.<\/p>\n","protected":false},"excerpt":{"rendered":"En France, les \u00e9lus locaux attendent un \u00ab\u00a0sursaut de lucidit\u00e9\u00a0\u00bb de la part d&rsquo;Emmanuel Macron \u00ab\u00a0Une forme d&rsquo;ind\u00e9cence\u00a0\u00bb&hellip;\n","protected":false},"author":2,"featured_media":553556,"comment_status":"","ping_status":"","sticky":false,"template":"","format":"standard","meta":{"footnotes":""},"categories":[6],"tags":[35,33,34,1073,1011,27],"class_list":{"0":"post-553555","1":"post","2":"type-post","3":"status-publish","4":"format-standard","5":"has-post-thumbnail","7":"category-economie","8":"tag-business","9":"tag-economie","10":"tag-economy","11":"tag-emmanuel-macron","12":"tag-fr","13":"tag-france"},"share_on_mastodon":{"url":"https:\/\/pubeurope.com\/@fr\/115599566752104906","error":""},"_links":{"self":[{"href":"https:\/\/www.europesays.com\/fr\/wp-json\/wp\/v2\/posts\/553555","targetHints":{"allow":["GET"]}}],"collection":[{"href":"https:\/\/www.europesays.com\/fr\/wp-json\/wp\/v2\/posts"}],"about":[{"href":"https:\/\/www.europesays.com\/fr\/wp-json\/wp\/v2\/types\/post"}],"author":[{"embeddable":true,"href":"https:\/\/www.europesays.com\/fr\/wp-json\/wp\/v2\/users\/2"}],"replies":[{"embeddable":true,"href":"https:\/\/www.europesays.com\/fr\/wp-json\/wp\/v2\/comments?post=553555"}],"version-history":[{"count":0,"href":"https:\/\/www.europesays.com\/fr\/wp-json\/wp\/v2\/posts\/553555\/revisions"}],"wp:featuredmedia":[{"embeddable":true,"href":"https:\/\/www.europesays.com\/fr\/wp-json\/wp\/v2\/media\/553556"}],"wp:attachment":[{"href":"https:\/\/www.europesays.com\/fr\/wp-json\/wp\/v2\/media?parent=553555"}],"wp:term":[{"taxonomy":"category","embeddable":true,"href":"https:\/\/www.europesays.com\/fr\/wp-json\/wp\/v2\/categories?post=553555"},{"taxonomy":"post_tag","embeddable":true,"href":"https:\/\/www.europesays.com\/fr\/wp-json\/wp\/v2\/tags?post=553555"}],"curies":[{"name":"wp","href":"https:\/\/api.w.org\/{rel}","templated":true}]}}