{"id":553558,"date":"2025-11-23T14:50:13","date_gmt":"2025-11-23T14:50:13","guid":{"rendered":"https:\/\/www.europesays.com\/fr\/553558\/"},"modified":"2025-11-23T14:50:13","modified_gmt":"2025-11-23T14:50:13","slug":"gard-un-homme-mis-en-examen-pour-le-meurtre-de-sa-compagne-retrouvee-le-visage-tumefie-a-son-domicile-le-monde-fr","status":"publish","type":"post","link":"https:\/\/www.europesays.com\/fr\/553558\/","title":{"rendered":"Gard : un homme mis en examen pour le meurtre de sa compagne, retrouv\u00e9e le \u00ab visage tum\u00e9fi\u00e9 \u00bb \u00e0 son domicile &#8211; Le Monde.fr"},"content":{"rendered":"<ol>\n<li><a href=\"https:\/\/news.google.com\/rss\/articles\/CBMi_gFBVV95cUxPSU1ybUdOM2w2dVRFalRHelQ2OGt5OF92Y0RuczdWN2pWVXVOMWVrM3hDWFl4RGRBZXZFaDhEaFhJR1hVZk9Cd0RlMnMzR3B3cmFsUk1xV1hIcy1fZ2NoeXFmZS1jUC1BOUhOTnZOQVp5QVBVX2ZHNE9OeE9ySlJLY25nRWJhVER6MWR2aXZ6djJKeTQwc3FjUDh2clNyblVXTndIRV9uMHk1RVBtSXRhb3JqQWhSaFc2YmNrdGMzZTR6RUpQU0p4MjFiLXZzVG9kM0p4alpIbmV0MEl5ZGd5U0ZFRmIwSnZmeS1zcWdPaktpY19FQUZBT1hQYXJZdw?oc=5\" target=\"_blank\" rel=\"nofollow noopener\">Gard : un homme mis en examen pour le meurtre de sa compagne, retrouv\u00e9e le \u00ab visage tum\u00e9fi\u00e9 \u00bb \u00e0 son domicile<\/a>&nbsp;&nbsp;Le Monde.fr<\/li>\n<li><a href=\"https:\/\/news.google.com\/rss\/articles\/CBMijgJBVV95cUxPMFFfaHUtNl9oTEtLckw5Q2JUUFNvVlU2VUxHU0U3ZkNxYmtkc1BmQ0k2WUIwRHliUWJnbmI5aGwwQ1F4UVdCR0xWSC15ODAtSmFVUmNydngtMm5QOXJ0WW1FV20yNDJybmd1WTNjaU5pX3NkTmJGcVV1X0NTdXZ0ZUNTUEVDeTFhc3dHMDJSZWRiWkZSMlI5eWx0T1BzVTRWSFhmUHJ2NDMxd2NKeEJid29yTDVRdG9kVW1xUURVcXBtMllub3dIeHdyV2ZzdXpKR2xnb2llc0cyWVNKTkJhckRjY2V0NlktRkoxbjg5RDdNWWlMZW9CR0xMV1hHS1FDS185TVJ6RUQ0WHRXU1E?oc=5\" target=\"_blank\" rel=\"nofollow noopener\">Suspect\u00e9 d&rsquo;avoir tu\u00e9 sa conjointe, un journaliste de 61 ans est mis en examen et plac\u00e9 en d\u00e9tention provisoire<\/a>&nbsp;&nbsp;France 3 R\u00e9gions<\/li>\n<li><a href=\"https:\/\/news.google.com\/rss\/articles\/CBMiiwJBVV95cUxQX3FzMDBEQzVXWGNKN0FiODh5VUYxZ0ktOUY4MTN0ZUVMb3FXdjBZdnMyeTZJejJwMHlvUDdUS3otMU4wYl93bUM5N2Rld3lNSHVMTVprMFZ5bVg3Zi1XeXl5amkwR2VGU1B0eWZXLWZ0YUpzam1SS0swaHcxTzNXWUxZUmtBV0Y2emstYTZBTXVpZFJydDJlbThhSmtCd1B0d2lORFJCTk5pVXBQNVhDbXlUR0Z3VG4tUDJKRG9fdFcxdUtZUHVMNmVLU000SGtJSDRzekl2S1FNQVJIRUoyN1ZkOExOWTZsNkxiajVvX2prMHFIVjY2c29BbWJXQlhDS1lhMUQtaU9oRnM?oc=5\" target=\"_blank\" rel=\"nofollow noopener\">\u00ab\u00a0Visage tum\u00e9fi\u00e9\u00a0\u00bb, alcool\u00e9mie, mise en examen du conjoint pour meurtre : ce que l\u2019on sait de l\u2019enqu\u00eate apr\u00e8s la mort d\u2019une femme \u00e0 Beaucaire<\/a>&nbsp;&nbsp;Midi Libre<\/li>\n<li><a href=\"https:\/\/news.google.com\/rss\/articles\/CBMikwJBVV95cUxQaWRGSnBCc1BEUkxsb2tUMjZ6eVpiZy1UMkVIbWVGejBEazlSOXRBRDJJOV9xbWtKbDV0YWlSWlVtZS1zLTNINW1laUpzekVKQThHb3JzclNpalNIUkZ6YW50emtoYmpmVkJYRGdwQXp3eURhMXkzb05wd09CUzFqWklrUXJsUEo0VEVaRlRFTDY3cWlNWFRQTnAwQlVJQTZCN0laVGJ1YmZzbFhnRVQtOTBpM0NDSmhrNlZjQTRjdkdjeUIwczVsMXVQME03VzQ0eVpja0NqbGxvcC1ZZFhGRTF5dVU3TVNKS1BMT0ZHU3Y0UGQ0YVdVWnVnZDA5TTFhMW5TYVNzQk1ra2s2WTc2ZUpkZw?oc=5\" target=\"_blank\" rel=\"nofollow noopener\">Il s&rsquo;\u00e9tait pr\u00e9sent\u00e9 au commissariat apr\u00e8s le d\u00e9c\u00e8s de sa compagne: un homme mis en examen pour meurtre sur conjoint dans le Gard<\/a>&nbsp;&nbsp;BFMTV<\/li>\n<li><a href=\"https:\/\/news.google.com\/rss\/articles\/CBMinAJBVV95cUxQQlMyOVdWd2p2ODVXZzFqblg4RHBQRWV5YkctMExBTVFKN0lXTnVHWlhqUWc2T3lUSlNRSE82cGlTWFR5Y3ZUT1NQMWNyTXBnVHBqajMyOFVUMnNYN1U2NDBCMnJJd1RLeUwxLTczdVQ4UE9CdDY0WFV6dnRPWXhkWG13NmRITm9yazExMldYMkZHYl80VndOeG9YbmdycjhGVDUzb041ejRWTkRRSW9SamVBYnQ0cnJiQ3lMTVkwdnBpbmQtUjNjU0laZjBiTzlzRmNFSkNBNFpVaWZnc0VzM2twTloxakoydUF4aGhpSUZna0VNYkpFY1hKUUIxdkFrSWJRcG42bGxJTzRyZkkwblVoYnlBVTdEbkhlSg?oc=5\" target=\"_blank\" rel=\"nofollow noopener\">F\u00e9minicide dans le Gard : un homme mis en examen pour le meurtre de sa compagne, retrouv\u00e9e morte \u00ab le visage tum\u00e9fi\u00e9<\/a>&nbsp;&nbsp;Le Parisien<\/li>\n<\/ol>\n","protected":false},"excerpt":{"rendered":"Gard : un homme mis en examen pour le meurtre de sa compagne, retrouv\u00e9e le \u00ab visage tum\u00e9fi\u00e9&hellip;\n","protected":false},"author":2,"featured_media":395849,"comment_status":"","ping_status":"","sticky":false,"template":"","format":"standard","meta":{"footnotes":""},"categories":[4],"tags":[11,1011,27,12,25],"class_list":{"0":"post-553558","1":"post","2":"type-post","3":"status-publish","4":"format-standard","5":"has-post-thumbnail","7":"category-france","8":"tag-actualites","9":"tag-fr","10":"tag-france","11":"tag-news","12":"tag-republique-francaise"},"share_on_mastodon":{"url":"https:\/\/pubeurope.com\/@fr\/115599574697848489","error":""},"_links":{"self":[{"href":"https:\/\/www.europesays.com\/fr\/wp-json\/wp\/v2\/posts\/553558","targetHints":{"allow":["GET"]}}],"collection":[{"href":"https:\/\/www.europesays.com\/fr\/wp-json\/wp\/v2\/posts"}],"about":[{"href":"https:\/\/www.europesays.com\/fr\/wp-json\/wp\/v2\/types\/post"}],"author":[{"embeddable":true,"href":"https:\/\/www.europesays.com\/fr\/wp-json\/wp\/v2\/users\/2"}],"replies":[{"embeddable":true,"href":"https:\/\/www.europesays.com\/fr\/wp-json\/wp\/v2\/comments?post=553558"}],"version-history":[{"count":0,"href":"https:\/\/www.europesays.com\/fr\/wp-json\/wp\/v2\/posts\/553558\/revisions"}],"wp:featuredmedia":[{"embeddable":true,"href":"https:\/\/www.europesays.com\/fr\/wp-json\/wp\/v2\/media\/395849"}],"wp:attachment":[{"href":"https:\/\/www.europesays.com\/fr\/wp-json\/wp\/v2\/media?parent=553558"}],"wp:term":[{"taxonomy":"category","embeddable":true,"href":"https:\/\/www.europesays.com\/fr\/wp-json\/wp\/v2\/categories?post=553558"},{"taxonomy":"post_tag","embeddable":true,"href":"https:\/\/www.europesays.com\/fr\/wp-json\/wp\/v2\/tags?post=553558"}],"curies":[{"name":"wp","href":"https:\/\/api.w.org\/{rel}","templated":true}]}}