{"id":553560,"date":"2025-11-23T14:54:24","date_gmt":"2025-11-23T14:54:24","guid":{"rendered":"https:\/\/www.europesays.com\/fr\/553560\/"},"modified":"2025-11-23T14:54:24","modified_gmt":"2025-11-23T14:54:24","slug":"lasse-favorisee-par-un-gros-scandale-darbitrage","status":"publish","type":"post","link":"https:\/\/www.europesays.com\/fr\/553560\/","title":{"rendered":"L\u2019ASSE favoris\u00e9e par un gros scandale d\u2019arbitrage ?"},"content":{"rendered":"<p><b>Vainqueur de <a href=\"https:\/\/www.foot01.com\/nancy\" title=\"Nancy\" rel=\"nofollow noopener\" target=\"_blank\">Nancy<\/a> samedi soir (2-1), l\u2019ASSE a r\u00e9alis\u00e9 une tr\u00e8s belle op\u00e9ration en remontant \u00e0 la deuxi\u00e8me place du championnat de <a href=\"https:\/\/www.foot01.com\/ligue2\" title=\"Ligue 2\" rel=\"nofollow noopener\" target=\"_blank\">Ligue 2<\/a>. Une d\u00e9faite qui passe mal en revanche du c\u00f4t\u00e9 des Lorrains.<\/b>Plus que jamais en course pour remonter en Ligue 1 la saison prochaine, <a href=\"https:\/\/www.foot01.com\/st-etienne\/asse-horneland-enrage-il-massacre-ses-joueurs\" target=\"_self\" rel=\"nofollow noopener\">l\u2019AS Saint-Etienne<\/a> a d\u00e9croch\u00e9 une victoire pr\u00e9cieuse \u00e0 Geoffroy-Guichard contre Nancy samedi soir (2-1). Un succ\u00e8s crucial qui permet \u00e0 l\u2019\u00e9quipe d\u2019Eirik Horneland de revenir \u00e0 la 2e place du classement. Du c\u00f4t\u00e9 de Nancy, c\u2019est en revanche la soupe \u00e0 la grimace puisque l\u2019\u00e9quipe de Pablo Correa pointe d\u00e9sormais \u00e0 la 15e place et vient surtout de subir son 3e succ\u00e8s de rang, le 4e lors des 5 derniers matchs. L\u2019entra\u00eeneur de Nancy, \u00e9coeur\u00e9 apr\u00e8s la d\u00e9faite de son \u00e9quipe, juge que l\u2019ASSE a en plus b\u00e9n\u00e9fici\u00e9 d\u2019une erreur d\u2019arbitrage puisque selon lui, Irvin Cardona \u00e9tait hors-jeu au moment de la passe de Zuriko Davitashvili sur l\u2019ouverture du score des Verts \u00e0 la demi-heure de jeu.<\/p>\n<p>\u00ab Le premier but est entach\u00e9 d&rsquo;un gros hors-jeu, on l&rsquo;avait vu sur le terrain, pas besoin de la vid\u00e9o. Cela se r\u00e9p\u00e8te assez souvent, l&rsquo;AS Saint-\u00c9tienne n&rsquo;y est pour rien. Finalement, on se rend compte que c&rsquo;est cela qui fait la diff\u00e9rence au score. \u00c0 un moment donn\u00e9, nous \u00e9tions proches du 3-0 mais on s&rsquo;incline finalement par un but de diff\u00e9rence. Tout ne se joue pas sur \u00e7a, mais c&rsquo;est forc\u00e9ment frustrant. Ce c\u00f4t\u00e9-l\u00e0, on ne le ma\u00eetrise pas\u00a0\u00bb regrette l\u2019entra\u00eeneur de l\u2019AS Nancy-Lorraine, convaincu que Cardona \u00e9tait hors-jeu, ce qui semble en effet assez clair sur plusieurs images. Rien ne dit que Nancy aurait obtenu un r\u00e9sultat positif si le but de l\u2019ancien Brestois avait \u00e9t\u00e9 refus\u00e9. Mais il faut bien avouer que l\u2019ASNL n\u2019a pas \u00e9t\u00e9 aid\u00e9 avec cette possible erreur de M. Azzedine Souifi et de ses assistants.\u00a0<\/p>\n","protected":false},"excerpt":{"rendered":"Vainqueur de Nancy samedi soir (2-1), l\u2019ASSE a r\u00e9alis\u00e9 une tr\u00e8s belle op\u00e9ration en remontant \u00e0 la deuxi\u00e8me&hellip;\n","protected":false},"author":2,"featured_media":553561,"comment_status":"","ping_status":"","sticky":false,"template":"","format":"standard","meta":{"footnotes":""},"categories":[9653],"tags":[1111,11,461,2430,1777,674,1011,27,446,1702,12,25,4001],"class_list":{"0":"post-553560","1":"post","2":"type-post","3":"status-publish","4":"format-standard","5":"has-post-thumbnail","7":"category-saint-etienne","8":"tag-actu","9":"tag-actualites","10":"tag-asse","11":"tag-auvergne-rhone-alpes","12":"tag-eu","13":"tag-europe","14":"tag-fr","15":"tag-france","16":"tag-ligue-2","17":"tag-nancy","18":"tag-news","19":"tag-republique-francaise","20":"tag-saint-etienne"},"share_on_mastodon":{"url":"https:\/\/pubeurope.com\/@fr\/115599590407380018","error":""},"_links":{"self":[{"href":"https:\/\/www.europesays.com\/fr\/wp-json\/wp\/v2\/posts\/553560","targetHints":{"allow":["GET"]}}],"collection":[{"href":"https:\/\/www.europesays.com\/fr\/wp-json\/wp\/v2\/posts"}],"about":[{"href":"https:\/\/www.europesays.com\/fr\/wp-json\/wp\/v2\/types\/post"}],"author":[{"embeddable":true,"href":"https:\/\/www.europesays.com\/fr\/wp-json\/wp\/v2\/users\/2"}],"replies":[{"embeddable":true,"href":"https:\/\/www.europesays.com\/fr\/wp-json\/wp\/v2\/comments?post=553560"}],"version-history":[{"count":0,"href":"https:\/\/www.europesays.com\/fr\/wp-json\/wp\/v2\/posts\/553560\/revisions"}],"wp:featuredmedia":[{"embeddable":true,"href":"https:\/\/www.europesays.com\/fr\/wp-json\/wp\/v2\/media\/553561"}],"wp:attachment":[{"href":"https:\/\/www.europesays.com\/fr\/wp-json\/wp\/v2\/media?parent=553560"}],"wp:term":[{"taxonomy":"category","embeddable":true,"href":"https:\/\/www.europesays.com\/fr\/wp-json\/wp\/v2\/categories?post=553560"},{"taxonomy":"post_tag","embeddable":true,"href":"https:\/\/www.europesays.com\/fr\/wp-json\/wp\/v2\/tags?post=553560"}],"curies":[{"name":"wp","href":"https:\/\/api.w.org\/{rel}","templated":true}]}}