{"id":553562,"date":"2025-11-23T14:55:15","date_gmt":"2025-11-23T14:55:15","guid":{"rendered":"https:\/\/www.europesays.com\/fr\/553562\/"},"modified":"2025-11-23T14:55:15","modified_gmt":"2025-11-23T14:55:15","slug":"maxeville-une-delegation-allemande-en-visite-pour-la-saint-martin","status":"publish","type":"post","link":"https:\/\/www.europesays.com\/fr\/553562\/","title":{"rendered":"Max\u00e9ville. Une d\u00e9l\u00e9gation allemande en visite pour la Saint-Martin"},"content":{"rendered":"<p>La Saint-Martin est tr\u00e8s f\u00eat\u00e9e en Allemagne, tout comme \u00e0 Max\u00e9ville. Dans le cadre du jumelage avec la ville de Ramtein-Misenbach, c\u2019est tout naturellement qu\u2019enfants et parents de la ville amie sont venus partager un moment festif autour du d\u00e9fil\u00e9 de lanternes. Un bus complet a fait le d\u00e9placement, et les enfants des deux villes ont pu \u00e9changer symboliquement leurs lanternes.<\/p>\n","protected":false},"excerpt":{"rendered":"La Saint-Martin est tr\u00e8s f\u00eat\u00e9e en Allemagne, tout comme \u00e0 Max\u00e9ville. Dans le cadre du jumelage avec la&hellip;\n","protected":false},"author":2,"featured_media":553563,"comment_status":"","ping_status":"","sticky":false,"template":"","format":"standard","meta":{"footnotes":""},"categories":[9635],"tags":[1111,11,1687,1704,1777,674,1011,27,775,10061,10262,1702,12,25],"class_list":{"0":"post-553562","1":"post","2":"type-post","3":"status-publish","4":"format-standard","5":"has-post-thumbnail","7":"category-nancy","8":"tag-actu","9":"tag-actualites","10":"tag-culture-loisirs","11":"tag-edition-nancy-et-agglomeration","12":"tag-eu","13":"tag-europe","14":"tag-fr","15":"tag-france","16":"tag-grand-est","17":"tag-maxeville","18":"tag-metropole-du-grand-nancy-54b5","19":"tag-nancy","20":"tag-news","21":"tag-republique-francaise"},"share_on_mastodon":{"url":"https:\/\/pubeurope.com\/@fr\/115599594299292289","error":""},"_links":{"self":[{"href":"https:\/\/www.europesays.com\/fr\/wp-json\/wp\/v2\/posts\/553562","targetHints":{"allow":["GET"]}}],"collection":[{"href":"https:\/\/www.europesays.com\/fr\/wp-json\/wp\/v2\/posts"}],"about":[{"href":"https:\/\/www.europesays.com\/fr\/wp-json\/wp\/v2\/types\/post"}],"author":[{"embeddable":true,"href":"https:\/\/www.europesays.com\/fr\/wp-json\/wp\/v2\/users\/2"}],"replies":[{"embeddable":true,"href":"https:\/\/www.europesays.com\/fr\/wp-json\/wp\/v2\/comments?post=553562"}],"version-history":[{"count":0,"href":"https:\/\/www.europesays.com\/fr\/wp-json\/wp\/v2\/posts\/553562\/revisions"}],"wp:featuredmedia":[{"embeddable":true,"href":"https:\/\/www.europesays.com\/fr\/wp-json\/wp\/v2\/media\/553563"}],"wp:attachment":[{"href":"https:\/\/www.europesays.com\/fr\/wp-json\/wp\/v2\/media?parent=553562"}],"wp:term":[{"taxonomy":"category","embeddable":true,"href":"https:\/\/www.europesays.com\/fr\/wp-json\/wp\/v2\/categories?post=553562"},{"taxonomy":"post_tag","embeddable":true,"href":"https:\/\/www.europesays.com\/fr\/wp-json\/wp\/v2\/tags?post=553562"}],"curies":[{"name":"wp","href":"https:\/\/api.w.org\/{rel}","templated":true}]}}