{"id":553601,"date":"2025-11-23T15:23:24","date_gmt":"2025-11-23T15:23:24","guid":{"rendered":"https:\/\/www.europesays.com\/fr\/553601\/"},"modified":"2025-11-23T15:23:24","modified_gmt":"2025-11-23T15:23:24","slug":"appel-au-soutien-benevole-des-jeunes-de-lase","status":"publish","type":"post","link":"https:\/\/www.europesays.com\/fr\/553601\/","title":{"rendered":"Appel au soutien b\u00e9n\u00e9vole des jeunes de l\u2019ASE"},"content":{"rendered":"\n<p>Confi\u00e9s \u00e0 l\u2019Aide sociale, \u00e0 leur sortie du dispositif lors de leur majorit\u00e9, les enfants ont 70% de chances de quitter l\u2019\u00e9cole sans dipl\u00f4me, 45% de chances d\u2019\u00eatre au ch\u00f4mage et 40% d\u2019\u00eatre SDF. Pour que ces statistiques ne deviennent pas une fatalit\u00e9, Les Ombres se positionnent en soutien des 25\u00a0000\u00a0\u00e9ducateurs, qui ne comptent pas leurs heures en raison de sous-effectifs.<\/p>\n<p>\u00ab\u00a0Nous menons un accompagnement acad\u00e9mique et professionnel aupr\u00e8s de ces jeunes, nous mettons des mentors b\u00e9n\u00e9voles et form\u00e9s en contact avec des jeunes, afin de les accompagner dans leur recherche de formation ou d\u2019emploi, la r\u00e9alisation de CV, l\u2019inscription sur Parcoursup&#8230;\u00a0\u00bb, explique Ana Baldy responsable de la communication. Malheureusement, les besoins augmentent et les b\u00e9n\u00e9voles manquent, notamment \u00e0 Marseille.<\/p>\n<p>De belles r\u00e9ussites sont \u00e0 la cl\u00e9. Sidik\u00e9, 18\u00a0ans, avait d\u2019\u00e9normes lacunes en math\u00e9matiques. \u00c0 raison de deux heures de soutien par semaine, \u00ab\u00a0il a fait d\u2019\u00e9normes progr\u00e8s en quelques mois\u00a0\u00bb, t\u00e9moigne Yousra, ing\u00e9nieur en informatique, qui a rejoint l\u2019association en juillet dernier et a trouv\u00e9 dans cet accompagnement \u00ab\u00a0un plaisir intense\u00a0\u00bb. Il a int\u00e9gr\u00e9 une formation en alternance en m\u00e9canique automobile et se r\u00e9v\u00e8le \u00ab\u00a0tr\u00e8s motiv\u00e9 et r\u00e9ceptif\u00a0\u00bb aux enseignements, atteste cette b\u00e9n\u00e9vole marseillaise qui ne peut \u00ab\u00a0qu\u2019encourager\u00a0\u00bb d\u2019autres belles volont\u00e9s \u00e0 se manifester.<\/p>\n<p>Contact\u00a0: les-ombres.com<\/p>\n","protected":false},"excerpt":{"rendered":"Confi\u00e9s \u00e0 l\u2019Aide sociale, \u00e0 leur sortie du dispositif lors de leur majorit\u00e9, les enfants ont 70% de&hellip;\n","protected":false},"author":2,"featured_media":553602,"comment_status":"","ping_status":"","sticky":false,"template":"","format":"standard","meta":{"footnotes":""},"categories":[2814],"tags":[1111,11,21686,1777,674,1011,27,884,12,882,25],"class_list":{"0":"post-553601","1":"post","2":"type-post","3":"status-publish","4":"format-standard","5":"has-post-thumbnail","7":"category-marseille","8":"tag-actu","9":"tag-actualites","10":"tag-aide-sociale-a-lenfance","11":"tag-eu","12":"tag-europe","13":"tag-fr","14":"tag-france","15":"tag-marseille","16":"tag-news","17":"tag-provence-alpes-cote-dazur","18":"tag-republique-francaise"},"share_on_mastodon":{"url":"https:\/\/pubeurope.com\/@fr\/115599704383482893","error":""},"_links":{"self":[{"href":"https:\/\/www.europesays.com\/fr\/wp-json\/wp\/v2\/posts\/553601","targetHints":{"allow":["GET"]}}],"collection":[{"href":"https:\/\/www.europesays.com\/fr\/wp-json\/wp\/v2\/posts"}],"about":[{"href":"https:\/\/www.europesays.com\/fr\/wp-json\/wp\/v2\/types\/post"}],"author":[{"embeddable":true,"href":"https:\/\/www.europesays.com\/fr\/wp-json\/wp\/v2\/users\/2"}],"replies":[{"embeddable":true,"href":"https:\/\/www.europesays.com\/fr\/wp-json\/wp\/v2\/comments?post=553601"}],"version-history":[{"count":0,"href":"https:\/\/www.europesays.com\/fr\/wp-json\/wp\/v2\/posts\/553601\/revisions"}],"wp:featuredmedia":[{"embeddable":true,"href":"https:\/\/www.europesays.com\/fr\/wp-json\/wp\/v2\/media\/553602"}],"wp:attachment":[{"href":"https:\/\/www.europesays.com\/fr\/wp-json\/wp\/v2\/media?parent=553601"}],"wp:term":[{"taxonomy":"category","embeddable":true,"href":"https:\/\/www.europesays.com\/fr\/wp-json\/wp\/v2\/categories?post=553601"},{"taxonomy":"post_tag","embeddable":true,"href":"https:\/\/www.europesays.com\/fr\/wp-json\/wp\/v2\/tags?post=553601"}],"curies":[{"name":"wp","href":"https:\/\/api.w.org\/{rel}","templated":true}]}}