{"id":553605,"date":"2025-11-23T15:25:13","date_gmt":"2025-11-23T15:25:13","guid":{"rendered":"https:\/\/www.europesays.com\/fr\/553605\/"},"modified":"2025-11-23T15:25:13","modified_gmt":"2025-11-23T15:25:13","slug":"les-mineurs-isoles-des-chartreux-se-refugient-a-leglise-saint-polycarpe","status":"publish","type":"post","link":"https:\/\/www.europesays.com\/fr\/553605\/","title":{"rendered":"les mineurs isol\u00e9s des Chartreux se r\u00e9fugient \u00e0 l\u2019\u00e9glise Saint-Polycarpe"},"content":{"rendered":"<p itemprop=\"description\"><strong><br \/>&#13;<br \/>\nFace au froid hivernal et \u00e0 l\u2019absence de solution institutionnelle, les mineurs en recours du jardin des Chartreux ont trouv\u00e9 refuge dans une \u00e9glise.<br \/>&#13;<br \/>\n<\/strong><\/p>\n<p>Le Collectif soutiens\/migrants Croix-Rousse avait d\u00e9j\u00e0 alert\u00e9 \u00e0 plusieurs reprises sur la situation des jeunes install\u00e9s depuis des mois dans le campement du jardin des Chartreux, au c\u0153ur du 1er arrondissement de Lyon. Ce dimanche 23 novembre, le groupe associatif signale une nouvelle \u00e9tape dans leur d\u00e9tresse : les mineurs \u00ab\u00a0ont trouv\u00e9 refuge \u00e0 l\u2019\u00e9glise Saint Polycarpe.\u00a0\u00bb<\/p>\n<p>Le collectif rappelle que \u00ab\u00a0depuis des mois, nous alertons sur la d\u00e9tresse de nos situations, sous les tentes au campement des Chartreux : nous faisons face chaque jour aux violences et aux dangers de la survie \u00e0 la rue.\u00a0\u00bb D\u00e9j\u00e0 \u00e0 l\u2019automne, les b\u00e9n\u00e9voles avaient d\u00e9nonc\u00e9 la suppression annonc\u00e9e des douches, \u00e9voquant une \u00ab\u00a0intol\u00e9rable violence\u00a0\u00bb pour ces jeunes en recours, souvent en attente d\u2019une audience devant la justice des enfants pour faire reconna\u00eetre leur minorit\u00e9.<\/p>\n<p>\u00ab\u00a0Les institutions nous ignorent\u00a0\u00bb<\/p>\n<p>Le froid hivernal a pr\u00e9cipit\u00e9 la situation. \u00ab\u00a0Depuis des semaines, nous alertons sur l&rsquo;hiver et le froid qui arrivent. Aujourd&rsquo;hui, le froid est l\u00e0, mais les institutions nous ignorent ou nous r\u00e9pondent qu&rsquo;elles n&rsquo;ont pas de solution de mise \u00e0 l&rsquo;abri\u00a0\u00bb, \u00e9crivent les membres du collectif. Selon les leurs pr\u00e9c\u00e9dents chiffres, entre 250 et 300 jeunes survivaient depuis janvier 2025 dans ce campement improvis\u00e9.<\/p>\n<p>Cette fois, les jeunes ont quitt\u00e9 leurs tentes : \u00ab\u00a0Aujourd&rsquo;hui, \u00e9puis\u00e9s, frigorifi\u00e9s, nous venons chercher refuge \u00e0 Saint Polycarpe et demander de l&rsquo;aide aupr\u00e8s de l\u2019\u00c9glise.\u00a0\u00bb Le Collectif soutiens\/migrants exhorte une nouvelle fois les institutions locales \u00e0 agir : \u00ab\u00a0Il y a des solutions ! Agissez pour que personne ne reste \u00e0 la rue. R\u00e9quisitionnez, mettez \u00e0 disposition les milliers de logements vacants !\u00a0\u00bb<\/p>\n<p>Le collectif appelle d\u00e9sormais au soutien des habitants. \u00ab\u00a0RDV d\u00e8s \u00e0 pr\u00e9sent \u00e0 l\u2019\u00e9glise Saint Polycarpe, 25 rue Ren\u00e9 Leynaud, pour soutenir les jeunes et demander leur mise \u00e0 l\u2019abri d\u2019urgence\u00a0\u00bb, concluent les b\u00e9n\u00e9voles.<\/p>\n","protected":false},"excerpt":{"rendered":"&#13; Face au froid hivernal et \u00e0 l\u2019absence de solution institutionnelle, les mineurs en recours du jardin des&hellip;\n","protected":false},"author":2,"featured_media":553606,"comment_status":"","ping_status":"","sticky":false,"template":"","format":"standard","meta":{"footnotes":""},"categories":[1889],"tags":[1111,11,2813,2190,2430,1109,251,1112,2811,1777,674,118,1011,27,1922,1110,1114,2428,2810,12,241,316,25,2812,517,800],"class_list":{"0":"post-553605","1":"post","2":"type-post","3":"status-publish","4":"format-standard","5":"has-post-thumbnail","7":"category-lyon","8":"tag-actu","9":"tag-actualites","10":"tag-article","11":"tag-asvel","12":"tag-auvergne-rhone-alpes","13":"tag-breves","14":"tag-culture","15":"tag-depeches","16":"tag-economique","17":"tag-eu","18":"tag-europe","19":"tag-faits-divers","20":"tag-fr","21":"tag-france","22":"tag-info","23":"tag-informations","24":"tag-infos","25":"tag-lyon","26":"tag-lyonmag","27":"tag-news","28":"tag-ol","29":"tag-politique","30":"tag-republique-francaise","31":"tag-sociale","32":"tag-sport","33":"tag-transports"},"share_on_mastodon":{"url":"https:\/\/pubeurope.com\/@fr\/115599712361594191","error":""},"_links":{"self":[{"href":"https:\/\/www.europesays.com\/fr\/wp-json\/wp\/v2\/posts\/553605","targetHints":{"allow":["GET"]}}],"collection":[{"href":"https:\/\/www.europesays.com\/fr\/wp-json\/wp\/v2\/posts"}],"about":[{"href":"https:\/\/www.europesays.com\/fr\/wp-json\/wp\/v2\/types\/post"}],"author":[{"embeddable":true,"href":"https:\/\/www.europesays.com\/fr\/wp-json\/wp\/v2\/users\/2"}],"replies":[{"embeddable":true,"href":"https:\/\/www.europesays.com\/fr\/wp-json\/wp\/v2\/comments?post=553605"}],"version-history":[{"count":0,"href":"https:\/\/www.europesays.com\/fr\/wp-json\/wp\/v2\/posts\/553605\/revisions"}],"wp:featuredmedia":[{"embeddable":true,"href":"https:\/\/www.europesays.com\/fr\/wp-json\/wp\/v2\/media\/553606"}],"wp:attachment":[{"href":"https:\/\/www.europesays.com\/fr\/wp-json\/wp\/v2\/media?parent=553605"}],"wp:term":[{"taxonomy":"category","embeddable":true,"href":"https:\/\/www.europesays.com\/fr\/wp-json\/wp\/v2\/categories?post=553605"},{"taxonomy":"post_tag","embeddable":true,"href":"https:\/\/www.europesays.com\/fr\/wp-json\/wp\/v2\/tags?post=553605"}],"curies":[{"name":"wp","href":"https:\/\/api.w.org\/{rel}","templated":true}]}}