{"id":553615,"date":"2025-11-23T15:32:16","date_gmt":"2025-11-23T15:32:16","guid":{"rendered":"https:\/\/www.europesays.com\/fr\/553615\/"},"modified":"2025-11-23T15:32:16","modified_gmt":"2025-11-23T15:32:16","slug":"quinte-du-lundi-23-novembre-2025-a-vincennes-les-pronostics","status":"publish","type":"post","link":"https:\/\/www.europesays.com\/fr\/553615\/","title":{"rendered":"Quint\u00e9 du lundi 23 novembre 2025 \u00e0 Vincennes : les pronostics"},"content":{"rendered":"<p class=\"article-p mdl\">Retrouvez les pronostics de Dominique Cordier pour le Quint\u00e9 du lundi 23 novembre 2025 \u00e0 Vincennes, le Prix de Brassac-les-Mines. <strong>D\u00e9part \u00e0 13h55. 16 partantes. <\/strong>Trot attel\u00e9. 2.700 m\u00e8tres. Grande piste. Juments de 6 \u00e0 8 ans.&#13;<\/p>\n<p class=\"article-p mdl\">D\u00e9pendant d\u2019un tandem en forme, celui form\u00e9 par l\u2019entra\u00eeneur Yves Dreux et son gendre Eric Raffin, le <strong>15 Jaflosa Girl <\/strong>ne devrait pas manquer cet engagement en or.&#13;<\/p>\n<p class=\"article-p mdl\">On peut lui opposer le <strong>4 Jamaica Brown<\/strong>, qui n\u2019a plus \u00e9t\u00e9 d\u00e9ferr\u00e9 totalement depuis l\u2019an dernier, le <strong>16 Julia Bella<\/strong>, dont la musique est pour ainsi dire symphonique, ou encore le<strong> 14 Jocelyne<\/strong>, qui vient de gagner sur ce parcours.&#13;<\/p>\n<p class=\"article-p mdl\">L\u2019outsider de RTL, le <strong>9 Jolie Indienne<\/strong>, avait brill\u00e9 sur ce parcours il y a juste un an \u00e0 la surprise g\u00e9n\u00e9rale (60\/1). En forme, elle est \u00e9videmment comp\u00e9titive dans cette joute.<\/p>\n<p>            Les pronostics<\/p>\n<p class=\"article-p mdl\">15. Jaflosa Girl&#13;<br \/>4. Jamaica Brown&#13;<br \/>16. Julia Bella&#13;<br \/>14. Jocelyne&#13;<br \/>9. Jolie Indienne&#13;<br \/>11. Joy Jenilou&#13;<br \/>2. In Race Lorraine<\/p>\n<p>            L&rsquo;outsider de RTL<\/p>\n<p class=\"article-p mdl\">9. Jolie Indienne<\/p>\n<p>            R\u00e9sultats du samedi 22 novembre 2025 \u00e0 Vincennes<\/p>\n<p class=\"article-p mdl\">Le favori de RTL termine 3e, l\u2019outsider de RTL 9e.<\/p>\n<p>    La r\u00e9daction vous recommande<\/p>\n<p class=\"s-newsletter__title\">\n                L\u2019actualit\u00e9 par la r\u00e9daction de RTL dans votre bo\u00eete mail.\n            <\/p>\n<p class=\"s-newsletter__subtitle\">\n                Gr\u00e2ce \u00e0 votre compte RTL abonnez-vous \u00e0 la newsletter RTL info pour suivre toute l&rsquo;actualit\u00e9 au quotidien\n            <\/p>\n<p>\n                                    Lire la suite\n                                <\/p>\n","protected":false},"excerpt":{"rendered":"Retrouvez les pronostics de Dominique Cordier pour le Quint\u00e9 du lundi 23 novembre 2025 \u00e0 Vincennes, le Prix&hellip;\n","protected":false},"author":2,"featured_media":3836,"comment_status":"","ping_status":"","sticky":false,"template":"","format":"standard","meta":{"footnotes":""},"categories":[1888],"tags":[11,2621,2622,1777,674,107,2619,1011,27,12,626,2623,362,25],"class_list":{"0":"post-553615","1":"post","2":"type-post","3":"status-publish","4":"format-standard","5":"has-post-thumbnail","7":"category-paris","8":"tag-actualites","9":"tag-chevaux","10":"tag-courses","11":"tag-eu","12":"tag-europe","13":"tag-fil-info","14":"tag-fil-sport","15":"tag-fr","16":"tag-france","17":"tag-news","18":"tag-paris","19":"tag-quinte","20":"tag-replay","21":"tag-republique-francaise"},"share_on_mastodon":{"url":"https:\/\/pubeurope.com\/@fr\/115599739807625789","error":""},"_links":{"self":[{"href":"https:\/\/www.europesays.com\/fr\/wp-json\/wp\/v2\/posts\/553615","targetHints":{"allow":["GET"]}}],"collection":[{"href":"https:\/\/www.europesays.com\/fr\/wp-json\/wp\/v2\/posts"}],"about":[{"href":"https:\/\/www.europesays.com\/fr\/wp-json\/wp\/v2\/types\/post"}],"author":[{"embeddable":true,"href":"https:\/\/www.europesays.com\/fr\/wp-json\/wp\/v2\/users\/2"}],"replies":[{"embeddable":true,"href":"https:\/\/www.europesays.com\/fr\/wp-json\/wp\/v2\/comments?post=553615"}],"version-history":[{"count":0,"href":"https:\/\/www.europesays.com\/fr\/wp-json\/wp\/v2\/posts\/553615\/revisions"}],"wp:featuredmedia":[{"embeddable":true,"href":"https:\/\/www.europesays.com\/fr\/wp-json\/wp\/v2\/media\/3836"}],"wp:attachment":[{"href":"https:\/\/www.europesays.com\/fr\/wp-json\/wp\/v2\/media?parent=553615"}],"wp:term":[{"taxonomy":"category","embeddable":true,"href":"https:\/\/www.europesays.com\/fr\/wp-json\/wp\/v2\/categories?post=553615"},{"taxonomy":"post_tag","embeddable":true,"href":"https:\/\/www.europesays.com\/fr\/wp-json\/wp\/v2\/tags?post=553615"}],"curies":[{"name":"wp","href":"https:\/\/api.w.org\/{rel}","templated":true}]}}