{"id":553618,"date":"2025-11-23T15:34:18","date_gmt":"2025-11-23T15:34:18","guid":{"rendered":"https:\/\/www.europesays.com\/fr\/553618\/"},"modified":"2025-11-23T15:34:18","modified_gmt":"2025-11-23T15:34:18","slug":"en-russie-tout-etranger-doit-desormais-servir-dans-larmee-pour-obtenir-un-permis-de-sejour-lexpress","status":"publish","type":"post","link":"https:\/\/www.europesays.com\/fr\/553618\/","title":{"rendered":"En Russie, tout \u00e9tranger doit d\u00e9sormais servir dans l\u2019arm\u00e9e pour obtenir un permis de s\u00e9jour \u2013 L&rsquo;Express"},"content":{"rendered":"<p class=\"paragraph article-body-paragraph article__item   article-body-paragraph--first \">C\u2019est d\u00e9sormais officiel. Ecrit noir sur blanc. Depuis la signature de l\u2019oukase n\u00b0 821 par le chef d\u2019Etat russe,<a href=\"https:\/\/www.lexpress.fr\/monde\/europe\/face-a-vladimir-poutine-et-xi-jinping-leurope-est-en-guerre-et-elle-ne-le-sait-pas-272Y5CLQQ5GYLAX3VG55GBKTKA\/\" target=\"_self\" rel=\"nofollow noopener\" title=\"https:\/\/www.lexpress.fr\/monde\/europe\/face-a-vladimir-poutine-et-xi-jinping-leurope-est-en-guerre-et-elle-ne-le-sait-pas-272Y5CLQQ5GYLAX3VG55GBKTKA\/\"> Vladimir Poutine<\/a>, le 5 novembre 2025, la r\u00e8gle est la suivante : tout homme \u00e9tranger \u00e2g\u00e9 de 18 \u00e0 65 ans devra s\u2019engager dans l\u2019arm\u00e9e pour esp\u00e9rer obtenir un permis de s\u00e9jour ou une naturalisation en Russie. Un contrat d\u2019un an est th\u00e9oriquement requis. Dans la pratique, il lie le soldat jusqu\u2019\u00e0 la fin de l'\u00a0\u00bbop\u00e9ration militaire sp\u00e9ciale\u00a0\u00bb en <a href=\"https:\/\/www.lexpress.fr\/monde\/europe\/plan-pour-lukraine-donald-trump-se-dit-ouvert-a-la-negociation-avant-des-pourparlers-a-geneve-KZG45TFY4JAJLOREIBXVLTZ6IU\/\" target=\"_self\" rel=\"nofollow noopener\" title=\"https:\/\/www.lexpress.fr\/monde\/europe\/plan-pour-lukraine-donald-trump-se-dit-ouvert-a-la-negociation-avant-des-pourparlers-a-geneve-KZG45TFY4JAJLOREIBXVLTZ6IU\/\">Ukraine<\/a> &#8211; une dur\u00e9e donc ind\u00e9finie.<\/p>\n<p class=\"paragraph article-body-paragraph article__item   \">Si elle semble d\u00e9sormais grav\u00e9e dans la juridiction russe, cette strat\u00e9gie n\u2019est pas nouvelle. Depuis les premiers mois de la guerre, des t\u00e9moignages ont \u00e9voqu\u00e9 des pressions exerc\u00e9es sur des migrants originaires du<a href=\"https:\/\/www.lexpress.fr\/monde\/au-caucase-ou-aux-etats-unis-la-democratie-menacee-dans-les-deux-georgie-6OGXEKHNVRABXDRD5S6DKQXVWU\/\" target=\"_self\" rel=\"nofollow noopener\" title=\"https:\/\/www.lexpress.fr\/monde\/au-caucase-ou-aux-etats-unis-la-democratie-menacee-dans-les-deux-georgie-6OGXEKHNVRABXDRD5S6DKQXVWU\/\"> Caucase<\/a> ou d\u2019Asie centrale. Certains travaillaient dans la restauration ou comme chauffeurs de taxi, rapporte <a href=\"https:\/\/www.lemonde.fr\/international\/article\/2025\/11\/20\/en-russie-plus-de-permis-de-sejour-sans-contrat-avec-l-armee_6654183_3210.html\" target=\"_self\" rel=\"nofollow noopener\" title=\"https:\/\/www.lemonde.fr\/international\/article\/2025\/11\/20\/en-russie-plus-de-permis-de-sejour-sans-contrat-avec-l-armee_6654183_3210.html\">Le Monde<\/a>. Alors que leur statut pr\u00e9caire &#8211; absence de papiers d\u2019identit\u00e9 \u00e0 jour, renouvellement difficile de titre de s\u00e9jour &#8211; les rendait vuln\u00e9rables sur le sol russe, des centaines auraient \u00e9t\u00e9 menac\u00e9s d\u2019expulsions s\u2019ils refusaient de signer un engagement militaire. Dans certains cas, des personnes migrantes sans papiers auraient \u00e9t\u00e9 plac\u00e9es dans des centres de r\u00e9tention et somm\u00e9s de \u00ab\u00a0choisir\u00a0\u00bb.<\/p>\n<p><strong class=\"article-body-link-list__item text-gray-800 article-body-link-list__item--one-item\">LIRE AUSSI : <a class=\"article-body-link-list__item-link\" href=\"https:\/\/www.lexpress.fr\/monde\/europe\/face-a-vladimir-poutine-et-xi-jinping-leurope-est-en-guerre-et-elle-ne-le-sait-pas-272Y5CLQQ5GYLAX3VG55GBKTKA\/\" rel=\"nofollow noopener\" target=\"_blank\">Face \u00e0 Vladimir Poutine et Xi Jinping, l\u2019Europe est en guerre&#8230; et elle ne le sait pas<\/a><\/strong><\/p>\n<p class=\"paragraph article-body-paragraph article__item   \">Avec l\u2019oukase 821, le syst\u00e8me officieux est ent\u00e9rin\u00e9 et le champ de personnes concern\u00e9es \u00e9largi. En effet, tout homme vivant d\u00e9j\u00e0 en Russie et souhaitant s\u2019y \u00e9tablir durablement est d\u00e9sormais vis\u00e9. Concr\u00e8tement, si le candidat veut obtenir un permis de s\u00e9jour ou d\u00e9poser une demande de naturalisation, il devra pr\u00e9senter l\u2019un des trois documents suivants : un contrat d\u2019au moins un an avec les forces arm\u00e9es russes, un certificat de d\u00e9mobilisation ou un certificat m\u00e9dical d\u2019inaptitude au service militaire. Un exemple concret ? Un Fran\u00e7ais mari\u00e9 \u00e0 une Russe ne pourra plus obtenir de permis de s\u00e9jour permanent sans signer un contrat avec l\u2019arm\u00e9e.<\/p>\n<p>Une strat\u00e9gie militaire<\/p>\n<p class=\"paragraph article-body-paragraph article__item   \">Face cam\u00e9ra et sur les m\u00e9dias d\u2019Etat, le chef du Kremlin parle d\u2019une proc\u00e9dure administrative nouvelle li\u00e9e \u00e0 l\u2019\u00e9tat de guerre, sans dire clairement qu\u2019il s\u2019agit de compenser la p\u00e9nurie de combattants sur le terrain. En f\u00e9vrier 2025, The Center for Strategic and International Studies, think tank am\u00e9ricain, estimait le nombre de victimes, depuis le 24 f\u00e9vrier 2022, \u00e0 1 million c\u00f4t\u00e9 russe (dont 250 000 morts), rappelait le <a href=\"https:\/\/www.nytimes.com\/2025\/06\/03\/us\/politics\/russia-ukraine-troop-casualties.html\" target=\"_self\" rel=\"nofollow noopener\" title=\"https:\/\/www.nytimes.com\/2025\/06\/03\/us\/politics\/russia-ukraine-troop-casualties.html\">New York Times.<\/a><\/p>\n<p class=\"paragraph article-body-paragraph article__item   \">Si aucune donn\u00e9e officielle n\u2019a \u00e9t\u00e9 publi\u00e9e sur le <a href=\"https:\/\/www.lexpress.fr\/idees-et-debats\/andrei-soldatov-les-services-russes-preparent-deja-la-suite-de-la-guerre-contre-loccident-C5XCODXU7BC7VDB4JFLKLFYJE4\/\" target=\"_self\" rel=\"nofollow noopener\" title=\"https:\/\/www.lexpress.fr\/idees-et-debats\/andrei-soldatov-les-services-russes-preparent-deja-la-suite-de-la-guerre-contre-loccident-C5XCODXU7BC7VDB4JFLKLFYJE4\/\">nombre d\u2019\u00e9trangers d\u00e9j\u00e0 recrut\u00e9s<\/a> de cette fa\u00e7on, les estimations varient entre 17 000 et 20 000 hommes toutes nationalit\u00e9s confondues. Un chiffre qui pourrait gonfler \u00e0 plusieurs centaines de milliers si l\u2019on inclut les citoyens venant des pays de l\u2019ex-URSS, comme le rappellent toujours nos confr\u00e8res du Monde. Par ailleurs, la nouvelle l\u00e9gislation ne dit pas tout : le contrat d\u2019un an n\u2019implique pas de retour possible sur simple demande \u00e0 l\u2019issue du d\u00e9lai. Une fois int\u00e9gr\u00e9, le soldat reste au front tant que dure l\u2019intervention militaire en Ukraine.<\/p>\n<p><strong class=\"article-body-link-list__item text-gray-800 article-body-link-list__item--one-item\">LIRE AUSSI : <a class=\"article-body-link-list__item-link\" href=\"https:\/\/www.lexpress.fr\/monde\/europe\/corruption-en-ukraine-le-scandale-midas-se-rapproche-de-zelensky-A2ZMMTN62JG4FJ6SO26GTUW6JE\/\" rel=\"nofollow noopener\" target=\"_blank\">Corruption en Ukraine : le scandale Midas se rapproche de Zelensky<\/a><\/strong><\/p>\n<p class=\"paragraph article-body-paragraph article__item   \">L\u2019ann\u00e9e derni\u00e8re, un oukase pr\u00e9c\u00e9dent avait d\u00e9j\u00e0 tent\u00e9 d\u2019attirer des recrues : tout homme acceptant de servir dans l\u2019arm\u00e9e se voyait promettre la nationalit\u00e9 russe. Certains y ont cru, pensant y voir un moyen de contourner la lourdeur administrative. D\u00e9sormais, ce n\u2019est plus une option, mais bel et bien une condition.<\/p>\n<p class=\"paragraph article-body-paragraph article__item    article__text__endpicto\">Par ailleurs, cette strat\u00e9gie ne r\u00e9pond pas seulement aux besoins de l\u2019arm\u00e9e. Elle s\u2019inscrit aussi dans une politique migratoire de plus en plus rigide. Ainsi en 2024, plus de 80 000 personnes migrantes ont \u00e9t\u00e9 expuls\u00e9es de Russie pour violation des r\u00e8gles d\u2019entr\u00e9e et de s\u00e9jour des \u00e9trangers, rapportait <a href=\"https:\/\/tass.ru\/obschestvo\/22835373\" rel=\"nofollow noopener\" target=\"_blank\">au d\u00e9but de l\u2019ann\u00e9e le site de l\u2019agence Tass<\/a>, s\u2019appuyant sur des sources internes au Service f\u00e9d\u00e9ral des huissiers de justice. Une proportion qui a quasiment doubl\u00e9 par rapport \u00e0 l\u2019ann\u00e9e 2023. Dans un tel climat, le contrat militaire fonctionne comme une solution impos\u00e9e : partir au front ou quitter le pays.<\/p>\n","protected":false},"excerpt":{"rendered":"C\u2019est d\u00e9sormais officiel. Ecrit noir sur blanc. Depuis la signature de l\u2019oukase n\u00b0 821 par le chef d\u2019Etat&hellip;\n","protected":false},"author":2,"featured_media":553619,"comment_status":"","ping_status":"","sticky":false,"template":"","format":"standard","meta":{"footnotes":""},"categories":[1591],"tags":[11,1887,12,1885,1886,132],"class_list":{"0":"post-553618","1":"post","2":"type-post","3":"status-publish","4":"format-standard","5":"has-post-thumbnail","7":"category-russie","8":"tag-actualites","9":"tag-federation-de-russie","10":"tag-news","11":"tag-russia","12":"tag-russian-federation","13":"tag-russie"},"share_on_mastodon":{"url":"https:\/\/pubeurope.com\/@fr\/115599747658463107","error":""},"_links":{"self":[{"href":"https:\/\/www.europesays.com\/fr\/wp-json\/wp\/v2\/posts\/553618","targetHints":{"allow":["GET"]}}],"collection":[{"href":"https:\/\/www.europesays.com\/fr\/wp-json\/wp\/v2\/posts"}],"about":[{"href":"https:\/\/www.europesays.com\/fr\/wp-json\/wp\/v2\/types\/post"}],"author":[{"embeddable":true,"href":"https:\/\/www.europesays.com\/fr\/wp-json\/wp\/v2\/users\/2"}],"replies":[{"embeddable":true,"href":"https:\/\/www.europesays.com\/fr\/wp-json\/wp\/v2\/comments?post=553618"}],"version-history":[{"count":0,"href":"https:\/\/www.europesays.com\/fr\/wp-json\/wp\/v2\/posts\/553618\/revisions"}],"wp:featuredmedia":[{"embeddable":true,"href":"https:\/\/www.europesays.com\/fr\/wp-json\/wp\/v2\/media\/553619"}],"wp:attachment":[{"href":"https:\/\/www.europesays.com\/fr\/wp-json\/wp\/v2\/media?parent=553618"}],"wp:term":[{"taxonomy":"category","embeddable":true,"href":"https:\/\/www.europesays.com\/fr\/wp-json\/wp\/v2\/categories?post=553618"},{"taxonomy":"post_tag","embeddable":true,"href":"https:\/\/www.europesays.com\/fr\/wp-json\/wp\/v2\/tags?post=553618"}],"curies":[{"name":"wp","href":"https:\/\/api.w.org\/{rel}","templated":true}]}}