{"id":553622,"date":"2025-11-23T15:36:14","date_gmt":"2025-11-23T15:36:14","guid":{"rendered":"https:\/\/www.europesays.com\/fr\/553622\/"},"modified":"2025-11-23T15:36:14","modified_gmt":"2025-11-23T15:36:14","slug":"les-sanctions-des-etats-unis-aggravent-les-difficultes-de-la-population-cubaine-selon-un-rapport-de-lonu","status":"publish","type":"post","link":"https:\/\/www.europesays.com\/fr\/553622\/","title":{"rendered":"\u00ab\u00a0Les sanctions des \u00c9tats-Unis aggravent les difficult\u00e9s de la population cubaine\u00a0\u00bb, selon un rapport de l\u2019ONU"},"content":{"rendered":"<p>Apr\u00e8s s\u2019\u00eatre\u00a0<a href=\"https:\/\/www.humanite.fr\/monde\/amerique-latine\/vijay-prashad-la-resistance-de-cuba-heurte-le-sentiment-de-main-mise-des-etats-unis-sur-lamerique-latine\" target=\"_blank\" rel=\"noreferrer noopener\">r\u00e9cemment\u00a0rendue\u00a0\u00e0\u00a0Cuba<\/a>\u00a0dans le but\u00a0d\u2019 \u00ab\u00a0\u00e9valuer\u00a0l\u2019impact des sanctions unilat\u00e9rales \u00e9tats-uniennes sur les droits humains\u00a0\u00bb de\u00a0ses habitants, la rapporteuse sp\u00e9ciale\u00a0des Nations unies Alena\u00a0Douhan\u00a0a publi\u00e9, vendredi dernier, un\u00a0<a href=\"https:\/\/www.ohchr.org\/sites\/default\/files\/statements\/20251121-eom-stm-cuba-sr-negative-impact-unilateral-en.pdf\" target=\"_blank\" rel=\"noreferrer noopener\">rapport pr\u00e9liminaire<\/a>\u00a0de quinze pages\u00a0sans appel.<\/p>\n<p>Pour la sp\u00e9cialiste des effets n\u00e9gatifs des mesures coercitives unilat\u00e9rales sur les droits de l\u2019homme, les \u00c9tats-Unis doivent\u00a0lever\u00a0les sanctions unilat\u00e9rales impos\u00e9es\u00a0\u00e0 Cuba, celles-ci ayant \u00ab\u00a0des r\u00e9percussions importantes sur tous les aspects&#8230;<\/p>\n","protected":false},"excerpt":{"rendered":"Apr\u00e8s s\u2019\u00eatre\u00a0r\u00e9cemment\u00a0rendue\u00a0\u00e0\u00a0Cuba\u00a0dans le but\u00a0d\u2019 \u00ab\u00a0\u00e9valuer\u00a0l\u2019impact des sanctions unilat\u00e9rales \u00e9tats-uniennes sur les droits humains\u00a0\u00bb de\u00a0ses habitants, la rapporteuse sp\u00e9ciale\u00a0des&hellip;\n","protected":false},"author":2,"featured_media":553623,"comment_status":"","ping_status":"","sticky":false,"template":"","format":"standard","meta":{"footnotes":""},"categories":[1589],"tags":[11,42828,54010,19551,6492,73,1866,45093,12,3521,770,1864,1865,1863,308],"class_list":{"0":"post-553622","1":"post","2":"type-post","3":"status-publish","4":"format-standard","5":"has-post-thumbnail","7":"category-etats-unis","8":"tag-actualites","9":"tag-amu00e9rique-latine","10":"tag-blocus-de-cuba","11":"tag-cuba","12":"tag-droits-de-lhomme","13":"tag-etats-unis","14":"tag-etats-unis-damerique","15":"tag-impu00e9rialisme","16":"tag-news","17":"tag-onu","18":"tag-u00e9tats-unis","19":"tag-united-states","20":"tag-united-states-of-america","21":"tag-us","22":"tag-usa"},"share_on_mastodon":{"url":"https:\/\/pubeurope.com\/@fr\/115599755529470182","error":""},"_links":{"self":[{"href":"https:\/\/www.europesays.com\/fr\/wp-json\/wp\/v2\/posts\/553622","targetHints":{"allow":["GET"]}}],"collection":[{"href":"https:\/\/www.europesays.com\/fr\/wp-json\/wp\/v2\/posts"}],"about":[{"href":"https:\/\/www.europesays.com\/fr\/wp-json\/wp\/v2\/types\/post"}],"author":[{"embeddable":true,"href":"https:\/\/www.europesays.com\/fr\/wp-json\/wp\/v2\/users\/2"}],"replies":[{"embeddable":true,"href":"https:\/\/www.europesays.com\/fr\/wp-json\/wp\/v2\/comments?post=553622"}],"version-history":[{"count":0,"href":"https:\/\/www.europesays.com\/fr\/wp-json\/wp\/v2\/posts\/553622\/revisions"}],"wp:featuredmedia":[{"embeddable":true,"href":"https:\/\/www.europesays.com\/fr\/wp-json\/wp\/v2\/media\/553623"}],"wp:attachment":[{"href":"https:\/\/www.europesays.com\/fr\/wp-json\/wp\/v2\/media?parent=553622"}],"wp:term":[{"taxonomy":"category","embeddable":true,"href":"https:\/\/www.europesays.com\/fr\/wp-json\/wp\/v2\/categories?post=553622"},{"taxonomy":"post_tag","embeddable":true,"href":"https:\/\/www.europesays.com\/fr\/wp-json\/wp\/v2\/tags?post=553622"}],"curies":[{"name":"wp","href":"https:\/\/api.w.org\/{rel}","templated":true}]}}