{"id":553625,"date":"2025-11-23T15:38:32","date_gmt":"2025-11-23T15:38:32","guid":{"rendered":"https:\/\/www.europesays.com\/fr\/553625\/"},"modified":"2025-11-23T15:38:32","modified_gmt":"2025-11-23T15:38:32","slug":"une-initiative-exige-une-enquete-independante-%f0%9f%94%b4-info-libertaire","status":"publish","type":"post","link":"https:\/\/www.europesays.com\/fr\/553625\/","title":{"rendered":"une initiative exige une enqu\u00eate ind\u00e9pendante \u2013 \ud83d\udd34 Info Libertaire"},"content":{"rendered":"<p><\/p>\n<p>ALLEMAGNE \u2013 Fethullah Aslan a d\u00fb se r\u00e9fugier en Allemagne apr\u00e8s avoir subi des violences, des coups de matraque et des menaces de viol pendant sa d\u00e9tention en Turquie. Il y a un an, forc\u00e9 de retourner en Turquie, il est d\u00e9c\u00e9d\u00e9 dans des circonstances suspectes dans le service psychiatrique o\u00f9 il avait \u00e9t\u00e9 admis. Son seul souhait \u00e9tait d\u2019\u00e9viter son extradition vers la Turquie. Une initiative cr\u00e9\u00e9e en sa m\u00e9moire r\u00e9clame une enqu\u00eate ind\u00e9pendante.<\/p>\n<p>Un an apr\u00e8s la mort du r\u00e9fugi\u00e9 kurde\u00a0Fethullah Aslan\u00a0\u00e0 Berlin, une initiative de la soci\u00e9t\u00e9 civile exige une enqu\u00eate ind\u00e9pendante et compl\u00e8te sur les circonstances de son d\u00e9c\u00e8s. Lors d\u2019un rassemblement samedi sur la Hermannplatz, l\u2019\u00ab\u00a0Initiative en m\u00e9moire de Fethullah Aslan\u00a0\u00bb a r\u00e9clam\u00e9 une enqu\u00eate transparente sur les \u00e9v\u00e9nements entourant la mort de ce jeune homme de 28\u00a0ans et la mise en lumi\u00e8re des responsabilit\u00e9s institutionnelles.<\/p>\n<p>Aslan est d\u00e9c\u00e9d\u00e9 le 25 novembre 2024 dans le service de psychiatrie d\u2019un h\u00f4pital berlinois. Les autorit\u00e9s consid\u00e8rent son d\u00e9c\u00e8s comme un suicide. Cependant, ses proches et ses soutiens pointent du doigt des incoh\u00e9rences et un manque de transparence dans les proc\u00e9dures officielles. Selon l\u2019initiative, cette affaire met en lumi\u00e8re des probl\u00e8mes structurels au sein du syst\u00e8me d\u2019asile allemand.<\/p>\n<p><strong>Avant le d\u00e9c\u00e8s : Op\u00e9ration de police au lieu d\u2019h\u00e9bergement<\/strong><\/p>\n<p>Fethullah Aslan a fui la Turquie pour l\u2019Allemagne en 2023 en tant que r\u00e9fugi\u00e9 politique. Selon l\u2019initiative, sa famille et son avocat, il y avait \u00e9t\u00e9 emprisonn\u00e9 et tortur\u00e9 en raison de son militantisme kurde. Sa demande d\u2019asile a n\u00e9anmoins \u00e9t\u00e9 rejet\u00e9e. Lors d\u2019un rendez-vous \u00e0 l\u2019Office f\u00e9d\u00e9ral des migrations et des r\u00e9fugi\u00e9s (BAMF) le 21 novembre 2024, il a re\u00e7u la notification de rejet et a \u00e9galement \u00e9t\u00e9 invit\u00e9 \u00e0 signer une d\u00e9claration de d\u00e9part volontaire. Il a alors fait une d\u00e9pression nerveuse et a \u00e9t\u00e9 conduit menott\u00e9 aux urgences par des policiers intervenus sur les lieux. Transf\u00e9r\u00e9 \u00e0 l\u2019h\u00f4pital, il y est d\u00e9c\u00e9d\u00e9 quatre jours plus tard. On pense qu\u2019il s\u2019est \u00e9touff\u00e9 avec un sac.<\/p>\n<p>L\u2019initiative met en doute qu\u2019un suicide soit pass\u00e9 inaper\u00e7u. Aslan aurait \u00e9t\u00e9 plac\u00e9 sous surveillance constante \u00e0 l\u2019h\u00f4pital. Les circonstances de l\u2019op\u00e9ration polici\u00e8re \u00e0 l\u2019Office f\u00e9d\u00e9ral des migrations et des r\u00e9fugi\u00e9s (BAMF), l\u2019\u00e9ventuel usage de la force par les agents et le d\u00e9roulement exact des \u00e9v\u00e9nements lors de son admission aux urgences et de son transfert ult\u00e9rieur \u00e0 l\u2019h\u00f4pital restent flous. De plus, la famille d\u2019Aslan aurait \u00e9t\u00e9 inform\u00e9e trop tard.<\/p>\n<p><strong>Critiques des carences structurelles du syst\u00e8me d\u2019asile<\/strong><\/p>\n<p>Dans une d\u00e9claration lue par Evren \u00c7i\u00e7ek, l\u2019initiative a rappel\u00e9 l\u2019histoire d\u2019Aslan, rescap\u00e9 de pers\u00e9cutions politiques et de torture. Il esp\u00e9rait trouver protection et stabilit\u00e9 en Allemagne, mais s\u2019est heurt\u00e9 \u00e0 un syst\u00e8me marqu\u00e9 par des obstacles bureaucratiques, des barri\u00e8res linguistiques et un manque de soutien psychologique.<\/p>\n<p>\u00ab\u00a0Des d\u00e9c\u00e8s comme celui de Fethullah Aslan ne sont pas accidentels, mais plut\u00f4t l\u2019expression d\u2019un probl\u00e8me structurel\u00a0\u00bb, a d\u00e9clar\u00e9 \u00c7i\u00e7ek. Dans son cas, la peur constante d\u2019\u00eatre expuls\u00e9 et le manque d\u2019acc\u00e8s \u00e0 un soutien ont r\u00e9veill\u00e9 d\u2019anciens traumatismes et des souvenirs de violence et de pers\u00e9cution, le plongeant dans une situation extr\u00eamement stressante.<\/p>\n<p><strong>Augmentation des d\u00e9c\u00e8s inexpliqu\u00e9s<\/strong><\/p>\n<p>Cette initiative met en lumi\u00e8re le nombre croissant de d\u00e9c\u00e8s et de suicides non \u00e9lucid\u00e9s ou insuffisamment instruits parmi les r\u00e9fugi\u00e9s en Allemagne. Dans les centres d\u2019accueil et les abris d\u2019urgence notamment, il arrive fr\u00e9quemment que les personnes concern\u00e9es ne re\u00e7oivent pas le soutien ad\u00e9quat. Cette situation est aggrav\u00e9e par la surcharge des ressources, les d\u00e9faillances institutionnelles et l\u2019absence de responsabilit\u00e9 politique.<\/p>\n<p><strong>Revendications de l\u2019initiative<\/strong><\/p>\n<p>Le groupe formule plusieurs revendications sp\u00e9cifiques :<\/p>\n<p>\u25aa Une enqu\u00eate ind\u00e9pendante et approfondie sur tous les \u00e9v\u00e9nements entourant la mort d\u2019Aslan<\/p>\n<p>\u25aa Communication transparente des autorit\u00e9s au public et aux proches<\/p>\n<p>\u25aa Un syst\u00e8me d\u2019asile humain offrant une information claire, un acc\u00e8s \u00e0 l\u2019interpr\u00e9tation et un soutien psychosocial<\/p>\n<p>\u25aa L\u2019examen des actions de la police par un organisme ind\u00e9pendant<\/p>\n<p>Le communiqu\u00e9 se terminait par ces mots : \u00ab Nous comm\u00e9morons Fethullah Aslan avec respect, tristesse et solidarit\u00e9. Sa mort ne doit pas rester impunie. \u00bb (ANF)<\/p>\n<p><strong>Source:<\/strong> <a href=\"https:\/\/kurdistan-au-feminin.fr\/2025\/11\/23\/allemagne-mort-dun-refugie-kurde-a-berlin-une-initiative-exige-une-enquete-independante\/\" target=\"_blank\" rel=\"nofollow noopener\">Kurdistan-au-feminin.fr<\/a><br \/>\n\t\t<\/p>\n","protected":false},"excerpt":{"rendered":"ALLEMAGNE \u2013 Fethullah Aslan a d\u00fb se r\u00e9fugier en Allemagne apr\u00e8s avoir subi des violences, des coups de&hellip;\n","protected":false},"author":2,"featured_media":553626,"comment_status":"","ping_status":"","sticky":false,"template":"","format":"standard","meta":{"footnotes":""},"categories":[1587],"tags":[11,672,1804,1805,1803,1777,674,1801,12,1802],"class_list":{"0":"post-553625","1":"post","2":"type-post","3":"status-publish","4":"format-standard","5":"has-post-thumbnail","7":"category-allemagne","8":"tag-actualites","9":"tag-allemagne","10":"tag-bundesrepublik-deutschland","11":"tag-de","12":"tag-deutschland","13":"tag-eu","14":"tag-europe","15":"tag-germany","16":"tag-news","17":"tag-republique-federale-dallemagne"},"share_on_mastodon":{"url":"https:\/\/pubeurope.com\/@fr\/115599763477276802","error":""},"_links":{"self":[{"href":"https:\/\/www.europesays.com\/fr\/wp-json\/wp\/v2\/posts\/553625","targetHints":{"allow":["GET"]}}],"collection":[{"href":"https:\/\/www.europesays.com\/fr\/wp-json\/wp\/v2\/posts"}],"about":[{"href":"https:\/\/www.europesays.com\/fr\/wp-json\/wp\/v2\/types\/post"}],"author":[{"embeddable":true,"href":"https:\/\/www.europesays.com\/fr\/wp-json\/wp\/v2\/users\/2"}],"replies":[{"embeddable":true,"href":"https:\/\/www.europesays.com\/fr\/wp-json\/wp\/v2\/comments?post=553625"}],"version-history":[{"count":0,"href":"https:\/\/www.europesays.com\/fr\/wp-json\/wp\/v2\/posts\/553625\/revisions"}],"wp:featuredmedia":[{"embeddable":true,"href":"https:\/\/www.europesays.com\/fr\/wp-json\/wp\/v2\/media\/553626"}],"wp:attachment":[{"href":"https:\/\/www.europesays.com\/fr\/wp-json\/wp\/v2\/media?parent=553625"}],"wp:term":[{"taxonomy":"category","embeddable":true,"href":"https:\/\/www.europesays.com\/fr\/wp-json\/wp\/v2\/categories?post=553625"},{"taxonomy":"post_tag","embeddable":true,"href":"https:\/\/www.europesays.com\/fr\/wp-json\/wp\/v2\/tags?post=553625"}],"curies":[{"name":"wp","href":"https:\/\/api.w.org\/{rel}","templated":true}]}}