{"id":553627,"date":"2025-11-23T15:39:17","date_gmt":"2025-11-23T15:39:17","guid":{"rendered":"https:\/\/www.europesays.com\/fr\/553627\/"},"modified":"2025-11-23T15:39:17","modified_gmt":"2025-11-23T15:39:17","slug":"face-a-une-europe-en-danger-un-service-militaire-volontaire-tres-bientot-annonce-en-france","status":"publish","type":"post","link":"https:\/\/www.europesays.com\/fr\/553627\/","title":{"rendered":"Face \u00e0 une Europe \u00ab\u00a0en danger\u00a0\u00bb, un service militaire volontaire tr\u00e8s bient\u00f4t annonc\u00e9 en France\u00a0?"},"content":{"rendered":"<p>Dans un monde \u00ab fait d\u2019incertitudes \u00bb, sur fond de guerre aux portes de l\u2019Europe, Emmanuel Macron pourrait annoncer dans les prochains jours l\u2019instauration d\u2019un service militaire volontaire en France, un projet \u00e0 l\u2019\u00e9tude depuis plusieurs mois. La date de jeudi est envisag\u00e9e pour des annonces pr\u00e9sidentielles, sans que cela soit confirm\u00e9 officiellement, selon des sources concordantes.<\/p>\n<p>\u00ab La France doit continuer d\u2019\u00eatre une nation forte avec une arm\u00e9e forte mais avec aussi une capacit\u00e9 de sursaut collectif \u00bb, a affirm\u00e9 samedi le chef de l\u2019\u00c9tat, en marge du G20 \u00e0 Johannesburg, en Afrique du Sud.<\/p>\n<p>Des \u00ab travaux en ce sens \u00bb<\/p>\n<p>Si les pays scandinaves ou les Baltes, voisins du g\u00e9ant russe, ont maintenu ou r\u00e9tabli ces derni\u00e8res ann\u00e9es le service militaire obligatoire, la France a elle suspendu la conscription en 1997, sous la pr\u00e9sidence de Jacques Chirac. \u00ab De nombreux voisins en Europe sont en train de r\u00e9introduire un service national \u00bb, a fait valoir samedi sur France 5 le chef d\u2019\u00e9tat-major des arm\u00e9es, le g\u00e9n\u00e9ral Fabien Mandon,<a href=\"https:\/\/www.letelegramme.fr\/france\/menace-de-guerre-en-europe-le-chef-detat-major-francais-insiste-sur-le-besoin-dalerter-et-de-se-preparer-6933573.php\" target=\"_blank\" rel=\"noopener\"> estimant que cela faisait partie d&rsquo;\u00ab \u00e9l\u00e9ments qui sont \u00e0 observer dans notre pays \u00bb<\/a>.<\/p>\n<blockquote class=\"twitter-tweet\">\n<p lang=\"fr\" dir=\"ltr\">\u201cLa France doit accepter de perdre ses enfants\u201d : Le g\u00e9n\u00e9ral Fabien Mandon a choisi C \u00e0 Vous pour s\u2019expliquer apr\u00e8s ses propos au congr\u00e8s des maires. <\/p>\n<p>Le Chef d\u2019\u00e9tat-major des arm\u00e9es est l\u2019invit\u00e9 de Mohamed Bouhafsi ce soir d\u00e8s 19h sur France 5 \\ud83d\\udcfa <a href=\"https:\/\/twitter.com\/hashtag\/C%C3%A0Vous?src=hash&amp;ref_src=twsrc%5Etfw\" target=\"_blank\" rel=\"noopener\">#C\u00e0Vous<\/a><a href=\"https:\/\/t.co\/dHUGCUdf5S\">pic.twitter.com\/dHUGCUdf5S<\/a><\/p>\n<p>\u2014 C \u00e0 vous (@cavousf5) <a href=\"https:\/\/twitter.com\/cavousf5\/status\/1992213478983991793?ref_src=twsrc%5Etfw\" target=\"_blank\" rel=\"noopener\">November 22, 2025<\/a><\/p><\/blockquote>\n<p><a href=\"https:\/\/www.letelegramme.fr\/france\/pour-avoir-une-nation-capable-de-tenir-detre-mobilisee-la-france-envisage-un-service-militaire-volontaire-6855344.php\" target=\"_blank\" rel=\"noopener\">Emmanuel Macron avait introduit cette id\u00e9e de service volontaire le 13 juillet,<\/a> devant un parterre de hauts grad\u00e9s. Face \u00e0 une Europe \u00ab mise en danger \u00bb par la \u00ab menace durable \u00bb de la Russie, \u00ab il faut une nation capable de tenir, d\u2019\u00eatre mobilis\u00e9e \u00bb, avait-il estim\u00e9. Outre des \u00ab efforts sur notre r\u00e9serve \u00bb, il faut aussi \u00ab donner \u00e0 la jeunesse un nouveau cadre pour servir, selon d\u2019autres modalit\u00e9s, au sein de nos arm\u00e9es \u00bb, avait-il soulign\u00e9 en promettant des \u00ab d\u00e9cisions en ce sens \u00e0 l\u2019automne \u00bb.<\/p>\n<p>Interrog\u00e9 par l\u2019AFP, le minist\u00e8re des Arm\u00e9es n\u2019a pas souhait\u00e9 s\u2019exprimer sur les contours de ce service et sa dur\u00e9e, tout comme son co\u00fbt. Il y a des \u00ab travaux en ce sens \u00bb, a simplement indiqu\u00e9 Alice Rufo, ministre d\u00e9l\u00e9gu\u00e9e aux Arm\u00e9es dimanche sur France Info. \u00ab Les arbitrages n\u2019ont pas \u00e9t\u00e9 rendus \u00bb, a pr\u00e9cis\u00e9 \u00e0 l\u2019AFP une source proche du dossier.<\/p>\n<p>Jusqu\u2019\u00e0 50 000 jeunes par an ?<\/p>\n<p>Diff\u00e9rents sc\u00e9narios envisagent un volume de 10 000 \u00e0 50 000 personnes par an, selon plusieurs sources proches du dossier. D\u2019apr\u00e8s plusieurs m\u00e9dias fran\u00e7ais, la dur\u00e9e envisag\u00e9e de ce service volontaire serait de 10 mois et serait r\u00e9mun\u00e9r\u00e9 \u00e0 hauteur de plusieurs centaines d\u2019euros.<\/p>\n<p>Selon la Revue nationale strat\u00e9gique 2025, un document qui r\u00e9sume les ambitions de la France en mati\u00e8re de politique de d\u00e9fense et de s\u00e9curit\u00e9, la mise en place d\u2019un service militaire volontaire \u00ab r\u00e9nov\u00e9 \u00bb viserait \u00e0 \u00ab renforcer la coh\u00e9sion nationale \u00bb et \u00e0 \u00ab cr\u00e9er un r\u00e9servoir de personnes mobilisables en cas de crise \u00bb.<\/p>\n<p>Les arm\u00e9es fran\u00e7aises comptent environ 200 000 militaires d\u2019active et <a href=\"https:\/\/www.letelegramme.fr\/france\/un-trait-dunion-entre-le-civil-et-le-militaire-comment-les-reservistes-participent-aussi-au-rearmement-francais-6778759.php\" target=\"_blank\" rel=\"noopener\">47 000 r\u00e9servistes<\/a>, et doivent passer \u00e0 respectivement 210 000 et 80 000 personnes en 2030.<\/p>\n<p>La mobilisation sur la base du volontariat d\u2019une partie d\u2019une classe d\u2019\u00e2ge pourrait servir \u00e0 r\u00e9pondre aux besoins d&rsquo;\u00ab acqu\u00e9rir la masse \u00bb n\u00e9cessaire pour tenir dans la dur\u00e9e en cas de conflit, estimait cet \u00e9t\u00e9 le g\u00e9n\u00e9ral Pierre Schill, chef d\u2019\u00e9tat-major de l\u2019arm\u00e9e de Terre.<\/p>\n<p>L\u2019id\u00e9e est salu\u00e9e par une partie de la classe politique fran\u00e7aise.<\/p>\n<p>Des avis favorables \u00e0 droite, moins \u00e0 gauche<\/p>\n<p>\u00ab Tout ce qui peut participer \u00e0 l\u2019esprit de d\u00e9fense, \u00e0 la r\u00e9silience nationale et \u00e0 exprimer le sentiment patriotique qui sommeille dans la population est positif \u00bb, a comment\u00e9 dans la Tribune dimanche le pr\u00e9sident de la Commission des Affaires \u00e9trang\u00e8res et de la D\u00e9fense du S\u00e9nat, C\u00e9dric Perrin (Les R\u00e9publicains).<\/p>\n<p>\u00c0 l\u2019extr\u00eame droite, le pr\u00e9sident du Rassemblement national (RN) Jordan Bardella s\u2019est dit mercredi sur X \u00ab favorable \u00bb au r\u00e9tablissement d\u2019un service sous les drapeaux \u00ab en commen\u00e7ant par un service militaire ouvert aux volontaires \u00bb.<\/p>\n<p>Patrick Kanner, le pr\u00e9sident du groupe socialiste au S\u00e9nat, reste plus circonspect. \u00ab Je suis tr\u00e8s prudent en la mati\u00e8re (\u2026) Je crois \u00e0 l\u2019arm\u00e9e de m\u00e9tier aujourd\u2019hui. Apr\u00e8s, si les jeunes veulent s\u2019engager pour la nation, naturellement, j\u2019y suis favorable \u00bb, a-t-il confi\u00e9 dimanche \u00e0 France 3.<\/p>\n<p>Les arbitrages attendus promettent aussi de concerner l\u2019avenir incertain du service national universel (SNU) destin\u00e9 aux mineurs de 15 \u00e0 17 ans. Ce service civil, lanc\u00e9 en 2019 et dont les cr\u00e9dits ont \u00e9t\u00e9 depuis rabot\u00e9s, n\u2019a jamais trouv\u00e9 son rythme de croisi\u00e8re. Il consistait essentiellement en un stage de coh\u00e9sion de deux semaines.<\/p>\n<p><script async src=\"https:\/\/platform.twitter.com\/widgets.js\" charset=\"utf-8\"><\/script><\/p>\n","protected":false},"excerpt":{"rendered":"Dans un monde \u00ab fait d\u2019incertitudes \u00bb, sur fond de guerre aux portes de l\u2019Europe, Emmanuel Macron pourrait&hellip;\n","protected":false},"author":2,"featured_media":553628,"comment_status":"","ping_status":"","sticky":false,"template":"","format":"standard","meta":{"footnotes":""},"categories":[1586],"tags":[11,533,1782,765,1777,674,1011,27,12,25],"class_list":{"0":"post-553627","1":"post","2":"type-post","3":"status-publish","4":"format-standard","5":"has-post-thumbnail","7":"category-europe","8":"tag-actualites","9":"tag-armee-de-terre","10":"tag-defense-nationale","11":"tag-en-continu","12":"tag-eu","13":"tag-europe","14":"tag-fr","15":"tag-france","16":"tag-news","17":"tag-republique-francaise"},"share_on_mastodon":{"url":"https:\/\/pubeurope.com\/@fr\/115599768323196975","error":""},"_links":{"self":[{"href":"https:\/\/www.europesays.com\/fr\/wp-json\/wp\/v2\/posts\/553627","targetHints":{"allow":["GET"]}}],"collection":[{"href":"https:\/\/www.europesays.com\/fr\/wp-json\/wp\/v2\/posts"}],"about":[{"href":"https:\/\/www.europesays.com\/fr\/wp-json\/wp\/v2\/types\/post"}],"author":[{"embeddable":true,"href":"https:\/\/www.europesays.com\/fr\/wp-json\/wp\/v2\/users\/2"}],"replies":[{"embeddable":true,"href":"https:\/\/www.europesays.com\/fr\/wp-json\/wp\/v2\/comments?post=553627"}],"version-history":[{"count":0,"href":"https:\/\/www.europesays.com\/fr\/wp-json\/wp\/v2\/posts\/553627\/revisions"}],"wp:featuredmedia":[{"embeddable":true,"href":"https:\/\/www.europesays.com\/fr\/wp-json\/wp\/v2\/media\/553628"}],"wp:attachment":[{"href":"https:\/\/www.europesays.com\/fr\/wp-json\/wp\/v2\/media?parent=553627"}],"wp:term":[{"taxonomy":"category","embeddable":true,"href":"https:\/\/www.europesays.com\/fr\/wp-json\/wp\/v2\/categories?post=553627"},{"taxonomy":"post_tag","embeddable":true,"href":"https:\/\/www.europesays.com\/fr\/wp-json\/wp\/v2\/tags?post=553627"}],"curies":[{"name":"wp","href":"https:\/\/api.w.org\/{rel}","templated":true}]}}