{"id":553629,"date":"2025-11-23T15:40:40","date_gmt":"2025-11-23T15:40:40","guid":{"rendered":"https:\/\/www.europesays.com\/fr\/553629\/"},"modified":"2025-11-23T15:40:40","modified_gmt":"2025-11-23T15:40:40","slug":"soil-monitoring-law-la-directive-de-lunion-europeenne-sur-la-surveillance-et-la-resilience-des-sols-pour-accelerer-lagriculture-regeneratrice","status":"publish","type":"post","link":"https:\/\/www.europesays.com\/fr\/553629\/","title":{"rendered":"Soil Monitoring Law : la directive de l\u2019Union europ\u00e9enne sur la surveillance et la r\u00e9silience des sols pour acc\u00e9l\u00e9rer l\u2019agriculture r\u00e9g\u00e9n\u00e9ratrice ?"},"content":{"rendered":"<p><strong>L\u2019Union europ\u00e9enne a adopt\u00e9 la directive europ\u00e9enne <strong>Soil Monitoring Law<\/strong><\/strong> <strong>sur la surveillance et la r\u00e9silience des sols. Ce texte, approuv\u00e9 par le Conseil de l\u2019Union europ\u00e9enne en septembre 2025 puis par le Parlement en octobre, marque, selon le mouvement <a href=\"https:\/\/agricultureduvivant.org\/le-mouvement\/\" rel=\"nofollow noopener\" target=\"_blank\">Pour une Agriculture du Vivant<\/a>, une \u00e9tape majeure dans la reconnaissance du sol comme un patrimoine commun, essentiel \u00e0 la vie, \u00e0 la production alimentaire et \u00e0 la lutte contre le changement climatique.<\/strong><\/p>\n<p><img data-od-xpath=\"\/HTML\/BODY\/DIV[@id='td-outer-wrap']\/*[2][self::DIV]\/*[2][self::DIV]\/*[1][self::DIV]\/*[1][self::ARTICLE]\/*[2][self::DIV]\/*[1][self::DIV]\/*[4][self::DIV]\/*[1][self::DIV]\/*[2][self::DIV]\/*[2][self::DIV]\/*[2][self::DIV]\/*[3][self::DIV]\/*[2][self::FIGURE]\/*[1][self::IMG]\" data-dominant-color=\"493d31\" data-has-transparency=\"false\" style=\"--dominant-color: #493d31;\" loading=\"lazy\" decoding=\"async\" width=\"1024\" height=\"494\"  src=\"https:\/\/www.europesays.com\/fr\/wp-content\/uploads\/2025\/11\/Capture-decran-2025-11-23-a-15.23.05-1024x494.webp.webp\" alt=\"\" class=\"wp-image-57952 not-transparent\" \/><\/p>\n<blockquote class=\"wp-block-quote is-layout-flow wp-block-quote-is-layout-flow\">\n<p><strong>Cette avanc\u00e9e offre un cadre r\u00e8glementaire renforc\u00e9 pour la protection des sols et red\u00e9finit la place de l\u2019agriculture en Europe face aux enjeux climatiques et \u00e9cologiques.\u00a0<\/strong><\/p>\n<p><a href=\"https:\/\/agricultureduvivant.org\/le-mouvement\/\" rel=\"nofollow noopener\" target=\"_blank\">Pour une Agriculture du Vivant<br \/>Le mouvement pour l\u2019agro\u00e9cologie <\/a><\/p><\/blockquote>\n<p><a href=\"https:\/\/agricultureduvivant.org\/art-ressources\/directive-europeenne-sante-sols-2025\/\" rel=\"nofollow noopener\" target=\"_blank\"><img data-od-xpath=\"\/HTML\/BODY\/DIV[@id='td-outer-wrap']\/*[2][self::DIV]\/*[2][self::DIV]\/*[1][self::DIV]\/*[1][self::ARTICLE]\/*[2][self::DIV]\/*[1][self::DIV]\/*[4][self::DIV]\/*[1][self::DIV]\/*[2][self::DIV]\/*[2][self::DIV]\/*[2][self::DIV]\/*[3][self::DIV]\/*[5][self::FIGURE]\/*[1][self::A]\/*[1][self::IMG]\" data-dominant-color=\"677ca1\" data-has-transparency=\"false\" style=\"--dominant-color: #677ca1;\" loading=\"lazy\" decoding=\"async\" width=\"800\" height=\"515\"  src=\"https:\/\/www.europesays.com\/fr\/wp-content\/uploads\/2025\/11\/07049485965-web-tete-reuir093ah5dtclbeqs5gc3bm0omffa6huvxk1rw2m.webp.webp\" alt=\"\" class=\"wp-image-57975 not-transparent\" \/><\/a>La nouvelle Directive Europ\u00e9enne sur la surveillance des Sols 2025<\/p>\n<p>en bref<\/p>\n<ul class=\"wp-block-list\">\n<li>En <strong>2025<\/strong>, l\u2019Union europ\u00e9enne a adopt\u00e9 la <strong>Soil Monitoring Law<\/strong>, premi\u00e8re directive europ\u00e9enne consacr\u00e9e \u00e0 la <strong>sant\u00e9 et \u00e0 la r\u00e9silience des sols<\/strong> : une \u00e9tape historique pour la protection des sols et du vivant.<\/li>\n<li>Objectif : des <strong>sols sains et vivants d\u2019ici 2050<\/strong>, gr\u00e2ce \u00e0 un cadre de <strong>surveillance europ\u00e9en harmonis\u00e9<\/strong> et \u00e0 des donn\u00e9es partag\u00e9es entre \u00c9tats membres.<\/li>\n<li>La directive structure son action autour de <strong>trois leviers majeurs<\/strong> : mesurer la qualit\u00e9 des sols, <strong>limiter l\u2019artificialisation<\/strong> et <strong>restaurer les sols d\u00e9grad\u00e9s<\/strong>.<\/li>\n<li>Elle consacre le principe d\u2019une <strong>transition agro\u00e9cologique juste<\/strong>, en soutenant la formation, le conseil et la r\u00e9mun\u00e9ration des pratiques agricoles vertueuses.<\/li>\n<li>Les <strong>agriculteurs, collectivit\u00e9s et acteurs publics<\/strong> deviennent les piliers de cette transformation, accompagn\u00e9s par des outils et programmes concrets.<\/li>\n<\/ul>\n<p><img data-od-xpath=\"\/HTML\/BODY\/DIV[@id='td-outer-wrap']\/*[2][self::DIV]\/*[2][self::DIV]\/*[1][self::DIV]\/*[1][self::ARTICLE]\/*[2][self::DIV]\/*[1][self::DIV]\/*[4][self::DIV]\/*[1][self::DIV]\/*[2][self::DIV]\/*[2][self::DIV]\/*[2][self::DIV]\/*[3][self::DIV]\/*[8][self::FIGURE]\/*[1][self::IMG]\" data-dominant-color=\"616443\" data-has-transparency=\"false\" style=\"--dominant-color: #616443;\" loading=\"lazy\" decoding=\"async\" width=\"800\" height=\"515\"  src=\"https:\/\/www.europesays.com\/fr\/wp-content\/uploads\/2025\/11\/1-rcnzujnr5bsr2gyjqrlsv939skh2ldjpaqrm3qvwgu.webp.webp\" alt=\"\" class=\"wp-image-57956 not-transparent\" \/><\/p>\n<p>D\u00e9gradation des sols en Europe : un d\u00e9fi pour la r\u00e9g\u00e9n\u00e9ration et la protection des sols<\/p>\n<p>Le constat dress\u00e9 par la Commission europ\u00e9enne est alarmant : <strong>60 \u00e0 70 % des sols de l\u2019Union sont aujourd\u2019hui d\u00e9grad\u00e9s<\/strong> et continuent de se d\u00e9t\u00e9riorer.<\/p>\n<p>La d\u00e9gradation des sols repr\u00e9sente un <strong>co\u00fbt de plusieurs dizaines de milliards d\u2019euros par an<\/strong> pour l\u2019\u00e9conomie europ\u00e9enne, notamment par la perte de fertilit\u00e9, la baisse de la qualit\u00e9 de l\u2019eau, ou encore les risques accrus d\u2019inondations et de s\u00e9cheresses.\u00a0<\/p>\n<p>Pourtant, les sols rendent des <strong>services \u00e9cosyst\u00e9miques irrempla\u00e7ables<\/strong> : ils assurent <strong>95 % de la production alimentaire mondiale<\/strong>, filtrent et stockent l\u2019eau, recyclent les nutriments, s\u00e9questrent du carbone et abritent <strong>plus d\u2019un quart de la biodiversit\u00e9 plan\u00e9taire<\/strong>.\u00a0<\/p>\n<p>Au c\u0153ur de ces fonctions vitales se trouve la <strong>mati\u00e8re organique du sol<\/strong>, v\u00e9ritable colonne vert\u00e9brale de la vie souterraine. Sa r\u00e9g\u00e9n\u00e9ration est donc d\u2019une importance capitale pour l\u2019agriculture en Europe, afin de garantir leur capacit\u00e9 \u00e0 nourrir, filtrer, stocker et r\u00e9guler.\u00a0<\/p>\n<p><img data-od-xpath=\"\/HTML\/BODY\/DIV[@id='td-outer-wrap']\/*[2][self::DIV]\/*[2][self::DIV]\/*[1][self::DIV]\/*[1][self::ARTICLE]\/*[2][self::DIV]\/*[1][self::DIV]\/*[4][self::DIV]\/*[1][self::DIV]\/*[2][self::DIV]\/*[2][self::DIV]\/*[2][self::DIV]\/*[3][self::DIV]\/*[14][self::FIGURE]\/*[1][self::IMG]\" data-dominant-color=\"72523f\" data-has-transparency=\"false\" style=\"--dominant-color: #72523f;\" loading=\"lazy\" decoding=\"async\" width=\"800\" height=\"515\"  src=\"https:\/\/www.europesays.com\/fr\/wp-content\/uploads\/2025\/11\/directive-europeennes-protection-des-sols-sols-agricoles-reuj5t7kxjeyo935yn5m83lofhpqnt1zj4s8nxto2m..webp\" alt=\"\" class=\"wp-image-57953 not-transparent\" \/><\/p>\n<p>L\u2019objectif de cette directive : des sols sains dans toute l\u2019Union europ\u00e9enne d\u2019ici 2050<\/p>\n<p>La directive europ\u00e9enne fixe une <strong>ambition de long terme<\/strong> : parvenir \u00e0 des sols sains sur l\u2019ensemble du territoire europ\u00e9en d\u2019ici 2050. La Commission a choisi une approche pragmatique : <strong>mettre en place un cadre europ\u00e9en de surveillance et d\u2019\u00e9valuation<\/strong> avant de fixer d\u2019\u00e9ventuelles obligations contraignantes.<\/p>\n<p>Ce cadre vise \u00e0 <strong>collecter des donn\u00e9es comparables sur les sols<\/strong> de chaque \u00c9tat membre, \u00e0 soutenir les actions de r\u00e9g\u00e9n\u00e9ration des sols et \u00e0 <strong>identifier les sites contamin\u00e9s<\/strong>. Les sols pollu\u00e9s par des substances \u00e9mergentes, comme les <strong>PFAS<\/strong>, <strong>microplastiques<\/strong> ou <strong>nanoplastiques<\/strong>, devront \u00eatre recens\u00e9s dans des registres publics accessibles. <\/p>\n<p><img data-od-xpath=\"\/HTML\/BODY\/DIV[@id='td-outer-wrap']\/*[2][self::DIV]\/*[2][self::DIV]\/*[1][self::DIV]\/*[1][self::ARTICLE]\/*[2][self::DIV]\/*[1][self::DIV]\/*[4][self::DIV]\/*[1][self::DIV]\/*[2][self::DIV]\/*[2][self::DIV]\/*[2][self::DIV]\/*[3][self::DIV]\/*[17][self::FIGURE]\/*[1][self::IMG]\" data-dominant-color=\"967e2e\" data-has-transparency=\"false\" style=\"--dominant-color: #967e2e;\" loading=\"lazy\" decoding=\"async\" width=\"800\" height=\"515\"  src=\"https:\/\/www.europesays.com\/fr\/wp-content\/uploads\/2025\/11\/directive-europeenne-protection-des-sols-vue-aerienne-terres-agricoles-reuj9r57lit9ddczxuia6lsa4oa5y.webp\" alt=\"\" class=\"wp-image-57957 not-transparent\" \/><\/p>\n<p>Directive europ\u00e9enne sur la surveillance des sols<\/p>\n<p>L\u2019adoption de la loi europ\u00e9enne sur la sant\u00e9 des sols \u00e9tablit un cadre politique in\u00e9dit en reconnaissant officiellement la sant\u00e9 des sols comme un \u00e9l\u00e9ment central de la production agricole, de la biodiversit\u00e9 et de la lutte contre le changement climatique. Elle cr\u00e9e ainsi un levier concret pour promouvoir les pratiques d\u2019agriculture r\u00e9g\u00e9n\u00e9ratrice, telles que celles recommand\u00e9es par le <a href=\"https:\/\/agricultureduvivant.org\/art-ressources\/agriculture-regeneratrice-cese-europe-2025\/\" rel=\"nofollow noopener\" target=\"_blank\">CESE<\/a> dans son avis, qui insiste sur l\u2019importance de politiques europ\u00e9ennes et nationales int\u00e9gr\u00e9es pour soutenir les fili\u00e8res agricoles durables et d\u00e9ployer l\u2019agriculture de r\u00e9g\u00e9n\u00e9ration.<\/p>\n<p>L\u2019association <strong>Pour une Agriculture du Vivant<\/strong>, reconnue comme le tiers de confiance de la transition agro\u00e9cologique d\u00e9montre au quotidien que l\u2019agriculture du vivant n\u2019est pas une vision th\u00e9orique\u202f: elle r\u00e9g\u00e9n\u00e8re les sols, renforce leur r\u00e9silience et leur fertilit\u00e9, tout en contribuant \u00e0 la s\u00e9curit\u00e9 alimentaire et \u00e0 la lutte contre le changement climatique. Cette nouvelle directive europ\u00e9enne offre \u00e0 l\u2019association une <strong>dynamique l\u00e9gislative in\u00e9dite pour donner \u00e0 l\u2019agriculture du vivant une visibilit\u00e9 et un cadre politique renforc\u00e9s<\/strong>.<\/p>\n<p><img data-od-xpath=\"\/HTML\/BODY\/DIV[@id='td-outer-wrap']\/*[2][self::DIV]\/*[2][self::DIV]\/*[1][self::DIV]\/*[1][self::ARTICLE]\/*[2][self::DIV]\/*[1][self::DIV]\/*[4][self::DIV]\/*[1][self::DIV]\/*[2][self::DIV]\/*[2][self::DIV]\/*[2][self::DIV]\/*[3][self::DIV]\/*[22][self::FIGURE]\/*[1][self::IMG]\" data-dominant-color=\"ba9e83\" data-has-transparency=\"false\" style=\"--dominant-color: #ba9e83;\" loading=\"lazy\" decoding=\"async\" width=\"1024\" height=\"520\"  src=\"https:\/\/www.europesays.com\/fr\/wp-content\/uploads\/2025\/11\/img-agricultureduvivant-86-1300x660-1-1024x520.webp.webp\" alt=\"\" class=\"wp-image-57961 not-transparent\" \/><\/p>\n<p>Trois grands axes d\u2019action pour renforcer la protection des sols en Europe<\/p>\n<ol class=\"wp-block-list\">\n<li>Le premier axe consiste \u00e0 <strong>\u00e9valuer et surveiller l\u2019\u00e9tat de sant\u00e9 des sols<\/strong>. Chaque \u00c9tat membre devra suivre l\u2019\u00e9volution physique, chimique et biologique de ses sols selon une m\u00e9thodologie harmonis\u00e9e au niveau europ\u00e9en. Des indicateurs communs et mesurables permettront de comparer les donn\u00e9es entre pays, tout en laissant une marge d\u2019adaptation aux sp\u00e9cificit\u00e9s locales. Cette base de donn\u00e9es europ\u00e9enne sera aliment\u00e9e notamment par des observations satellites, des analyses de terrain et des contributions issues du <a href=\"https:\/\/www.copernicus.eu\/fr\" rel=\"nofollow noopener\" target=\"_blank\">programme Copernicus<\/a>.<\/li>\n<li>Le deuxi\u00e8me axe vise \u00e0 <strong>limiter l\u2019artificialisation et \u00e0 restaurer <\/strong><a href=\"https:\/\/agricultureduvivant.org\/art-ressources\/quest-ce-quun-sol-vivant\/\" rel=\"nofollow noopener\" target=\"_blank\"><strong>les sols vivants<\/strong><\/a>. L\u2019artificialisation des terres, lorsque le sol est recouvert, compact\u00e9 ou retir\u00e9, reste l\u2019une des principales causes de d\u00e9gradation. La directive consacre le principe \u00ab <strong>\u00e9viter, r\u00e9duire, compenser<\/strong> \u00bb, invitant les \u00c9tats membres \u00e0 <strong>mieux planifier l\u2019usage des sols et \u00e0 restaurer les surfaces d\u00e9grad\u00e9es<\/strong>. Gr\u00e2ce \u00e0 la t\u00e9l\u00e9d\u00e9tection europ\u00e9enne, il sera possible de suivre en continu l\u2019artificialisation et ses impacts sur les services \u00e9cosyst\u00e9miques, et de favoriser la reconstitution de sols sains et fonctionnels dans les zones urbanis\u00e9es ou industrielles.\u00a0<\/li>\n<li>\u00a0Le troisi\u00e8me axe concerne l\u2019<strong>identification et la gestion des sols contamin\u00e9s<\/strong>. Chaque pays devra \u00e9laborer un inventaire national des sites pollu\u00e9s et engager des actions de r\u00e9habilitation. L\u2019objectif est clair : <strong>restaurer la capacit\u00e9 des sols \u00e0 fournir leurs services \u00e9cosyst\u00e9miques<\/strong>, en s\u2019approchant autant que possible de leur fonctionnement naturel. Les sols r\u00e9g\u00e9n\u00e9r\u00e9s pourront \u00e0 nouveau stocker du carbone, filtrer l\u2019eau et h\u00e9berger la biodiversit\u00e9.\u00a0<\/li>\n<\/ol>\n<p>L\u2019agriculture r\u00e9g\u00e9n\u00e9rative au service d\u2019une meilleure production alimentaire durable contribuant aux objectifs en mati\u00e8re de climat et de biodiversit\u00e9<\/p>\n<p><a href=\"https:\/\/agricultureduvivant.org\/art-ressources\/agriculture-regeneratrice-cese-europe-2025\/\" rel=\"nofollow noopener\" target=\"_blank\"><img data-od-xpath=\"\/HTML\/BODY\/DIV[@id='td-outer-wrap']\/*[2][self::DIV]\/*[2][self::DIV]\/*[1][self::DIV]\/*[1][self::ARTICLE]\/*[2][self::DIV]\/*[1][self::DIV]\/*[4][self::DIV]\/*[1][self::DIV]\/*[2][self::DIV]\/*[2][self::DIV]\/*[2][self::DIV]\/*[3][self::DIV]\/*[26][self::FIGURE]\/*[1][self::A]\/*[1][self::IMG]\" data-dominant-color=\"6681a5\" data-has-transparency=\"false\" style=\"--dominant-color: #6681a5;\" loading=\"lazy\" decoding=\"async\" width=\"800\" height=\"515\"  src=\"https:\/\/www.europesays.com\/fr\/wp-content\/uploads\/2025\/11\/cese-eu-1-rct4v17gm3i4yw8a6arph028chs26s7y13fsdlbcbi.webp.webp\" alt=\"\" class=\"wp-image-57974 not-transparent\" \/><\/a>L\u2019agriculture r\u00e9g\u00e9n\u00e9ratrice : une opportunit\u00e9 pour l\u2019Europe et un levier de transformation avec Pour une Agriculture du Vivant<\/p>\n<blockquote class=\"wp-block-quote is-layout-flow wp-block-quote-is-layout-flow\">\n<p>Le CESE appelle \u00e0 d\u00e9finir <strong>l\u2019agriculture r\u00e9g\u00e9n\u00e9ratrice<\/strong> comme <strong>une approche agricole adaptative et centr\u00e9e sur les r\u00e9sultats, fond\u00e9e sur la science, visant \u00e0 restaurer les sols, am\u00e9liorer la biodiversit\u00e9, r\u00e9duire les intrants et renforcer la r\u00e9silience \u00e9conomique des agriculteurs<\/strong>.<\/p>\n<p>Comit\u00e9 \u00e9conomique et social europ\u00e9en<\/p><\/blockquote>\n<p>L\u2019agriculture r\u00e9g\u00e9n\u00e9ratrice : une opportunit\u00e9 pour l\u2019Europe et un levier de transformation avec Pour une Agriculture du Vivant<\/p>\n<p><strong>La triple crise que traverse notre \u00e9poque : climat, biodiversit\u00e9, d\u00e9gradation des sols, impose une profonde r\u00e9invention de nos mod\u00e8les agricoles. En juin 2025, le <a href=\"https:\/\/european-union.europa.eu\/institutions-law-budget\/institutions-and-bodies\/search-all-eu-institutions-and-bodies\/european-economic-and-social-committee-eesc_fr\" rel=\"nofollow noopener\" target=\"_blank\">Comit\u00e9 \u00e9conomique et social europ\u00e9en (CESE)<\/a> a publi\u00e9 un avis majeur qui reconna\u00eet l\u2019agriculture r\u00e9g\u00e9n\u00e9ratrice comme une solution cl\u00e9 pour assurer une production alimentaire durable, r\u00e9siliente et comp\u00e9titive.<\/strong><\/p>\n<p><img data-od-unknown-tag=\"\" data-od-xpath=\"\/HTML\/BODY\/DIV[@id='td-outer-wrap']\/*[2][self::DIV]\/*[2][self::DIV]\/*[1][self::DIV]\/*[1][self::ARTICLE]\/*[2][self::DIV]\/*[1][self::DIV]\/*[4][self::DIV]\/*[1][self::DIV]\/*[2][self::DIV]\/*[2][self::DIV]\/*[2][self::DIV]\/*[3][self::DIV]\/*[31][self::FIGURE]\/*[1][self::IMG]\" data-dominant-color=\"6c6631\" data-has-transparency=\"false\" style=\"--dominant-color: #6c6631;\" loading=\"lazy\" decoding=\"async\" width=\"1024\" height=\"464\"  src=\"https:\/\/www.europesays.com\/fr\/wp-content\/uploads\/2025\/11\/Capture-decran-2025-11-23-a-16.23.35-1024x464.webp.webp\" alt=\"\" class=\"wp-image-57984 not-transparent\" \/><\/p>\n<p><a href=\"https:\/\/agricultureduvivant.org\/agir-ensemble\/lindice-de-regeneration\/\" rel=\"nofollow noopener\" target=\"_blank\"><img data-od-unknown-tag=\"\" data-od-xpath=\"\/HTML\/BODY\/DIV[@id='td-outer-wrap']\/*[2][self::DIV]\/*[2][self::DIV]\/*[1][self::DIV]\/*[1][self::ARTICLE]\/*[2][self::DIV]\/*[1][self::DIV]\/*[4][self::DIV]\/*[1][self::DIV]\/*[2][self::DIV]\/*[2][self::DIV]\/*[2][self::DIV]\/*[3][self::DIV]\/*[33][self::DIV]\/*[1][self::FIGURE]\/*[1][self::A]\/*[1][self::IMG]\" data-dominant-color=\"5a4c39\" data-has-transparency=\"true\" style=\"--dominant-color: #5a4c39;\" loading=\"lazy\" decoding=\"async\" width=\"330\" height=\"330\"  src=\"https:\/\/www.europesays.com\/fr\/wp-content\/uploads\/2025\/11\/logo-indice-regeneration-pouragricultureduvivant-01-r5d4c1xvxjeo2h66okskfhfrcxm6cdteo65gs4hwmc.webp.webp\" alt=\"\" class=\"wp-image-57959 has-transparency\" \/><\/a><\/p>\n<p><strong>Cr\u00e9\u00e9 par Pour une Agriculture du Vivant comme l\u2019acc\u00e9l\u00e9rateur de la transition agro\u00e9cologique, l\u2019<a href=\"https:\/\/agricultureduvivant.org\/agir-ensemble\/lindice-de-regeneration\/\" rel=\"nofollow noopener\" target=\"_blank\">Indice de R\u00e9g\u00e9n\u00e9ration<\/a> est le fruit d\u2019une collaboration scientifique et de terrain<\/strong> <strong>V\u00e9ritable boussole agronomique il est d\u00e9j\u00e0 utilis\u00e9 par des milliers d\u2019agriculteurs, des dizaines de coop\u00e9ratives, d\u2019entreprises et des organismes de financement pour structurer des fili\u00e8res agro\u00e9cologiques et financer la transition.<\/strong> <strong>Con\u00e7u comme une d\u00e9marche de progr\u00e8s, cet outil permet \u00e0 tous les acteurs de b\u00e9n\u00e9ficier d\u2019un r\u00e9f\u00e9rentiel commun pour engager la transition des pratiques agricoles, les faire progresser et les valoriser.<\/strong><\/p>\n<p>Que mesure l\u2019Indice de R\u00e9g\u00e9n\u00e9ration ?<\/p>\n<p><img data-od-unknown-tag=\"\" data-od-xpath=\"\/HTML\/BODY\/DIV[@id='td-outer-wrap']\/*[2][self::DIV]\/*[2][self::DIV]\/*[1][self::DIV]\/*[1][self::ARTICLE]\/*[2][self::DIV]\/*[1][self::DIV]\/*[4][self::DIV]\/*[1][self::DIV]\/*[2][self::DIV]\/*[2][self::DIV]\/*[2][self::DIV]\/*[3][self::DIV]\/*[36][self::FIGURE]\/*[1][self::IMG]\" data-dominant-color=\"758282\" data-has-transparency=\"false\" style=\"--dominant-color: #758282;\" loading=\"lazy\" decoding=\"async\" width=\"800\" height=\"600\"  src=\"https:\/\/www.europesays.com\/fr\/wp-content\/uploads\/2025\/11\/img-indice-de-regeneration-cultures-01-r5egfgnqhhutg1vbjqaq5xe97om9ysjj6b43bhijcg.webp.webp\" alt=\"\" class=\"wp-image-57966 not-transparent\" title=\"Indice De R\u00e9g\u00e9n\u00e9ration Cultures\" \/><\/p>\n<p>L\u2019Indice de R\u00e9g\u00e9n\u00e9ration Cultures et Prairies<\/p>\n<p>Parce que dans le vivant tout est li\u00e9, <strong>l\u2019<a href=\"https:\/\/agroecologie.org\/indice-de-regeneration\" rel=\"nofollow noopener\" target=\"_blank\">Indice de R\u00e9g\u00e9n\u00e9ration<\/a> \u00e9value le r\u00e9sultat des pratiques agricoles<\/strong> sur 3 niveaux agronomiques pour agir de mani\u00e8re syst\u00e9mique : sol, plante et paysage.<\/p>\n<p>Ces 3 cercles synth\u00e9tisent 8 axes fondamentaux pour la r\u00e9g\u00e9n\u00e9ration du sol et de l\u2019\u00e9cosyst\u00e8me, faisant de l\u2019Indice de R\u00e9g\u00e9n\u00e9ration un outil r\u00e9ellement syst\u00e9mique :<\/p>\n<ul class=\"wp-block-list\">\n<li><a href=\"https:\/\/agricultureduvivant.org\/art-ressources\/quest-ce-quun-sol-vivant\/\" rel=\"nofollow noopener\" target=\"_blank\">Sol<\/a> : Couverture du sol, Travail du sol, Cycle du carbone, Fertilisation azot\u00e9e ;<\/li>\n<li>Plantes :\u00a0 Gestion phytosanitaire ;<\/li>\n<li>Paysages : Biodiversit\u00e9 cultiv\u00e9e et non-cultiv\u00e9e, Agroforesterie ;<\/li>\n<li><a href=\"https:\/\/agricultureduvivant.org\/art-ressources\/soutenir-les-agriculteurs-gardiens-de-notre-souverainete-alimentaire\/\" rel=\"nofollow noopener\" target=\"_blank\">Agriculteur<\/a> : Acquisition et partage de connaissances.<\/li>\n<\/ul>\n<p><img data-od-unknown-tag=\"\" data-od-xpath=\"\/HTML\/BODY\/DIV[@id='td-outer-wrap']\/*[2][self::DIV]\/*[2][self::DIV]\/*[1][self::DIV]\/*[1][self::ARTICLE]\/*[2][self::DIV]\/*[1][self::DIV]\/*[4][self::DIV]\/*[1][self::DIV]\/*[2][self::DIV]\/*[2][self::DIV]\/*[2][self::DIV]\/*[3][self::DIV]\/*[41][self::FIGURE]\/*[1][self::IMG]\" data-dominant-color=\"5b615f\" data-has-transparency=\"false\" style=\"--dominant-color: #5b615f;\" loading=\"lazy\" decoding=\"async\" width=\"800\" height=\"600\"  src=\"https:\/\/www.europesays.com\/fr\/wp-content\/uploads\/2025\/11\/img-indice-de-regeneration-cultures-02-r5egfgnqhhutg1vbjqaq5xe97om9ysjj6b43bhijcg.webp.webp\" alt=\"\" class=\"wp-image-57967 not-transparent\" title=\"Img Indice DIndice De R\u00e9g\u00e9n\u00e9ration Culturese R\u00e9g\u00e9n\u00e9ration Cultures 02\" \/><\/p>\n<p>L\u2019<a href=\"https:\/\/agroecologie.org\/indice-de-regeneration\" rel=\"nofollow noopener\" target=\"_blank\"><strong>Indice de R\u00e9g\u00e9n\u00e9ration<\/strong><\/a> est d\u2019ores et d\u00e9j\u00e0 disponible pour toutes les cultures v\u00e9g\u00e9tales :<\/p>\n<ul class=\"wp-block-list\">\n<li><strong>Les grandes cultures<\/strong> et productions l\u00e9gumi\u00e8res de plein champ ;<\/li>\n<li><strong>L\u2019arboriculture<\/strong> et les productions fruiti\u00e8res arbustives ;<\/li>\n<li><strong>La viticulture <\/strong>;<\/li>\n<li><strong>Le houblon.<\/strong><\/li>\n<\/ul>\n<p><img data-od-unknown-tag=\"\" data-od-xpath=\"\/HTML\/BODY\/DIV[@id='td-outer-wrap']\/*[2][self::DIV]\/*[2][self::DIV]\/*[1][self::DIV]\/*[1][self::ARTICLE]\/*[2][self::DIV]\/*[1][self::DIV]\/*[4][self::DIV]\/*[1][self::DIV]\/*[2][self::DIV]\/*[2][self::DIV]\/*[2][self::DIV]\/*[3][self::DIV]\/*[44][self::FIGURE]\/*[1][self::IMG]\" data-dominant-color=\"7a787b\" data-has-transparency=\"false\" style=\"--dominant-color: #7a787b;\" loading=\"lazy\" decoding=\"async\" width=\"800\" height=\"600\"  src=\"https:\/\/www.europesays.com\/fr\/wp-content\/uploads\/2025\/11\/img-indice-de-regeneration-cultures-03-r5egfgnqhhutg1vbjqaq5xe97om9ysjj6b43bhijcg.webp.webp\" alt=\"\" class=\"wp-image-57968 not-transparent\" title=\"Indice De R\u00e9g\u00e9n\u00e9ration Cultures\" \/><\/p>\n<p>L\u2019Indice de R\u00e9g\u00e9n\u00e9ration Bovin<\/p>\n<p>Suite logique de l\u2019<strong><a href=\"https:\/\/agroecologie.org\/indice-de-regeneration\" rel=\"nofollow noopener\" target=\"_blank\">Indice de R\u00e9g\u00e9n\u00e9ration<\/a><\/strong> Cultures et Prairies qui \u00e9claire les pratiques de conduite du syst\u00e8me fourrages, l\u2019alimentation des troupeaux, dont d\u00e9coule la sant\u00e9 des bovins est, quant \u00e0 elle, le c\u0153ur de l\u2019Indice de R\u00e9g\u00e9n\u00e9ration Bovin dont les piliers sont :\u00a0<\/p>\n<ul class=\"wp-block-list\">\n<li>L\u2019<strong>autonomie : \u00e9nerg\u00e9tique et prot\u00e9ique<\/strong><\/li>\n<li>La <strong>nature de la ration<\/strong> : la part d\u2019herbe et\/ou des fourrages p\u00e2turables dans la ration, productivit\u00e9 des prairies, synergies entre ateliers v\u00e9g\u00e9tal\/animal<\/li>\n<li><strong>Sant\u00e9 du troupeau<\/strong> : frais v\u00e9t\u00e9rinaires et strat\u00e9gie de sant\u00e9 globale<\/li>\n<\/ul>\n<p><img data-od-unknown-tag=\"\" data-od-xpath=\"\/HTML\/BODY\/DIV[@id='td-outer-wrap']\/*[2][self::DIV]\/*[2][self::DIV]\/*[1][self::DIV]\/*[1][self::ARTICLE]\/*[2][self::DIV]\/*[1][self::DIV]\/*[4][self::DIV]\/*[1][self::DIV]\/*[2][self::DIV]\/*[2][self::DIV]\/*[2][self::DIV]\/*[3][self::DIV]\/*[48][self::FIGURE]\/*[1][self::IMG]\" data-dominant-color=\"62665a\" data-has-transparency=\"false\" style=\"--dominant-color: #62665a;\" loading=\"lazy\" decoding=\"async\" width=\"800\" height=\"600\"  src=\"https:\/\/www.europesays.com\/fr\/wp-content\/uploads\/2025\/11\/img-indice-de-regeneration-bovin-01-r5egffpwantj4fwop7w3lfmsmaqwr3fsu6glu7jxio.webp.webp\" alt=\"\" class=\"wp-image-57969 not-transparent\" title=\"Indice De R\u00e9g\u00e9n\u00e9ration Bovin\" \/><\/p>\n<p>Parce que <strong>l\u2019agronomie est l\u2019une des cl\u00e9s de r\u00e9ussite de la transition d\u2019un \u00e9levage et de l\u2019atteinte des b\u00e9n\u00e9fices environnementaux associ\u00e9s<\/strong>, l\u2019Indice de R\u00e9g\u00e9n\u00e9ration Bovin s\u2019accompagne toujours d\u2019un Indice de R\u00e9g\u00e9n\u00e9ration mesur\u00e9 sur les cultures et les prairies de la ferme. Ce double regard sur l\u2019atelier cultures et sur le troupeau permet \u00e0 l\u2019\u00e9leveur d\u2019optimiser la conduite de son troupeau en coh\u00e9rence avec le potentiel de son syst\u00e8me fourrager pour viser des compl\u00e9mentarit\u00e9s r\u00e9ciproques.<\/p>\n<p><img data-od-unknown-tag=\"\" data-od-xpath=\"\/HTML\/BODY\/DIV[@id='td-outer-wrap']\/*[2][self::DIV]\/*[2][self::DIV]\/*[1][self::DIV]\/*[1][self::ARTICLE]\/*[2][self::DIV]\/*[1][self::DIV]\/*[4][self::DIV]\/*[1][self::DIV]\/*[2][self::DIV]\/*[2][self::DIV]\/*[2][self::DIV]\/*[3][self::DIV]\/*[50][self::FIGURE]\/*[1][self::IMG]\" data-dominant-color=\"474629\" data-has-transparency=\"false\" style=\"--dominant-color: #474629;\" loading=\"lazy\" decoding=\"async\" width=\"800\" height=\"600\"  src=\"https:\/\/www.europesays.com\/fr\/wp-content\/uploads\/2025\/11\/img-indice-de-regeneration-bovin-02-r5egffpwantj4fwop7w3lfmsmaqwr3fsu6glu7jxio.webp.webp\" alt=\"\" class=\"wp-image-57970 not-transparent\" title=\"Indice De R\u00e9g\u00e9n\u00e9ration Bovin\" \/><\/p>\n<p>Mesurer les r\u00e9sultats agro\u00e9cologiques d\u2019un syst\u00e8me de production<\/p>\n<p><video data-od-xpath=\"\/HTML\/BODY\/DIV[@id='td-outer-wrap']\/*[2][self::DIV]\/*[2][self::DIV]\/*[1][self::DIV]\/*[1][self::ARTICLE]\/*[2][self::DIV]\/*[1][self::DIV]\/*[4][self::DIV]\/*[1][self::DIV]\/*[2][self::DIV]\/*[2][self::DIV]\/*[2][self::DIV]\/*[3][self::DIV]\/*[52][self::FIGURE]\/*[1][self::VIDEO]\" controls=\"\" src=\"https:\/\/agroecologie.org\/assets\/img\/video-ir.mp4\"\/><\/p>\n<p>Manifeste Pour une Agriculture du Vivant<\/p>\n<p><a href=\"https:\/\/cdurable.info\/manifeste-pour-une-agriculture-du-vivant\/\" rel=\"nofollow noopener\" target=\"_blank\"><img data-od-unknown-tag=\"\" data-od-xpath=\"\/HTML\/BODY\/DIV[@id='td-outer-wrap']\/*[2][self::DIV]\/*[2][self::DIV]\/*[1][self::DIV]\/*[1][self::ARTICLE]\/*[2][self::DIV]\/*[1][self::DIV]\/*[4][self::DIV]\/*[1][self::DIV]\/*[2][self::DIV]\/*[2][self::DIV]\/*[2][self::DIV]\/*[3][self::DIV]\/*[57][self::FIGURE]\/*[1][self::A]\/*[1][self::IMG]\" data-dominant-color=\"bfcbbb\" data-has-transparency=\"false\" style=\"--dominant-color: #bfcbbb;\" loading=\"lazy\" decoding=\"async\" width=\"1024\" height=\"456\"  src=\"https:\/\/www.europesays.com\/fr\/wp-content\/uploads\/2025\/11\/Capture-decran-2025-11-23-a-16.08.01-1024x456.webp.webp\" alt=\"\" class=\"wp-image-57965 not-transparent\" \/><\/a><\/p>\n","protected":false},"excerpt":{"rendered":"L\u2019Union europ\u00e9enne a adopt\u00e9 la directive europ\u00e9enne Soil Monitoring Law sur la surveillance et la r\u00e9silience des sols.&hellip;\n","protected":false},"author":2,"featured_media":553630,"comment_status":"","ping_status":"","sticky":false,"template":"","format":"standard","meta":{"footnotes":""},"categories":[1586],"tags":[11,1777,674,1779,1011,27,12,25,1778,364],"class_list":{"0":"post-553629","1":"post","2":"type-post","3":"status-publish","4":"format-standard","5":"has-post-thumbnail","7":"category-europe","8":"tag-actualites","9":"tag-eu","10":"tag-europe","11":"tag-european-union","12":"tag-fr","13":"tag-france","14":"tag-news","15":"tag-republique-francaise","16":"tag-ue","17":"tag-union-europeenne"},"share_on_mastodon":{"url":"https:\/\/pubeurope.com\/@fr\/115599773909947813","error":""},"_links":{"self":[{"href":"https:\/\/www.europesays.com\/fr\/wp-json\/wp\/v2\/posts\/553629","targetHints":{"allow":["GET"]}}],"collection":[{"href":"https:\/\/www.europesays.com\/fr\/wp-json\/wp\/v2\/posts"}],"about":[{"href":"https:\/\/www.europesays.com\/fr\/wp-json\/wp\/v2\/types\/post"}],"author":[{"embeddable":true,"href":"https:\/\/www.europesays.com\/fr\/wp-json\/wp\/v2\/users\/2"}],"replies":[{"embeddable":true,"href":"https:\/\/www.europesays.com\/fr\/wp-json\/wp\/v2\/comments?post=553629"}],"version-history":[{"count":0,"href":"https:\/\/www.europesays.com\/fr\/wp-json\/wp\/v2\/posts\/553629\/revisions"}],"wp:featuredmedia":[{"embeddable":true,"href":"https:\/\/www.europesays.com\/fr\/wp-json\/wp\/v2\/media\/553630"}],"wp:attachment":[{"href":"https:\/\/www.europesays.com\/fr\/wp-json\/wp\/v2\/media?parent=553629"}],"wp:term":[{"taxonomy":"category","embeddable":true,"href":"https:\/\/www.europesays.com\/fr\/wp-json\/wp\/v2\/categories?post=553629"},{"taxonomy":"post_tag","embeddable":true,"href":"https:\/\/www.europesays.com\/fr\/wp-json\/wp\/v2\/tags?post=553629"}],"curies":[{"name":"wp","href":"https:\/\/api.w.org\/{rel}","templated":true}]}}