{"id":553631,"date":"2025-11-23T15:41:16","date_gmt":"2025-11-23T15:41:16","guid":{"rendered":"https:\/\/www.europesays.com\/fr\/553631\/"},"modified":"2025-11-23T15:41:16","modified_gmt":"2025-11-23T15:41:16","slug":"tournee-dautomne-les-chiffres-de-france-australie-des-bleus-efficaces-angus-bell-au-niveau-de-louis-bielle-biarrey","status":"publish","type":"post","link":"https:\/\/www.europesays.com\/fr\/553631\/","title":{"rendered":"Tourn\u00e9e d\u2019automne &#8211; Les chiffres de France &#8211; Australie\u00a0: des Bleus efficaces, Angus Bell au niveau de Louis Bielle-Biarrey"},"content":{"rendered":"<p>\n                Bouscul\u00e9s par une Australie qui a d\u00e9velopp\u00e9 un jeu rapide, les Bleus se sont appuy\u00e9s sur leur efficacit\u00e9 pour triompher samedi. C&rsquo;est en tout cas ce que disent les chiffres.\u00a0\n            <\/p>\n<p>Les Bleus efficaces dans la zone de marque<\/p>\n<p>Face \u00e0 l\u2019Australie, la France n\u2019a pas \u00e9t\u00e9 des plus dominatrices, que ce soit en termes de possession (48\u00a0%-52\u00a0%) ou d\u2019occupation (51\u00a0%-49\u00a0%). Mais s\u2019il y a bien une chose \u00e0 retenir, c\u2019est que les Bleus se sont montr\u00e9s tr\u00e8s efficaces dans la\u00a0zone\u00a0de marque. En onze incursions dans les 22 m\u00e8tres australiens, les Tricolores ont marqu\u00e9 sept essais. Un ratio plus qu\u2019honorable, surtout quand on le compare \u00e0 celui des Australiens, qui n\u2019ont marqu\u00e9 des points qu\u2019\u00e0 cinq reprises lors de leurs 19 (!) entr\u00e9es dans les 22 m\u00e8tres fran\u00e7ais.<\/p>\n<p>Cette efficacit\u00e9 bleue se note au niveau des expected points, chers \u00e0 Fabien Galthi\u00e9. Selon notre partenaire AIA Sports, il \u00e9tait attendu au vu de leurs situations pendant le match que les Bleus inscrivent un total de 27.61 points, avec 3,01 essais. Au final, le XV de France en a marqu\u00e9 48, avec 7 r\u00e9alisations.<\/p>\n<p>Une discipline qui fait toujours tache<\/p>\n<p>Au cours de cette tourn\u00e9e d\u2019automne, les Bleus ont gard\u00e9 de la constance\u2026 dans leur indiscipline\u00a0! Sanctionn\u00e9s douze fois en moyenne par match\u00a0avant le dernier rendez-vous face \u00e0 l\u2019Australie, les Fran\u00e7ais ont de nouveau \u00e9t\u00e9 p\u00e9nalis\u00e9s \u00e0 douze reprises samedi au Stade de France. C\u2019est \u00e9videmment bien trop au niveau international, surtout lorsqu\u2019on sait que huit de ces p\u00e9nalit\u00e9s ont \u00e9t\u00e9 conc\u00e9d\u00e9es lors du seul premier acte face aux Wallabies.<\/p>\n<p>C\u00f4t\u00e9 individuel, c\u2019est Oscar Jegou qui a subi le plus de coups de sifflet dans le match, avec trois fautes commises. C\u2019est un domaine qui devra \u00eatre particuli\u00e8rement analys\u00e9 et travaill\u00e9 avant le prochain Tournoi des 6 Nations.<\/p>\n<p>Angus Bell au niveau de Bielle-Biarrey<\/p>\n<p>Il y a des piliers qui se contentent de tenir les m\u00eal\u00e9es et d\u2019assurer les soutiens offensifs. Et puis, il y a Angus Bell. Le gaucher australien a \u00e9t\u00e9 brillant de dynamisme face au XV de France samedi. Une impression qui se confirme sur les statistiques\u00a0: avec 61 m\u00e8tres parcourus, 2 franchissements et 11 plaquages, le joueur de l\u2019Ulster a livr\u00e9 une belle prestation \u00e0 Saint-Denis. Surtout, il a battu 4 d\u00e9fenseurs durant la rencontre, <strong><a href=\"https:\/\/www.rugbyrama.fr\/2025\/11\/22\/france-australie-les-notes-des-bleus-face-aux-wallabies-nicolas-depoortere-et-louis-bielle-biarrey-en-fleches-les-anciens-dans-le-dur-13068447.php\" target=\"_self\" rel=\"nofollow noopener\">ce qui en fait le meilleur des deux \u00e9quipes dans ce domaine, avec Louis Bielle-Biarrey<\/a><\/strong>.<\/p>\n<blockquote data-class=\"twitter-tweet\">\n<p lang=\"fr\" dir=\"ltr\">Dans une rencontre tr\u00e8s brouillonne, les Bleus ont pu compter sur les fulgurances de la jeunesse incarn\u00e9e par Depoortere, Bielle-Biarrey ou m\u00eame Gourgues. Tandis que certains cadres comme Alldritt, ou Fickou ont eu du mal \u00e0 guider les troupes.<br \/>Les notes -&gt; <a href=\"https:\/\/t.co\/BEGyGFW9px\" rel=\"nofollow\">https:\/\/t.co\/BEGyGFW9px<\/a> <a href=\"https:\/\/t.co\/hQFandO0i5\" rel=\"nofollow\">pic.twitter.com\/hQFandO0i5<\/a><\/p>\n<p>\u2014 RUGBYRAMA (@RugbyramaFR) <a href=\"https:\/\/twitter.com\/RugbyramaFR\/status\/1992369680540148144?ref_src=twsrc%5Etfw\" rel=\"nofollow noopener\" target=\"_blank\">November 22, 2025<\/a><\/p><\/blockquote>\n<p>Certes trois des quatre plaquages cass\u00e9s l\u2019ont \u00e9t\u00e9 lors de la m\u00eame action, sur son superbe essai \u00e0 la 21e minute. Apr\u00e8s avoir \u00e9chapp\u00e9 \u00e0 Ramos, Bell avait slalom\u00e9 entre Marchand et Meafou pour s\u2019offrir une course vers l\u2019en-but. Cela reste tout de m\u00eame impressionnant.<\/p>\n<p>Une diff\u00e9rence criante de vitesse dans les rucks<\/p>\n<p>D\u00e9fensivement, le XV de France a souvent sembl\u00e9 \u00e0 la limite au niveau du replacement et a plusieurs fois \u00e9t\u00e9 transperc\u00e9 par les combinaisons australiennes au centre du terrain. Cela est peut-\u00eatre li\u00e9 \u00e0 la vitesse qu\u2019ont r\u00e9ussi \u00e0 impulser les Wallabies lors de cette rencontre. 82\u00a0% des rucks australiens ont dur\u00e9 entre 0 et 3 secondes et aucun n\u2019a dur\u00e9 plus de 6 secondes. Une performance remarquable qui pose question. Comment se fait-il que la France a \u00e9t\u00e9 \u00e0 ce point incapable de ralentir les lib\u00e9rations adverses\u00a0? D\u2019autant plus que dans l\u2019autre sens, on peut noter que seulement 61\u00a0% des rucks tricolores ont dur\u00e9 entre 0 et 3 secondes&#8230;<\/p>\n<p>                    <script async src=\"https:\/\/platform.twitter.com\/widgets.js\" charset=\"utf-8\"><\/script><\/p>\n","protected":false},"excerpt":{"rendered":"Bouscul\u00e9s par une Australie qui a d\u00e9velopp\u00e9 un jeu rapide, les Bleus se sont appuy\u00e9s sur leur efficacit\u00e9&hellip;\n","protected":false},"author":2,"featured_media":553632,"comment_status":"","ping_status":"","sticky":false,"template":"","format":"standard","meta":{"footnotes":""},"categories":[2],"tags":[11,1011,27,12,25],"class_list":{"0":"post-553631","1":"post","2":"type-post","3":"status-publish","4":"format-standard","5":"has-post-thumbnail","7":"category-actualites","8":"tag-actualites","9":"tag-fr","10":"tag-france","11":"tag-news","12":"tag-republique-francaise"},"share_on_mastodon":{"url":"","error":""},"_links":{"self":[{"href":"https:\/\/www.europesays.com\/fr\/wp-json\/wp\/v2\/posts\/553631","targetHints":{"allow":["GET"]}}],"collection":[{"href":"https:\/\/www.europesays.com\/fr\/wp-json\/wp\/v2\/posts"}],"about":[{"href":"https:\/\/www.europesays.com\/fr\/wp-json\/wp\/v2\/types\/post"}],"author":[{"embeddable":true,"href":"https:\/\/www.europesays.com\/fr\/wp-json\/wp\/v2\/users\/2"}],"replies":[{"embeddable":true,"href":"https:\/\/www.europesays.com\/fr\/wp-json\/wp\/v2\/comments?post=553631"}],"version-history":[{"count":0,"href":"https:\/\/www.europesays.com\/fr\/wp-json\/wp\/v2\/posts\/553631\/revisions"}],"wp:featuredmedia":[{"embeddable":true,"href":"https:\/\/www.europesays.com\/fr\/wp-json\/wp\/v2\/media\/553632"}],"wp:attachment":[{"href":"https:\/\/www.europesays.com\/fr\/wp-json\/wp\/v2\/media?parent=553631"}],"wp:term":[{"taxonomy":"category","embeddable":true,"href":"https:\/\/www.europesays.com\/fr\/wp-json\/wp\/v2\/categories?post=553631"},{"taxonomy":"post_tag","embeddable":true,"href":"https:\/\/www.europesays.com\/fr\/wp-json\/wp\/v2\/tags?post=553631"}],"curies":[{"name":"wp","href":"https:\/\/api.w.org\/{rel}","templated":true}]}}