{"id":553633,"date":"2025-11-23T15:42:27","date_gmt":"2025-11-23T15:42:27","guid":{"rendered":"https:\/\/www.europesays.com\/fr\/553633\/"},"modified":"2025-11-23T15:42:27","modified_gmt":"2025-11-23T15:42:27","slug":"le-resistant-robert-birenbaum-frere-darmes-de-missak-manouchian-est-mort-emmanuel-macron-rend-hommage-a-un-exemple-pour-tous","status":"publish","type":"post","link":"https:\/\/www.europesays.com\/fr\/553633\/","title":{"rendered":"Le r\u00e9sistant Robert Birenbaum, fr\u00e8re d\u2019armes de Missak Manouchian, est mort\u00a0; Emmanuel Macron rend hommage \u00e0 \u00ab\u00a0un exemple pour tous\u00a0\u00bb"},"content":{"rendered":"<p>                      <img loading=\"lazy\" decoding=\"async\" src=\"https:\/\/www.europesays.com\/fr\/wp-content\/uploads\/2025\/11\/9a80b77_upload-1-zwqhsbvtgfxz-abaca-920065-001.jpg\" alt=\"Robert Birenbaum, \u00e0 Paris, le 13\u00a0f\u00e9vrier 2024.\"   width=\"664\" height=\"443\"\/>    Robert Birenbaum, \u00e0 Paris, le 13\u00a0f\u00e9vrier 2024.  RENAUD KHANH\/ABACA                    <\/p>\n<p class=\"article__paragraph  \">Emmanuel Macron a rendu hommage, dimanche 23\u00a0novembre, au r\u00e9sistant Robert Birenbaum, fr\u00e8re d\u2019armes de M\u00e9lin\u00e9e et <a href=\"https:\/\/www.lemonde.fr\/politique\/article\/2024\/02\/21\/missak-manouchian-poete-et-communiste-atypique-entre-au-pantheon_6217680_823448.html\" rel=\"nofollow noopener\" target=\"_blank\">Missak Manouchian<\/a>, entr\u00e9s au Panth\u00e9on en\u00a02024, un \u00ab\u00a0homme de d\u00e9vouement\u00a0\u00bb et \u00ab\u00a0un exemple pour tous\u00a0\u00bb, mort samedi \u00e0 l\u2019\u00e2ge de 99\u00a0ans.<\/p>\n<p>                                      Lire aussi le r\u00e9cit |  Article r\u00e9serv\u00e9 \u00e0 nos abonn\u00e9s  <a href=\"https:\/\/www.lemonde.fr\/politique\/article\/2024\/02\/22\/missak-et-melinee-manouchian-entrent-au-pantheon-a-l-issue-d-une-ceremonie-emouvante-et-engagee_6217869_823448.html\" class=\"js-article-read-also catcher--favoris__link\" data-premium=\"1\" id=\"article-title-3361068\" rel=\"nofollow noopener\" target=\"_blank\">Missak et M\u00e9lin\u00e9e Manouchian entrent au Panth\u00e9on \u00e0 l\u2019issue d\u2019une c\u00e9r\u00e9monie \u00e9mouvante et engag\u00e9e<\/a>    <\/p>\n<p>   Lire plus tard  <\/p>\n<p class=\"article__paragraph  \">\u00ab\u00a0Robert Birenbaum \u00e9tait entr\u00e9 en R\u00e9sistance \u00e0 16\u00a0ans, aux c\u00f4t\u00e9s de Missak Manouchian et de Marcel Rajman. Il avait ainsi port\u00e9 au plus haut la lutte pour la libert\u00e9, l\u2019\u00e9galit\u00e9 et la fraternit\u00e9\u00a0\u00bb, a salu\u00e9 le pr\u00e9sident sur le r\u00e9seau social X. \u00ab\u00a0Homme de d\u00e9vouement, il fut toute sa vie fid\u00e8le \u00e0 cet engagement initial. Il est et demeurera un exemple pour tous\u00a0\u00bb, a-t-il ajout\u00e9.<\/p>\n<p class=\"article__paragraph  \">Robert Birenbaum \u00e9tait issu, comme Missak Manouchian, du groupe des Francs-tireurs et partisans de la main-d\u2019\u0153uvre immigr\u00e9e (FTP-MOI).<\/p>\n<p class=\"article__paragraph  \">Quatre-vingts ans jour pour jour apr\u00e8s leur ex\u00e9cution par les nazis, au mont Val\u00e9rien, pr\u00e8s de Paris, le r\u00e9sistant communiste \u00e9tranger Missak Manouchian et 23 de ses compagnons d\u2019armes sont entr\u00e9s au Panth\u00e9on le 21\u00a0f\u00e9vrier\u00a02024.<\/p>\n<p class=\"article__paragraph  \">Robert Birenbaum avait alors eu \u00ab\u00a0l\u2019immense honneur de gravir les marches du Panth\u00e9on au bras du pr\u00e9sident de la R\u00e9publique\u00a0\u00bb, a rappel\u00e9 sur X son fils, Guy Birenbaum. \u00ab\u00a0Il va rejoindre enfin sa Tauba bien-aim\u00e9e\u00a0\u00bb, son \u00e9pouse qu\u2019il avait rencontr\u00e9e \u00ab\u00a0le jour de la Lib\u00e9ration de Paris, le 25\u00a0ao\u00fbt\u00a01944\u00a0\u00bb, a aussi \u00e9crit Guy Birenbaum.<\/p>\n<p class=\"article__paragraph  \">N\u00e9 \u00e0 Paris dans une famille juive originaire de Pologne, Robert Birenbaum \u00e9tait entr\u00e9 dans la R\u00e9sistance en juillet\u00a01942. Apr\u00e8s la guerre, il avait tenu un magasin de maroquinerie \u00e0 Paris.<\/p>\n<p>                                 Lire aussi |  Article r\u00e9serv\u00e9 \u00e0 nos abonn\u00e9s  <a href=\"https:\/\/www.lemonde.fr\/idees\/article\/2024\/02\/21\/16-ans-resistant-robert-birenbaum-un-juif-parisien-face-aux-allemands_6217723_3232.html\" class=\"js-article-read-also catcher--favoris__link\" data-premium=\"1\" id=\"article-title-3358771\" rel=\"nofollow noopener\" target=\"_blank\">\u00ab\u00a016\u00a0ans, r\u00e9sistant\u00a0\u00bb\u00a0: Robert Birenbaum, un juif parisien face aux Allemands<\/a>    <\/p>\n<p>   Lire plus tard  <\/p>\n<p class=\"author__detail\">  Le Monde avec AFP  <\/p>\n<p>                <a href=\"https:\/\/www.lemonde.fr\/syndication\/\" class=\"reuse__content\" title=\"R\u00e9utiliser ce contenu\" target=\"_blank\" rel=\"nofollow noopener\">R\u00e9utiliser ce contenu<\/a>      <\/p>\n","protected":false},"excerpt":{"rendered":"Robert Birenbaum, \u00e0 Paris, le 13\u00a0f\u00e9vrier 2024. RENAUD KHANH\/ABACA Emmanuel Macron a rendu hommage, dimanche 23\u00a0novembre, au r\u00e9sistant&hellip;\n","protected":false},"author":2,"featured_media":553634,"comment_status":"","ping_status":"","sticky":false,"template":"","format":"standard","meta":{"footnotes":""},"categories":[2],"tags":[11,1011,27,12,25],"class_list":{"0":"post-553633","1":"post","2":"type-post","3":"status-publish","4":"format-standard","5":"has-post-thumbnail","7":"category-actualites","8":"tag-actualites","9":"tag-fr","10":"tag-france","11":"tag-news","12":"tag-republique-francaise"},"share_on_mastodon":{"url":"https:\/\/pubeurope.com\/@fr\/115599779854995766","error":""},"_links":{"self":[{"href":"https:\/\/www.europesays.com\/fr\/wp-json\/wp\/v2\/posts\/553633","targetHints":{"allow":["GET"]}}],"collection":[{"href":"https:\/\/www.europesays.com\/fr\/wp-json\/wp\/v2\/posts"}],"about":[{"href":"https:\/\/www.europesays.com\/fr\/wp-json\/wp\/v2\/types\/post"}],"author":[{"embeddable":true,"href":"https:\/\/www.europesays.com\/fr\/wp-json\/wp\/v2\/users\/2"}],"replies":[{"embeddable":true,"href":"https:\/\/www.europesays.com\/fr\/wp-json\/wp\/v2\/comments?post=553633"}],"version-history":[{"count":0,"href":"https:\/\/www.europesays.com\/fr\/wp-json\/wp\/v2\/posts\/553633\/revisions"}],"wp:featuredmedia":[{"embeddable":true,"href":"https:\/\/www.europesays.com\/fr\/wp-json\/wp\/v2\/media\/553634"}],"wp:attachment":[{"href":"https:\/\/www.europesays.com\/fr\/wp-json\/wp\/v2\/media?parent=553633"}],"wp:term":[{"taxonomy":"category","embeddable":true,"href":"https:\/\/www.europesays.com\/fr\/wp-json\/wp\/v2\/categories?post=553633"},{"taxonomy":"post_tag","embeddable":true,"href":"https:\/\/www.europesays.com\/fr\/wp-json\/wp\/v2\/tags?post=553633"}],"curies":[{"name":"wp","href":"https:\/\/api.w.org\/{rel}","templated":true}]}}