{"id":553635,"date":"2025-11-23T15:43:18","date_gmt":"2025-11-23T15:43:18","guid":{"rendered":"https:\/\/www.europesays.com\/fr\/553635\/"},"modified":"2025-11-23T15:43:18","modified_gmt":"2025-11-23T15:43:18","slug":"cette-ville-espagnole-totalement-encerclee-par-la-france","status":"publish","type":"post","link":"https:\/\/www.europesays.com\/fr\/553635\/","title":{"rendered":"cette ville espagnole totalement encercl\u00e9e par la France"},"content":{"rendered":"<p>Ll\u00edvia occupe 13 km\u00b2 de territoire espagnol en plein c\u0153ur des Pyr\u00e9n\u00e9es-Orientales fran\u00e7aises. Cette anomalie g\u00e9ographique transforme chaque visite en petite exp\u00e9rience d\u2019Europe miniature : on roule en France, on se gare en France, puis on traverse une fronti\u00e8re invisible pour acheter son pain en <a href=\"https:\/\/partir.ouest-france.fr\/espagne\" target=\"_blank\" rel=\"noopener\">Espagne<\/a>. Les 1 400 habitants vivent cette bizarrerie au quotidien depuis plus de trois si\u00e8cles.<\/p>\n<p>Une enclave n\u00e9e d\u2019un trait\u00e9 du XVIIe si\u00e8cle<\/p>\n<p>Le trait\u00e9 des Pyr\u00e9n\u00e9es de 1659 a redessin\u00e9 la fronti\u00e8re entre la France et l\u2019Espagne. Louis XIV et Philippe IV se sont mis d\u2019accord : les villages de Cerdagne passent c\u00f4t\u00e9 fran\u00e7ais, sauf Ll\u00edvia. La raison ? Un d\u00e9tail administratif qui a tout chang\u00e9. Le trait\u00e9 c\u00e9dait les \u00ab\u00a0villages\u00a0\u00bb \u00e0 la France, mais Ll\u00edvia avait le statut de \u00ab\u00a0ville\u00a0\u00bb depuis l\u2019\u00e9poque romaine. Les n\u00e9gociateurs espagnols ont jou\u00e9 sur ce terme juridique.<\/p>\n<p>R\u00e9sultat : Ll\u00edvia est rest\u00e9e espagnole, entour\u00e9e de territoire fran\u00e7ais. Aucune continuit\u00e9 g\u00e9ographique avec l\u2019Espagne. Pour rejoindre leur pays, les habitants doivent traverser 2 km de France via une route sp\u00e9ciale, la N-154, qui a un statut neutre depuis 1866. Techniquement, cette route n\u2019appartient ni \u00e0 la France ni \u00e0 l\u2019Espagne.<\/p>\n<p>Traverser la France pour rester en Espagne<\/p>\n<p>La route qui relie Ll\u00edvia \u00e0 Puigcerd\u00e0, premi\u00e8re ville espagnole \u00ab\u00a0normale\u00a0\u00bb, traverse le village fran\u00e7ais d\u2019Ur. Officiellement, cette voie est sous souverainet\u00e9 conjointe depuis un accord de 1866. Concr\u00e8tement, elle ressemble \u00e0 n\u2019importe quelle d\u00e9partementale fran\u00e7aise, avec quelques panneaux rappelant qu\u2019on entre en territoire espagnol.<\/p>\n<p>Aucun contr\u00f4le douanier depuis Schengen, mais les diff\u00e9rences se remarquent vite. Les horaires de d\u00e9jeuner suivent le rythme espagnol, les prix sont affich\u00e9s en euros mais souvent plus bas qu\u2019en France sur certains produits. Les habitants b\u00e9n\u00e9ficient du syst\u00e8me de sant\u00e9 espagnol tout en faisant leurs courses des deux c\u00f4t\u00e9s de la fronti\u00e8re selon les avantages. Cette situation cr\u00e9e une \u00e9conomie hybride o\u00f9 le pouvoir d\u2019achat se joue sur quelques kilom\u00e8tres.<\/p>\n<p>R\u00e9servez un voyage sur mesure en Espagne avec Evaneos<br \/>\n<\/p>\n<p>Une petite ville \u00e0 l\u2019identit\u00e9 catalane affirm\u00e9e<\/p>\n<p>Ll\u00edvia ne ressemble pas \u00e0 un village-mus\u00e9e fig\u00e9 dans son statut d\u2019enclave. La vie quotidienne suit le calendrier espagnol et catalan : les commerces ferment l\u2019apr\u00e8s-midi, les restaurants servent jusqu\u2019\u00e0 23h, la langue catalane domine dans les conversations. Le centre historique conserve des ruelles m\u00e9di\u00e9vales et une \u00e9glise fortifi\u00e9e du XIVe si\u00e8cle.<\/p>\n<p>L\u2019attraction principale reste la pharmacie Esteva, document\u00e9e depuis 1594 et transform\u00e9e en mus\u00e9e. C\u2019est l\u2019une des plus anciennes pharmacies d\u2019Europe, avec ses pots en c\u00e9ramique d\u2019\u00e9poque et ses bo\u00eetes polychromes d\u00e9cor\u00e9es de figures de saints. Le mus\u00e9e occupe le rez-de-chauss\u00e9e de la mairie et pr\u00e9sente \u00e9galement des vestiges arch\u00e9ologiques du forum romain de la ville.<\/p>\n<p>L\u2019\u00e9t\u00e9, Ll\u00edvia attire les visiteurs qui viennent d\u00e9couvrir cette curiosit\u00e9 g\u00e9ographique et son patrimoine. L\u2019hiver, plusieurs stations de ski de Cerdagne se trouvent \u00e0 proximit\u00e9, dont La Molina. La ville propose des h\u00e9bergements vari\u00e9s, des hostals aux locations rurales, pour explorer la r\u00e9gion.<\/p>\n","protected":false},"excerpt":{"rendered":"Ll\u00edvia occupe 13 km\u00b2 de territoire espagnol en plein c\u0153ur des Pyr\u00e9n\u00e9es-Orientales fran\u00e7aises. Cette anomalie g\u00e9ographique transforme chaque&hellip;\n","protected":false},"author":2,"featured_media":553636,"comment_status":"","ping_status":"","sticky":false,"template":"","format":"standard","meta":{"footnotes":""},"categories":[4],"tags":[11,1011,27,12,25],"class_list":{"0":"post-553635","1":"post","2":"type-post","3":"status-publish","4":"format-standard","5":"has-post-thumbnail","7":"category-france","8":"tag-actualites","9":"tag-fr","10":"tag-france","11":"tag-news","12":"tag-republique-francaise"},"share_on_mastodon":{"url":"https:\/\/pubeurope.com\/@fr\/115599782961749729","error":""},"_links":{"self":[{"href":"https:\/\/www.europesays.com\/fr\/wp-json\/wp\/v2\/posts\/553635","targetHints":{"allow":["GET"]}}],"collection":[{"href":"https:\/\/www.europesays.com\/fr\/wp-json\/wp\/v2\/posts"}],"about":[{"href":"https:\/\/www.europesays.com\/fr\/wp-json\/wp\/v2\/types\/post"}],"author":[{"embeddable":true,"href":"https:\/\/www.europesays.com\/fr\/wp-json\/wp\/v2\/users\/2"}],"replies":[{"embeddable":true,"href":"https:\/\/www.europesays.com\/fr\/wp-json\/wp\/v2\/comments?post=553635"}],"version-history":[{"count":0,"href":"https:\/\/www.europesays.com\/fr\/wp-json\/wp\/v2\/posts\/553635\/revisions"}],"wp:featuredmedia":[{"embeddable":true,"href":"https:\/\/www.europesays.com\/fr\/wp-json\/wp\/v2\/media\/553636"}],"wp:attachment":[{"href":"https:\/\/www.europesays.com\/fr\/wp-json\/wp\/v2\/media?parent=553635"}],"wp:term":[{"taxonomy":"category","embeddable":true,"href":"https:\/\/www.europesays.com\/fr\/wp-json\/wp\/v2\/categories?post=553635"},{"taxonomy":"post_tag","embeddable":true,"href":"https:\/\/www.europesays.com\/fr\/wp-json\/wp\/v2\/tags?post=553635"}],"curies":[{"name":"wp","href":"https:\/\/api.w.org\/{rel}","templated":true}]}}