{"id":55364,"date":"2025-04-26T21:53:10","date_gmt":"2025-04-26T21:53:10","guid":{"rendered":"https:\/\/www.europesays.com\/fr\/55364\/"},"modified":"2025-04-26T21:53:10","modified_gmt":"2025-04-26T21:53:10","slug":"girondins-de-bordeaux-jean-grillot-19-ans-veut-une-fin-de-saison-digne-du-club-de-bordeaux","status":"publish","type":"post","link":"https:\/\/www.europesays.com\/fr\/55364\/","title":{"rendered":"Girondins de Bordeaux : Jean Grillot (19 ans) veut une fin de saison digne du club de Bordeaux"},"content":{"rendered":"<p><img decoding=\"async\" src=\"https:\/\/www.europesays.com\/fr\/wp-content\/uploads\/2025\/04\/671_95474ac56353e92951b49eb0523a234f.jpg\" alt=\"Girondins de Bordeaux : Jean Grillot (19 ans) veut une fin de saison digne du club de Bordeaux\" class=\"img-responsive mt-3\"\/><\/p>\n<p class=\"text-center mb-3\" style=\"font-size: 14px\">\u00a9 Iconsport<\/p>\n<p>      <strong>\u00ab\u00a0Cela a \u00e9t\u00e9 dur de se relancer la semaine derni\u00e8re\u00a0\u00bb<\/strong><\/p>\n<p style=\"text-align: justify;\">Jean Grillot sur la radio Forvever : \u00ab\u00a0Il y a la satisfaction de ne pas avoir l\u00e2ch\u00e9, et cela montre qu&rsquo;on va tout donner jusqu&rsquo;au bout. On ne peut faire que \u00e7a de toute fa\u00e7on. Bien s\u00fbr il y a des regrets sur la saison. Je me suis senti \u00e0 l&rsquo;aise dans ce nouveau syst\u00e8me (en 352). On a trouv\u00e9 nos rep\u00e8res et on s&rsquo;est bien adapt\u00e9 \u00e0 la composition d&rsquo;\u00e9quipe. Cela a \u00e9t\u00e9 dur de se relancer la semaine derni\u00e8re (apr\u00e8s la d\u00e9faite face \u00e0 Saint-Brieuc 1-0) aussi bien pour le staff que pour les joueurs. Cette victoire prouve que l&rsquo;on a r\u00e9ussi \u00e0 se redresser et \u00e0 garder la t\u00eate haute.<\/p>\n<p style=\"text-align: justify;\">Le coach nous a dit de tout donner jusqu&rsquo;au bout, peu importe ce qu&rsquo;il s&rsquo;est pass\u00e9. Les North Gate (Association ultra Virage Nord) nous ont demand\u00e9 de tout donner jusqu&rsquo;au bout et ne pas faire la m\u00eame chose la saison prochaine pour ceux qui vont rester. On doit bien finir la saison, proprement pas respect pour le club et le staff.\u00a0\u00bb<\/p>\n<p>\u00c0 lire aussi &gt;&gt; <strong><a href=\"https:\/\/www.webgirondins.com\/actualite-girondins-n2-les-girondins-gagnent-face-a-la-roche-vf-et-font-du-surplace-au-classement-128862\" target=\"_blank\" rel=\"noopener\">N2 : les Girondins gagnent face \u00e0 la Roche VF et font du surplace au classement<\/a><\/strong><\/p>\n<p>Notre podcast court \u00e0 \u00e9couter :<\/p>\n","protected":false},"excerpt":{"rendered":"\u00a9 Iconsport \u00ab\u00a0Cela a \u00e9t\u00e9 dur de se relancer la semaine derni\u00e8re\u00a0\u00bb Jean Grillot sur la radio Forvever&hellip;\n","protected":false},"author":2,"featured_media":55365,"comment_status":"","ping_status":"","sticky":false,"template":"","format":"standard","meta":{"footnotes":""},"categories":[1410],"tags":[150,1997,15014,5244,15013,15012,8435,2823,63,1011,27,1987,15011,13392,3913,6689,3242,60,9870,1264],"class_list":{"0":"post-55364","1":"post","2":"type-post","3":"status-publish","4":"format-standard","5":"has-post-thumbnail","7":"category-football","8":"tag-apres","9":"tag-bordeaux","10":"tag-central","11":"tag-club","12":"tag-defenseur","13":"tag-digne","14":"tag-exprime","15":"tag-face","16":"tag-football","17":"tag-fr","18":"tag-france","19":"tag-girondins","20":"tag-grillot","21":"tag-jean","22":"tag-jeune","23":"tag-roche","24":"tag-saison","25":"tag-sports","26":"tag-veut","27":"tag-victoire"},"share_on_mastodon":{"url":"https:\/\/pubeurope.com\/@fr\/114406490345785133","error":""},"_links":{"self":[{"href":"https:\/\/www.europesays.com\/fr\/wp-json\/wp\/v2\/posts\/55364","targetHints":{"allow":["GET"]}}],"collection":[{"href":"https:\/\/www.europesays.com\/fr\/wp-json\/wp\/v2\/posts"}],"about":[{"href":"https:\/\/www.europesays.com\/fr\/wp-json\/wp\/v2\/types\/post"}],"author":[{"embeddable":true,"href":"https:\/\/www.europesays.com\/fr\/wp-json\/wp\/v2\/users\/2"}],"replies":[{"embeddable":true,"href":"https:\/\/www.europesays.com\/fr\/wp-json\/wp\/v2\/comments?post=55364"}],"version-history":[{"count":0,"href":"https:\/\/www.europesays.com\/fr\/wp-json\/wp\/v2\/posts\/55364\/revisions"}],"wp:featuredmedia":[{"embeddable":true,"href":"https:\/\/www.europesays.com\/fr\/wp-json\/wp\/v2\/media\/55365"}],"wp:attachment":[{"href":"https:\/\/www.europesays.com\/fr\/wp-json\/wp\/v2\/media?parent=55364"}],"wp:term":[{"taxonomy":"category","embeddable":true,"href":"https:\/\/www.europesays.com\/fr\/wp-json\/wp\/v2\/categories?post=55364"},{"taxonomy":"post_tag","embeddable":true,"href":"https:\/\/www.europesays.com\/fr\/wp-json\/wp\/v2\/tags?post=55364"}],"curies":[{"name":"wp","href":"https:\/\/api.w.org\/{rel}","templated":true}]}}