{"id":553641,"date":"2025-11-23T15:47:21","date_gmt":"2025-11-23T15:47:21","guid":{"rendered":"https:\/\/www.europesays.com\/fr\/553641\/"},"modified":"2025-11-23T15:47:21","modified_gmt":"2025-11-23T15:47:21","slug":"fft-ljubicic-tacle-moutet-apres-son-coup-inacceptable-en-coupe-davis-sports","status":"publish","type":"post","link":"https:\/\/www.europesays.com\/fr\/553641\/","title":{"rendered":"FFT : Ljubicic tacle Moutet apr\u00e8s son coup \u00ab inacceptable \u00bb en Coupe Davis : Sports"},"content":{"rendered":"<p class=\"date\">\n                                                            Emmanuel LANGELLIER, Media365 : publi\u00e9 le dimanche 23 novembre 2025 \u00e0 15h08\n                                                    <\/p>\n<p>La demi-vol\u00e9e rat\u00e9e de Corentin Moutet en Coupe Davis continue de faire parler. Ivan Ljubicic, le responsable du haut niveau \u00e0 la FFT, n&rsquo;a \u00e9videmment pas appr\u00e9ci\u00e9.<\/p>\n<p>La finale de la Coupe Davis opposera dimanche l&rsquo;Italie \u00e0 l&rsquo;Espagne \u00e0 Bologne. Un temps esp\u00e9r\u00e9e lors du dernier jour de l&rsquo;\u00e9preuve, <a href=\"https:\/\/sports.orange.fr\/tennis\/article\/coupe-davis-zizou-bergs-elimine-les-bleus-CNT000002lMgIi.html\" rel=\"nofollow noopener\" target=\"_blank\"> l&rsquo;\u00e9quipe de France a flanch\u00e9 d\u00e8s les quarts de finale contre la Belgique (0-2) <\/a>. La rencontre contre nos voisins restera dans les m\u00e9moires en raison de la d\u00e9faite de Corentin Moutet, auteur d&rsquo;un geste tr\u00e8s os\u00e9 pr\u00e8s du filet mais finalement compl\u00e8tement rat\u00e9 contre Rapha\u00ebl Collignon, que le Fran\u00e7ais dominait \u00e0 ce moment-l\u00e0 et qui s&rsquo;est impos\u00e9 en 3 sets (2-6, 7-5, 7-5).<\/p>\n<p>\u00ab Il a jou\u00e9 ce point d&rsquo;une mani\u00e8re que je ne peux pas comprendre \u00bb<\/p>\n<p>Le coup de folie du gaucher, pour rappel ? Une demi-vol\u00e9e entre les jambes vendang\u00e9e \u00e0 6-5, 15A dans le 2e set. Abondamment critiqu\u00e9, <a href=\"https:\/\/sports.orange.fr\/tennis\/article\/coupe-davis-moutet-regrette-profondement-ce-choix-exclu-CNT000002lNF4h.html\" rel=\"nofollow noopener\" target=\"_blank\"> ce geste qu&rsquo;a \u00ab profond\u00e9ment regrett\u00e9 \u00bb Moutet <\/a> n&rsquo;est, sans surprise, pas pass\u00e9 chez Ivan Ljubicic, le responsable du haut niveau \u00e0 la F\u00e9d\u00e9ration fran\u00e7aise de tennis.<\/p>\n<p>\u00ab Je ne sais pas quoi dire. Quand tu s\u00e9lectionnes Corentin Moutet, tu ne sais pas ce qui peut se passer. C&rsquo;est quand m\u00eame un risque, a r\u00e9agi le Croate dans L&rsquo;Equipe, dimanche. En Croatie, \u00e7a s&rsquo;est tr\u00e8s bien d\u00e9roul\u00e9. \u00c0 Bologne, il a jou\u00e9 ce point d&rsquo;une mani\u00e8re que je ne peux pas comprendre. Je n&rsquo;ai jamais jou\u00e9 un point dans ma carri\u00e8re pour ne pas le gagner. Il y a une diff\u00e9rence quand tu joues pour toi-m\u00eame ou l&rsquo;\u00e9quipe de France \u00bb<\/p>\n<p>\u00ab On ne peut pas sanctionner quelqu&rsquo;un qui s&rsquo;excuse. C&rsquo;est juste dommage, voil\u00e0 \u00bb<\/p>\n<p>L&rsquo;ancien num\u00e9ro 3 mondial parle d&rsquo;\u00ab un manque de respect pour la comp\u00e9tition, pour l&rsquo;\u00e9quipe. C&rsquo;est dommage, il avait fait un tr\u00e8s bon premier set face \u00e0 Collignon. Il s&rsquo;est bloqu\u00e9 apr\u00e8s ce point parce qu&rsquo;il a compris qu&rsquo;il avait fait quelque chose d&rsquo;inacceptable. Il s&rsquo;est excus\u00e9. C&rsquo;est la r\u00e9action d&rsquo;apr\u00e8s qu&rsquo;il faut regarder. Il a dit tout ce qu&rsquo;il fallait dire. On ne peut pas sanctionner quelqu&rsquo;un qui s&rsquo;excuse. C&rsquo;est juste dommage, voil\u00e0. \u00bb<\/p>\n<p>Ljubicic dresse aussi le bilan de l&rsquo;ann\u00e9e. Globalement satisfait, m\u00eame s&rsquo;il regrette les blessures d&rsquo;Ugo Humbert et Arthur Fils, l&rsquo;ancien joueur se f\u00e9licite du nombre de Tricolores pr\u00e9sents dans le top 100 et \u00ab reste tr\u00e8s confiant pour la suite \u00bb. Au sujet de Lo\u00efs Boisson, demi-finaliste surprise \u00e0 Roland-Garros et 36e joueuse mondiale, \u00ab il faut confirmer. Elle a cette \u00e9nergie, elle veut investir pour avoir les meilleurs avec elle. C&rsquo;est parfois difficile \u00e0 vivre quand tu n&rsquo;es jamais content tellement tu veux r\u00e9ussir, mais elle a cette ambition pour progresser, tranche le Croate. Ce n&rsquo;est pas simple, mais n\u00e9cessaire. \u00bb<\/p>\n","protected":false},"excerpt":{"rendered":"Emmanuel LANGELLIER, Media365 : publi\u00e9 le dimanche 23 novembre 2025 \u00e0 15h08 La demi-vol\u00e9e rat\u00e9e de Corentin Moutet&hellip;\n","protected":false},"author":2,"featured_media":553642,"comment_status":"","ping_status":"","sticky":false,"template":"","format":"standard","meta":{"footnotes":""},"categories":[1415],"tags":[1011,27,60,1467],"class_list":{"0":"post-553641","1":"post","2":"type-post","3":"status-publish","4":"format-standard","5":"has-post-thumbnail","7":"category-tennis","8":"tag-fr","9":"tag-france","10":"tag-sports","11":"tag-tennis"},"share_on_mastodon":{"url":"https:\/\/pubeurope.com\/@fr\/115599798638993576","error":""},"_links":{"self":[{"href":"https:\/\/www.europesays.com\/fr\/wp-json\/wp\/v2\/posts\/553641","targetHints":{"allow":["GET"]}}],"collection":[{"href":"https:\/\/www.europesays.com\/fr\/wp-json\/wp\/v2\/posts"}],"about":[{"href":"https:\/\/www.europesays.com\/fr\/wp-json\/wp\/v2\/types\/post"}],"author":[{"embeddable":true,"href":"https:\/\/www.europesays.com\/fr\/wp-json\/wp\/v2\/users\/2"}],"replies":[{"embeddable":true,"href":"https:\/\/www.europesays.com\/fr\/wp-json\/wp\/v2\/comments?post=553641"}],"version-history":[{"count":0,"href":"https:\/\/www.europesays.com\/fr\/wp-json\/wp\/v2\/posts\/553641\/revisions"}],"wp:featuredmedia":[{"embeddable":true,"href":"https:\/\/www.europesays.com\/fr\/wp-json\/wp\/v2\/media\/553642"}],"wp:attachment":[{"href":"https:\/\/www.europesays.com\/fr\/wp-json\/wp\/v2\/media?parent=553641"}],"wp:term":[{"taxonomy":"category","embeddable":true,"href":"https:\/\/www.europesays.com\/fr\/wp-json\/wp\/v2\/categories?post=553641"},{"taxonomy":"post_tag","embeddable":true,"href":"https:\/\/www.europesays.com\/fr\/wp-json\/wp\/v2\/tags?post=553641"}],"curies":[{"name":"wp","href":"https:\/\/api.w.org\/{rel}","templated":true}]}}