{"id":553643,"date":"2025-11-23T15:51:16","date_gmt":"2025-11-23T15:51:16","guid":{"rendered":"https:\/\/www.europesays.com\/fr\/553643\/"},"modified":"2025-11-23T15:51:16","modified_gmt":"2025-11-23T15:51:16","slug":"cyclo-cross-de-cognin-kerrian-masset-1er-actualite","status":"publish","type":"post","link":"https:\/\/www.europesays.com\/fr\/553643\/","title":{"rendered":"Cyclo-cross de Cognin : Kerrian Masset 1er &#8211; Actualit\u00e9"},"content":{"rendered":"<p class=\"pf0\" style=\"text-align: justify;\">Kerrian Masset (Chamb\u00e9ry Cyclisme Comp\u00e9tition) a remport\u00e9, ce dimanche, le cyclo-cross de Cognin (Savoie), disput\u00e9 dans le Parc du For\u00e9zan et organis\u00e9 par Chamb\u00e9ry Cyclisme Organisation. Il a devanc\u00e9 Antoine Tran Van (AS Villemur).<br \/>Kerrian Masset succ\u00e8de \u00e0 Bastien Tronchon (Decathlon AG2R La Mondiale) au palmar\u00e8s.<\/p>\n<p><strong>Classement :<\/strong><br \/><strong>S\u00e9niors et U23<\/strong><br \/>1. Kerria Masset (Chamb\u00e9ry Cyclisme Comp\u00e9tition)<br \/>2. Antoine Tran Van (AS Villemur)<\/p>\n<p>Plus d&rsquo;informations \u00e0 venir.<\/p>\n","protected":false},"excerpt":{"rendered":"Kerrian Masset (Chamb\u00e9ry Cyclisme Comp\u00e9tition) a remport\u00e9, ce dimanche, le cyclo-cross de Cognin (Savoie), disput\u00e9 dans le Parc&hellip;\n","protected":false},"author":2,"featured_media":553644,"comment_status":"","ping_status":"","sticky":false,"template":"","format":"standard","meta":{"footnotes":""},"categories":[1411],"tags":[834,828,836,829,837,827,83,826,824,823,1154,207,814,817,815,816,822,821,832,211,839,1011,27,820,818,819,835,831,830,833,838,60,212,208,825],"class_list":{"0":"post-553643","1":"post","2":"type-post","3":"status-publish","4":"format-standard","5":"has-post-thumbnail","7":"category-cyclisme","8":"tag-attaque","9":"tag-belgique","10":"tag-braquet","11":"tag-bretagne","12":"tag-chute","13":"tag-competition","14":"tag-coupe-de-france","15":"tag-coureur","16":"tag-course-cyclisme","17":"tag-course-cycliste","18":"tag-cycling","19":"tag-cyclisme","20":"tag-direct","21":"tag-direct-velo","22":"tag-directvelo","23":"tag-directvelo-com","24":"tag-epreuve","25":"tag-epreuve-cycliste","26":"tag-federation-francaise-de-cyclisme","27":"tag-ffc","28":"tag-flandres","29":"tag-fr","30":"tag-france","31":"tag-live","32":"tag-live-course","33":"tag-live-epreuve","34":"tag-peloton","35":"tag-radio-peloton","36":"tag-radio-tour","37":"tag-ravitaillement","38":"tag-relance","39":"tag-sports","40":"tag-uci","41":"tag-velo","42":"tag-velos"},"share_on_mastodon":{"url":"https:\/\/pubeurope.com\/@fr\/115599814584939935","error":""},"_links":{"self":[{"href":"https:\/\/www.europesays.com\/fr\/wp-json\/wp\/v2\/posts\/553643","targetHints":{"allow":["GET"]}}],"collection":[{"href":"https:\/\/www.europesays.com\/fr\/wp-json\/wp\/v2\/posts"}],"about":[{"href":"https:\/\/www.europesays.com\/fr\/wp-json\/wp\/v2\/types\/post"}],"author":[{"embeddable":true,"href":"https:\/\/www.europesays.com\/fr\/wp-json\/wp\/v2\/users\/2"}],"replies":[{"embeddable":true,"href":"https:\/\/www.europesays.com\/fr\/wp-json\/wp\/v2\/comments?post=553643"}],"version-history":[{"count":0,"href":"https:\/\/www.europesays.com\/fr\/wp-json\/wp\/v2\/posts\/553643\/revisions"}],"wp:featuredmedia":[{"embeddable":true,"href":"https:\/\/www.europesays.com\/fr\/wp-json\/wp\/v2\/media\/553644"}],"wp:attachment":[{"href":"https:\/\/www.europesays.com\/fr\/wp-json\/wp\/v2\/media?parent=553643"}],"wp:term":[{"taxonomy":"category","embeddable":true,"href":"https:\/\/www.europesays.com\/fr\/wp-json\/wp\/v2\/categories?post=553643"},{"taxonomy":"post_tag","embeddable":true,"href":"https:\/\/www.europesays.com\/fr\/wp-json\/wp\/v2\/tags?post=553643"}],"curies":[{"name":"wp","href":"https:\/\/api.w.org\/{rel}","templated":true}]}}