{"id":553650,"date":"2025-11-23T15:56:22","date_gmt":"2025-11-23T15:56:22","guid":{"rendered":"https:\/\/www.europesays.com\/fr\/553650\/"},"modified":"2025-11-23T15:56:22","modified_gmt":"2025-11-23T15:56:22","slug":"ophelie-meunier-a-cede-sa-place-pour-une-raison","status":"publish","type":"post","link":"https:\/\/www.europesays.com\/fr\/553650\/","title":{"rendered":"Oph\u00e9lie Meunier a c\u00e9d\u00e9 sa place pour une raison &#8230;"},"content":{"rendered":"<p>EN BREF<\/p>\n<ul class=\"bloc_resume_post_list\">\n<li>Zone Interdite, diffus\u00e9 sur M6 depuis 1993, revient le 23<br \/>\nnovembre 2025 avec Oph\u00e9lie Meunier \u00e0 la pr\u00e9sentation.<\/li>\n<li>Le prochain \u00e9pisode explore la vie de Fran\u00e7ais avec<br \/>\ntrisomie 21, mettant en lumi\u00e8re leurs d\u00e9fis et<br \/>\nr\u00e9ussites.<\/li>\n<li>Jeanne, journaliste porteuse de trisomie 21, prend la<br \/>\nplace d\u00a0\u00bbOph\u00e9lie Meunier pour un segment sp\u00e9cial.<\/li>\n<\/ul>\n<p>Lanc\u00e9 pour la premi\u00e8re fois sur l\u2019antenne de M6 en 1993.<br \/>\n<a href=\"https:\/\/www.telestar.fr\/actu_tv\/pensees-suicidaires-et-souffrance-extreme-zone-interdite-et-66-minutes-dans-loeil-du-cyclone-1726588\" target=\"_blank\" rel=\"noopener\"><br \/>\nLe magazine Zone Interdite<\/a> est aujourd\u2019hui devenu l<strong>\u2019un<br \/>\ndes programmes les plus incontournables de la cha\u00eene<\/strong><br \/>\nautrefois dirig\u00e9e par Nicolas de Tavernost.\u00a0<a href=\"https:\/\/www.telestar.fr\/actu_tv\/capital-m6-quel-est-le-theme-de-lemission-ce-22-juin-1725637\" target=\"_blank\" rel=\"noopener\">Diffus\u00e9e<br \/>\nen alternance avec le magazine\u00a0Capital.<\/a> L\u2019\u00e9mission sera de<br \/>\nretour pour un nouveau num\u00e9ro in\u00e9dit dimanche 23 novembre 2025, \u00e0<br \/>\npartir de 21h05 sur M6.<\/p>\n<p>Pour rappel, plusieurs figures embl\u00e9matiques du paysage<br \/>\naudiovisuel fran\u00e7ais se sont succ\u00e9d\u00e9es \u00e0 la pr\u00e9sentation de Zone<br \/>\nInterdite au fils des ann\u00e9es.<strong>\u00a0Bernard de la<br \/>\nVillardi\u00e8re, Anne-Sophie Lapix, M\u00e9lissa Theuriau<\/strong>, ou bien<br \/>\nencore Wendy Bouchard ont incarn\u00e9 ce magazine. Qui est d\u00e9sormais<br \/>\npr\u00e9sent\u00e9 par <a href=\"https:\/\/www.closermag.fr\/people\/ophelie-meunier-a-quoi-ressemblait-le-splendide-appartement-parisien-quelle-a-revendu-avec-son-mari-3570652\" target=\"_blank\" rel=\"noopener\"><br \/>\nOph\u00e9lie Meunier<\/a>\u00a0depuis 2016.<\/p>\n<p>Zone interdite : Oph\u00e9lie Meunier et ses \u00e9quipes s&rsquo;int\u00e9ressent \u00e0<br \/>\nla trisomie 21 cette semaine<\/p>\n<p>\u00ab\u00a0Ils sont diff\u00e9rents, et alors ? N\u00e9s avec un chromosome en<br \/>\nplus, ils s\u2019appellent \u00c9l\u00e9onore, Dylan, Jeanne ou encore Julie et<br \/>\nLaurent. Et ils veulent vivre pleinement. Comme n\u2019importe qui.<br \/>\nDurant plusieurs mois, Zone Interdite a partag\u00e9, \u00e0 diff\u00e9rentes<br \/>\n\u00e9tapes de leur vie, <strong>le quotidien de Fran\u00e7ais porteurs de<br \/>\ntrisomie 21.<\/strong> Travail, amour, autonomie, leurs parcours<br \/>\nvont \u00e0 l\u2019encontre de bien des id\u00e9es re\u00e7ues\u00a0\u00bb, a tout d&rsquo;abord<br \/>\nindiqu\u00e9 M6 dans un communiqu\u00e9.<\/p>\n<p>\u00ab\u00a0Vous d\u00e9couvrirez comment ils parviennent, jour apr\u00e8s jour,<br \/>\navec le soutien de leurs proches, \u00e0 surmonter les obstacles qui<br \/>\nrestent pourtant nombreux. Du combat pour la scolarisation, \u00e0 la<br \/>\ndifficile question du vieillissement, en passant par les premi\u00e8res<br \/>\namours et les amiti\u00e9s, ces personnalit\u00e9s lumineuses ne manqueront<br \/>\npas de nous inspirer et de nous faire voir la vie autrement.<br \/>\n<strong>Avec un grand truc en plus !<\/strong>\u00ab\u00a0, a ensuite<br \/>\najout\u00e9 la cha\u00eene.<\/p>\n<p>L&rsquo;animatrice a laiss\u00e9 temporairement sa<br \/>\nplace \u00e0 une journaliste porteuse de trisomie 21 sur M6<\/p>\n<p>\u00ab\u00a0<strong>Jeanne, 27 ans, a toujours r\u00eav\u00e9 de devenir<br \/>\njournaliste.<\/strong> Lorsqu\u2019elle \u00e9tait enfant, une psychologue a<br \/>\ntent\u00e9 de la convaincre de renoncer \u00e0 son projet. Mais c\u2019\u00e9tait sans<br \/>\ncompter sur sa t\u00e9nacit\u00e9 ! Aujourd\u2019hui, cette jeune Parisienne anime<br \/>\nsa propre \u00e9mission sur une radio d\u00e9di\u00e9e au d\u00e9veloppement personnel.<br \/>\nEt elle milite au quotidien contre les pr\u00e9jug\u00e9s qui entourent la<br \/>\ntrisomie 21&Prime;, a \u00e9galement soulign\u00e9 M6. Pour l&rsquo;occasion,<br \/>\nOph\u00e9lie Meunier a exceptionnellement laiss\u00e9 sa place \u00e0 Jeanne.<\/p>\n<p>En fait, la journaliste porteuse de trisomie 21 va elle-m\u00eame<br \/>\nassurer la voix-off du portrait qui lui sera consacr\u00e9 pendant Zone<br \/>\nInterdite cette semaine. \u00ab\u00a0<strong>Elle a assur\u00e9. C&rsquo;est un grand<br \/>\nmoment de ma vie professionnelle\u00a0<\/strong>qui se<br \/>\ntransforme en souvenir humain. Dont je me souviendrai\u00a0\u00bb, a<br \/>\nnotamment soulign\u00e9 Oph\u00e9lie Meunier aupr\u00e8s de T\u00e9l\u00e9-Loisirs.<br \/>\nDe son c\u00f4t\u00e9, Jeanne a affirm\u00e9 \u00eatre \u00ab\u00a0heureuse de l&rsquo;avoir<br \/>\nfait\u00a0\u00bb.<\/p>\n","protected":false},"excerpt":{"rendered":"EN BREF Zone Interdite, diffus\u00e9 sur M6 depuis 1993, revient le 23 novembre 2025 avec Oph\u00e9lie Meunier \u00e0&hellip;\n","protected":false},"author":2,"featured_media":553651,"comment_status":"","ping_status":"","sticky":false,"template":"","format":"standard","meta":{"footnotes":""},"categories":[1356],"tags":[548,58,59,1011,27,494,252,1364],"class_list":{"0":"post-553650","1":"post","2":"type-post","3":"status-publish","4":"format-standard","5":"has-post-thumbnail","7":"category-television","8":"tag-article-simple","9":"tag-divertissement","10":"tag-entertainment","11":"tag-fr","12":"tag-france","13":"tag-m6","14":"tag-television","15":"tag-tv"},"share_on_mastodon":{"url":"https:\/\/pubeurope.com\/@fr\/115599834284308182","error":""},"_links":{"self":[{"href":"https:\/\/www.europesays.com\/fr\/wp-json\/wp\/v2\/posts\/553650","targetHints":{"allow":["GET"]}}],"collection":[{"href":"https:\/\/www.europesays.com\/fr\/wp-json\/wp\/v2\/posts"}],"about":[{"href":"https:\/\/www.europesays.com\/fr\/wp-json\/wp\/v2\/types\/post"}],"author":[{"embeddable":true,"href":"https:\/\/www.europesays.com\/fr\/wp-json\/wp\/v2\/users\/2"}],"replies":[{"embeddable":true,"href":"https:\/\/www.europesays.com\/fr\/wp-json\/wp\/v2\/comments?post=553650"}],"version-history":[{"count":0,"href":"https:\/\/www.europesays.com\/fr\/wp-json\/wp\/v2\/posts\/553650\/revisions"}],"wp:featuredmedia":[{"embeddable":true,"href":"https:\/\/www.europesays.com\/fr\/wp-json\/wp\/v2\/media\/553651"}],"wp:attachment":[{"href":"https:\/\/www.europesays.com\/fr\/wp-json\/wp\/v2\/media?parent=553650"}],"wp:term":[{"taxonomy":"category","embeddable":true,"href":"https:\/\/www.europesays.com\/fr\/wp-json\/wp\/v2\/categories?post=553650"},{"taxonomy":"post_tag","embeddable":true,"href":"https:\/\/www.europesays.com\/fr\/wp-json\/wp\/v2\/tags?post=553650"}],"curies":[{"name":"wp","href":"https:\/\/api.w.org\/{rel}","templated":true}]}}