{"id":553654,"date":"2025-11-23T15:58:16","date_gmt":"2025-11-23T15:58:16","guid":{"rendered":"https:\/\/www.europesays.com\/fr\/553654\/"},"modified":"2025-11-23T15:58:16","modified_gmt":"2025-11-23T15:58:16","slug":"choeur-de-rockers-une-comedie-sociale-bien-orchestree-et-qui-fait-du-bien-telerama","status":"publish","type":"post","link":"https:\/\/www.europesays.com\/fr\/553654\/","title":{"rendered":"\u201cCh\u0153ur de rockers\u201d, une com\u00e9die sociale bien orchestr\u00e9e et qui fait du bien &#8211; T\u00e9l\u00e9rama"},"content":{"rendered":"<ol>\n<li><a href=\"https:\/\/news.google.com\/rss\/articles\/CBMiwgFBVV95cUxNR1FENDhJazNmN20tc2FwMzZta2pkc0hJaG9XWUNFbklsS0VUZHFmS2oyY0Y2a3B4d0lzT0NQVDVjZC1zenNBbHlWMTM3cjR5alUtQm91UVZHb2NsVzF6VEhHekxDeUJIeWZBYnVXZTBDZXNtdUI3cjdjelJUVzZIaDA5TFQwYnc4RTdjMjZFcFdxQlUwUUo0VU5JX253djBEdVFiNzNjSnlZQ28zY3RHdU9HcXZDRWdibnNxOEVkZEtOQQ?oc=5\" target=\"_blank\" rel=\"nofollow noopener\">\u201cCh\u0153ur de rockers\u201d, une com\u00e9die sociale bien orchestr\u00e9e et qui fait du bien<\/a>&nbsp;&nbsp;T\u00e9l\u00e9rama<\/li>\n<li><a href=\"https:\/\/news.google.com\/rss\/articles\/CBMi_AFBVV95cUxNc2VMNlBwZzdXVGE0QjdZYU84cFFNbk1kaWRuVjhkSEpyemMtQjZ6TjRrVEw2aEdBNGQ5SnRpMHpQSXdEMVV2TUtaM1NuVjh6ZllqUmp6enpoRlNaTURHcFpZOHVVNnIwTUJaRThTN1d4ZVZtYlE3ZGVBTEo2akVBYWxDVkdMMk8xZUtYNjNUazNxUWFrWGY5c3FxcktBNTZYRFg1Y1FCeHQzYi1DQ2dCLTVOandMX3NzR2hNZVdKZWlHb04zdzdZeWNyOHl5M29EQW9QRjNaZ0w5NEt3Yk5SVU5zTU13Ty1rVnltZmJfUFhuVmozTTVaS3FWXzk?oc=5\" target=\"_blank\" rel=\"nofollow noopener\">\u00ab Ch\u0153ur de rockers \u00bb sur France 2 : que devient la vraie chorale qui a inspir\u00e9 le film ?<\/a>&nbsp;&nbsp;Le Parisien<\/li>\n<li><a href=\"https:\/\/news.google.com\/rss\/articles\/CBMi6AFBVV95cUxNQTNLNWNiSDFSNC1TNUg2SDF3OXVVdmFVNGwtT1pFVzN2dHJvSkVtYk53b3JmTnZQNFpiNnY3ZkRJTmN1WUxxWW1rbktzV1JuSHdLeHR4bXM0ZVRIZGNkZktCTlVZd1c5T09zdEczTDE5eFVCbnN6YndDcjcxbC16cXpDZkhPZ202Vk1ZbVk3OHdTZzhEdW5RYW1QbklUeFVjcTNWbjZXUzJxVEladVIwWS03VTh6SFBGc3EzNllQcGp2Z01sUU1JNWJzQXFsSGJmYTYwdDRhakp5Mk9ZYmE5S29PMU9RLUdh?oc=5\" target=\"_blank\" rel=\"nofollow noopener\">Tir\u00e9 d&rsquo;une histoire vraie, celle des Salt and Pepper, Choeur de rockers est diffus\u00e9 ce dimanche soir sur France 2.<\/a>&nbsp;&nbsp;LeBlogTVNews<\/li>\n<li><a href=\"https:\/\/news.google.com\/rss\/articles\/CBMiyAFBVV95cUxPZTRfUFJ1SWM1UHhROWZTaHdYM1A0V2oyYnhzUmdFNFFHMHo4WmRmc284dWktSUU5T2Yxa0hWbzlHUzZWUGdRMXRhS0NNTDBPS0FMSDB4RERwNWQzLTY0WWVRVVJOZENITzM1aWF4MEwyazhleEZ5TTJlVFgwb0p5UHRHa3RFMVgteGIxVnF4Q3VaMXVteUxGNDJlZFlxbkZhSU5XLThZbWpTekJNaW9zNFNqaktiMWJjU2t1Y2U0c2xXQ2dqZWQza9IBzgFBVV95cUxOZVpRc0lnOHFQMEhaeW9KelpEWmFFZHN3WS1wM21GRFhTaVd0clNWU21VTW5TM0M4Si1lZm9FZmhySC1RMGh0MWp3OXlPaUtObERHOV9xVkowcDRhNXBRaFRRaWFmbllrSkZ3TzliOF92QWoyMGI4UE5TYlltS2F3ZVhfNTgyMXFpd2wxV1k2dXgzaGQ0THZZZWNwRGxpYkpFUUU0cGpTaXVKY19PaU8yTDhXRTZqYzZqT3YtNmx1ellUcXNkNHZteDR6M1Rvdw?oc=5\" target=\"_blank\" rel=\"nofollow noopener\">\u00ab Choeur de rockers \u00bb : histoire et interpr\u00e8tes du film in\u00e9dit ce soir sur France 2 (23 novembre 2025)<\/a>&nbsp;&nbsp;Stars Actu<\/li>\n<li><a href=\"https:\/\/news.google.com\/rss\/articles\/CBMi5gFBVV95cUxONE1YMktVal9fZ0NRUnl3dmxpSlZNVTEwWFRGRFkzT2VFM0oyOVNURU5CSVhleTJaYnRWbW1TeDFVRTBmai1rNFJLcjJQU0NJcnBrUlU1M2h1LVRRaml6MVdZamgyLVNWZHBBMWhxUGtFc1d0YVpYOVpjaXBfNVZqQVNOT3VYUE02UnEySkZmd3cwM3plZjZvOVhGUnZzM3pwU2hUemY4ZnVZWTFLZVV1VGo5YlFCeFZPU1RXYkFGLW5oWVNVaFpQRHlPTjVxS2dyX1cwWWI1VHUzZkJZdzd3SzFXX3RJQQ?oc=5\" target=\"_blank\" rel=\"nofollow noopener\">Ch\u0153ur de rockers : diffus\u00e9 ce soir sur France 2, quand le film sera-t-il disponible sur Netflix ?<\/a>&nbsp;&nbsp;serie-news.com<\/li>\n<\/ol>\n","protected":false},"excerpt":{"rendered":"\u201cCh\u0153ur de rockers\u201d, une com\u00e9die sociale bien orchestr\u00e9e et qui fait du bien&nbsp;&nbsp;T\u00e9l\u00e9rama \u00ab Ch\u0153ur de rockers \u00bb&hellip;\n","protected":false},"author":2,"featured_media":553655,"comment_status":"","ping_status":"","sticky":false,"template":"","format":"standard","meta":{"footnotes":""},"categories":[1354],"tags":[58,59,1346,1011,27,1360],"class_list":{"0":"post-553654","1":"post","2":"type-post","3":"status-publish","4":"format-standard","5":"has-post-thumbnail","7":"category-films","8":"tag-divertissement","9":"tag-entertainment","10":"tag-films","11":"tag-fr","12":"tag-france","13":"tag-movies"},"share_on_mastodon":{"url":"https:\/\/pubeurope.com\/@fr\/115599841936118290","error":""},"_links":{"self":[{"href":"https:\/\/www.europesays.com\/fr\/wp-json\/wp\/v2\/posts\/553654","targetHints":{"allow":["GET"]}}],"collection":[{"href":"https:\/\/www.europesays.com\/fr\/wp-json\/wp\/v2\/posts"}],"about":[{"href":"https:\/\/www.europesays.com\/fr\/wp-json\/wp\/v2\/types\/post"}],"author":[{"embeddable":true,"href":"https:\/\/www.europesays.com\/fr\/wp-json\/wp\/v2\/users\/2"}],"replies":[{"embeddable":true,"href":"https:\/\/www.europesays.com\/fr\/wp-json\/wp\/v2\/comments?post=553654"}],"version-history":[{"count":0,"href":"https:\/\/www.europesays.com\/fr\/wp-json\/wp\/v2\/posts\/553654\/revisions"}],"wp:featuredmedia":[{"embeddable":true,"href":"https:\/\/www.europesays.com\/fr\/wp-json\/wp\/v2\/media\/553655"}],"wp:attachment":[{"href":"https:\/\/www.europesays.com\/fr\/wp-json\/wp\/v2\/media?parent=553654"}],"wp:term":[{"taxonomy":"category","embeddable":true,"href":"https:\/\/www.europesays.com\/fr\/wp-json\/wp\/v2\/categories?post=553654"},{"taxonomy":"post_tag","embeddable":true,"href":"https:\/\/www.europesays.com\/fr\/wp-json\/wp\/v2\/tags?post=553654"}],"curies":[{"name":"wp","href":"https:\/\/api.w.org\/{rel}","templated":true}]}}