{"id":553658,"date":"2025-11-23T16:00:18","date_gmt":"2025-11-23T16:00:18","guid":{"rendered":"https:\/\/www.europesays.com\/fr\/553658\/"},"modified":"2025-11-23T16:00:18","modified_gmt":"2025-11-23T16:00:18","slug":"pierre-menes-humilie-nice-et-previent-lom","status":"publish","type":"post","link":"https:\/\/www.europesays.com\/fr\/553658\/","title":{"rendered":"Pierre M\u00e9n\u00e8s humilie Nice et pr\u00e9vient l&rsquo;OM"},"content":{"rendered":"<p><b>L\u2019OM a explos\u00e9 Nice vendredi soir en ouverture de la 13e journ\u00e9e de <a href=\"https:\/\/www.foot01.com\/ligue1\" title=\"Ligue 1\" target=\"_blank\" rel=\"noopener\">Ligue 1<\/a> (1-5). Un match inqui\u00e9tant pour les Aiglons selon Pierre M\u00e9n\u00e8s, qui a maintenant h\u00e2te de voir l\u2019\u00e9quipe de Roberto De Zerbi contre Newcastle.<\/b>Vainqueur de Brest avant la tr\u00eave internationale, <a href=\"https:\/\/www.foot01.com\/marseille\/nice-gifle-la-ligue-1-remercie-lom\" target=\"_self\" rel=\"noopener\">l\u2019Olympique de Marseille a confirm\u00e9 sa belle forme<\/a> en championnat en s\u2019imposant largement sur la pelouse de l\u2019OGC Nice vendredi soir (1-5). Tr\u00e8s r\u00e9alistes, les co\u00e9quipiers de Mason Greenwood ont inflig\u00e9 une v\u00e9ritable correction \u00e0 l\u2019\u00e9quipe de Franck Haise. La performance du Gym est inqui\u00e9tante \u00e0 bien des \u00e9gards et ce n\u2019est pas Pierre M\u00e9n\u00e8s qui va dire le contraire. Sur sa cha\u00eene YouTube, l\u2019ancien journaliste de Canal+ s\u2019est montr\u00e9 alarmiste sur la situation de Nice.Plus \u00e9logieux envers l\u2019OM, notre confr\u00e8re estime toutefois que les Olympiens vont devoir se pr\u00e9parer \u00e0 un changement radical mardi en <a href=\"https:\/\/www.foot01.com\/ligue-des-champions\" title=\"Ligue des Champions\" target=\"_blank\" rel=\"noopener\">Ligue des Champions<\/a> avec une opposition qui n\u2019aura rien \u00e0 voir. Vainqueur de Manchester City en Premier League samedi apr\u00e8s-midi, Newcastle va se pr\u00e9senter au V\u00e9lodrome avec des arguments bien plus s\u00e9rieux que ceux de l\u2019OGC Nice.<\/p>\n<p>\u00ab Le comportement de Nice a \u00e9t\u00e9 assez d\u00e9sastreux. Voir cette \u00e9quipe d\u00e9missionner \u00e0 ce point est quand m\u00eame tr\u00e8s probl\u00e9matique pour la suite. Greenwood a marqu\u00e9 deux buts, le deuxi\u00e8me est absolument magnifique. Sa frappe crois\u00e9e est ultra-pr\u00e9cise. Il est seul meilleur buteur du championnat. Aubameyang a ouvert le score et a fait deux passes d\u00e9cisives. C\u2019est un r\u00e9sultat extr\u00eamement important pour l\u2019OM qui \u00e9tait leader \u00e0 ce moment-l\u00e0 \u00bb a d&rsquo;abord lanc\u00e9 le journaliste avant de poursuivre.<\/p>\n<p>\u00ab C\u2019est un match et un score qui vont faire beaucoup de bien aux t\u00eates marseillaises, qui peuvent maintenant se concentrer sur le match tr\u00e8s important de Ligue des Champions et contre Newcastle, ce ne sera pas la m\u00eame chanson \u00bb a analys\u00e9 Pierre M\u00e9n\u00e8s, tr\u00e8s inquiet pour Nice et plus optimiste en revanche pour Marseille. Mais qui pr\u00e9vient Roberto De Zerbi et ses joueurs : c\u2019est une toute autre opposition qui les attend mardi en Ligue des Champions. L\u2019affiche promet en tout cas un beau spectacle avec pour l\u2019OM le besoin imp\u00e9ratif de l\u2019emporter pour rester dans la course \u00e0 la qualification en barrages.<\/p>\n","protected":false},"excerpt":{"rendered":"L\u2019OM a explos\u00e9 Nice vendredi soir en ouverture de la 13e journ\u00e9e de Ligue 1 (1-5). Un match&hellip;\n","protected":false},"author":2,"featured_media":553659,"comment_status":"","ping_status":"","sticky":false,"template":"","format":"standard","meta":{"footnotes":""},"categories":[9],"tags":[1011,27,66,447,2268,149,60],"class_list":{"0":"post-553658","1":"post","2":"type-post","3":"status-publish","4":"format-standard","5":"has-post-thumbnail","7":"category-sports","8":"tag-fr","9":"tag-france","10":"tag-ligue-1","11":"tag-ligue-des-champions","12":"tag-ogc-nice","13":"tag-om","14":"tag-sports"},"share_on_mastodon":{"url":"https:\/\/pubeurope.com\/@fr\/115599850195173328","error":""},"_links":{"self":[{"href":"https:\/\/www.europesays.com\/fr\/wp-json\/wp\/v2\/posts\/553658","targetHints":{"allow":["GET"]}}],"collection":[{"href":"https:\/\/www.europesays.com\/fr\/wp-json\/wp\/v2\/posts"}],"about":[{"href":"https:\/\/www.europesays.com\/fr\/wp-json\/wp\/v2\/types\/post"}],"author":[{"embeddable":true,"href":"https:\/\/www.europesays.com\/fr\/wp-json\/wp\/v2\/users\/2"}],"replies":[{"embeddable":true,"href":"https:\/\/www.europesays.com\/fr\/wp-json\/wp\/v2\/comments?post=553658"}],"version-history":[{"count":0,"href":"https:\/\/www.europesays.com\/fr\/wp-json\/wp\/v2\/posts\/553658\/revisions"}],"wp:featuredmedia":[{"embeddable":true,"href":"https:\/\/www.europesays.com\/fr\/wp-json\/wp\/v2\/media\/553659"}],"wp:attachment":[{"href":"https:\/\/www.europesays.com\/fr\/wp-json\/wp\/v2\/media?parent=553658"}],"wp:term":[{"taxonomy":"category","embeddable":true,"href":"https:\/\/www.europesays.com\/fr\/wp-json\/wp\/v2\/categories?post=553658"},{"taxonomy":"post_tag","embeddable":true,"href":"https:\/\/www.europesays.com\/fr\/wp-json\/wp\/v2\/tags?post=553658"}],"curies":[{"name":"wp","href":"https:\/\/api.w.org\/{rel}","templated":true}]}}