{"id":553668,"date":"2025-11-23T16:05:13","date_gmt":"2025-11-23T16:05:13","guid":{"rendered":"https:\/\/www.europesays.com\/fr\/553668\/"},"modified":"2025-11-23T16:05:13","modified_gmt":"2025-11-23T16:05:13","slug":"raphael-schellenberger-exclu-de-son-groupe-politique-en-alsace-pour-des-propos-contre-une-agente-atteinte-dun-cancer-liberation","status":"publish","type":"post","link":"https:\/\/www.europesays.com\/fr\/553668\/","title":{"rendered":"Rapha\u00ebl Schellenberger exclu de son groupe politique en Alsace pour des propos contre une agente atteinte d\u2019un cancer \u2013 Lib\u00e9ration"},"content":{"rendered":"<p class=\"sc-cPiKLX AiZTS text-element\">Des propos \u00abindignes d\u2019un \u00e9lu de la R\u00e9publique\u00bb. Le pr\u00e9sident LR de la Collectivit\u00e9 europ\u00e9enne d\u2019Alsace (CEA, issue de la fusion des conseils d\u00e9partementaux du Haut et du Bas-Rhin), Fr\u00e9d\u00e9ric Bierry, ne manque pas de qualificatifs ce 23 novembre pour pointer la \u00abligne rouge d\u2019humanit\u00e9\u00bb franchie par Rapha\u00ebl Schellenberger. Ce conseiller d\u00e9partemental alsacien, aussi d\u00e9put\u00e9 (non inscrit), a \u00e9t\u00e9 exclu jeudi de la majorit\u00e9 de droite de la CEA. En cause : les mots prononc\u00e9s par l\u2019\u00e9lu visant la directrice de cabinet de Fr\u00e9d\u00e9ric Bierry, atteinte d\u2019un cancer.<\/p>\n<p class=\"sc-cPiKLX AiZTS text-element\">L\u2019information a fuit\u00e9 dans la presse locale au petit matin ce dimanche, par un article <a href=\"https:\/\/www.dna.fr\/politique\/2025\/11\/23\/raphael-schellenberger-exclu-de-la-majorite\" target=\"_blank\" rel=\"noopener\" title=\"https:\/\/www.dna.fr\/politique\/2025\/11\/23\/raphael-schellenberger-exclu-de-la-majorite\">des Derni\u00e8res nouvelles d\u2019Alsace<\/a>. Le pr\u00e9sident de la majorit\u00e9 reproche \u00e0 Rapha\u00ebl Schellenberger \u00e2g\u00e9 de 35 ans, des paroles \u00abstigmatisant l\u2019aspect physique\u00bb de sa directrice de cabinet \u00abli\u00e9 \u00e0 son cancer\u00bb, maladie \u00abqu\u2019elle n\u2019avait pas souhait\u00e9 rendre publique\u00bb. <\/p>\n<p class=\"sc-cPiKLX AiZTS text-element\">Le quotidien rapporte que les faits se sont produits \u00e0 Paris, mardi soir, lors d\u2019un d\u00eener organis\u00e9 en pr\u00e9sence de maires de la circonscription du d\u00e9put\u00e9. Toujours d\u2019apr\u00e8s Fr\u00e9d\u00e9ric Bierry, l\u2019\u00e9lu l\u2019a compar\u00e9e \u00e0 une \u00absorci\u00e8re\u00bb, \u00e0 qui \u00abla perruque ne lui va m\u00eame pas\u00bb dont le cancer serait \u00abun retour de manivelle, comme une r\u00e9compense du karma\u00bb. Bierry insiste : \u00abJ\u2019ai toujours d\u00e9fendu [Rapha\u00ebl Schellenberger, ndlr], je lui ai pass\u00e9 beaucoup de choses, parce que j\u2019aimais son intelligence, mais aucun \u00eatre humain ne peut \u00eatre trait\u00e9 comme il l\u2019a fait [&#8230;] Il a pass\u00e9 les bornes de l\u2019acceptable.\u00bb<\/p>\n<p class=\"sc-cPiKLX AiZTS text-element\">L\u2019int\u00e9ress\u00e9 ne conteste pas ces propos \u00abmaladroits\u00bb. \u00abSi j\u2019ai tenu des propos disgracieux, j\u2019en suis d\u00e9sol\u00e9\u00bb, a-t-il ajout\u00e9, mais soutient qu\u2019il les a prononc\u00e9s \u00ab\u00e0 l\u2019occasion d\u2019un d\u00eener priv\u00e9 \u00e0 Paris\u00bb. Il d\u00e9nonce \u00e9galement, aupr\u00e8s de l\u2019AFP, la disproportion de la d\u00e9cision : \u00abla moindre critique \u00e0 l\u2019endroit de la directrice de cabinet dans cette collectivit\u00e9 conduit \u00e0 une pression, une exclusion ou une mise au ban. Et aujourd\u2019hui, \u00e7a se transforme en fait politique.\u00bb<\/p>\n<p class=\"sc-cPiKLX AiZTS text-element\">Le conseiller d\u00e9partemental va m\u00eame jusqu\u2019\u00e0 qualifier ces phrases de \u00abpr\u00e9texte\u00bb. \u00ab\u00c7a s\u2019int\u00e8gre dans un contexte o\u00f9 en interne, j\u2019\u00e9tais l\u2019\u00e9lu qui \u00e9tait le plus critique vis-\u00e0-vis de notre action et qui aga\u00e7ait.\u00bb<\/p>\n","protected":false},"excerpt":{"rendered":"Des propos \u00abindignes d\u2019un \u00e9lu de la R\u00e9publique\u00bb. Le pr\u00e9sident LR de la Collectivit\u00e9 europ\u00e9enne d\u2019Alsace (CEA, issue&hellip;\n","protected":false},"author":2,"featured_media":553669,"comment_status":"","ping_status":"","sticky":false,"template":"","format":"standard","meta":{"footnotes":""},"categories":[4],"tags":[11,416,1011,27,775,12,25],"class_list":{"0":"post-553668","1":"post","2":"type-post","3":"status-publish","4":"format-standard","5":"has-post-thumbnail","7":"category-france","8":"tag-actualites","9":"tag-assemblee-nationale","10":"tag-fr","11":"tag-france","12":"tag-grand-est","13":"tag-news","14":"tag-republique-francaise"},"share_on_mastodon":{"url":"https:\/\/pubeurope.com\/@fr\/115599869567167818","error":""},"_links":{"self":[{"href":"https:\/\/www.europesays.com\/fr\/wp-json\/wp\/v2\/posts\/553668","targetHints":{"allow":["GET"]}}],"collection":[{"href":"https:\/\/www.europesays.com\/fr\/wp-json\/wp\/v2\/posts"}],"about":[{"href":"https:\/\/www.europesays.com\/fr\/wp-json\/wp\/v2\/types\/post"}],"author":[{"embeddable":true,"href":"https:\/\/www.europesays.com\/fr\/wp-json\/wp\/v2\/users\/2"}],"replies":[{"embeddable":true,"href":"https:\/\/www.europesays.com\/fr\/wp-json\/wp\/v2\/comments?post=553668"}],"version-history":[{"count":0,"href":"https:\/\/www.europesays.com\/fr\/wp-json\/wp\/v2\/posts\/553668\/revisions"}],"wp:featuredmedia":[{"embeddable":true,"href":"https:\/\/www.europesays.com\/fr\/wp-json\/wp\/v2\/media\/553669"}],"wp:attachment":[{"href":"https:\/\/www.europesays.com\/fr\/wp-json\/wp\/v2\/media?parent=553668"}],"wp:term":[{"taxonomy":"category","embeddable":true,"href":"https:\/\/www.europesays.com\/fr\/wp-json\/wp\/v2\/categories?post=553668"},{"taxonomy":"post_tag","embeddable":true,"href":"https:\/\/www.europesays.com\/fr\/wp-json\/wp\/v2\/tags?post=553668"}],"curies":[{"name":"wp","href":"https:\/\/api.w.org\/{rel}","templated":true}]}}