{"id":553677,"date":"2025-11-23T16:14:52","date_gmt":"2025-11-23T16:14:52","guid":{"rendered":"https:\/\/www.europesays.com\/fr\/553677\/"},"modified":"2025-11-23T16:14:52","modified_gmt":"2025-11-23T16:14:52","slug":"salon-de-lemploi-public-du-var-2025-a-toulon-infos-programme-et-horaires","status":"publish","type":"post","link":"https:\/\/www.europesays.com\/fr\/553677\/","title":{"rendered":"Salon de l\u2019Emploi Public du Var 2025 \u00e0 Toulon : infos, programme et horaires"},"content":{"rendered":"<p>\t\t\t\t\t\t\t\tUn Salon d\u00e9di\u00e9 aux m\u00e9tiers du secteur public dans le Var<\/p>\n<p>Le D\u00e9partement du Var coordonne ce Salon depuis 2022. Plus de vingt employeurs publics seront pr\u00e9sents. Ils repr\u00e9senteront, entre autres, l\u2019\u00c9tat, les collectivit\u00e9s et les structures hospitali\u00e8res.<\/p>\n<p>Cette \u00e9dition mettra en lumi\u00e8re les m\u00e9tiers de l\u2019alimentation et de la restauration collective. Ce th\u00e8me prend la suite de celui consacr\u00e9 au sport en 2024. Les visiteurs trouveront des informations sur ces missions. Ils pourront aussi se renseigner sur d\u2019autres carri\u00e8res du service public. Le Salon offrira ainsi une vue large sur les besoins du territoire.<\/p>\n<p><img loading=\"lazy\" decoding=\"async\" class=\" wp-image-57245\" src=\"https:\/\/www.europesays.com\/fr\/wp-content\/uploads\/2025\/11\/Info83_Salon-Var-emploi-public-27-11-2025-bat2-1-722x1024.jpg\" alt=\"salon var emploi public_info83\" width=\"467\" height=\"662\"  \/>Un Salon d\u00e9di\u00e9 aux m\u00e9tiers du secteur public dans le Var<br \/>\nLe programme du Salon : ateliers, rencontres et job dating<\/p>\n<p>L\u2019ouverture se fera \u00e0 9 h 30. Le village des employeurs restera ouvert jusqu\u2019\u00e0 16 h. Les visiteurs pourront rencontrer les \u00e9quipes et poser leurs questions. Plusieurs ateliers seront propos\u00e9s. Ils porteront sur le CV, la lettre de motivation et la pr\u00e9paration aux entretiens. Ces temps donneront des rep\u00e8res simples pour mieux comprendre chaque \u00e9tape du recrutement.<\/p>\n<p>Un job dating sera disponible sur inscription. Ce format offrira un contact direct avec les recruteurs. Deux s\u00e9ries de pitchs m\u00e9tiers auront lieu dans la journ\u00e9e. Des d\u00e9monstrations culinaires seront organis\u00e9es sur le site Chalucet. Une convention de partenariat sera sign\u00e9e \u00e0 11 h dans la Salle 1.<\/p>\n<p>Une d\u00e9marche commune pour guider l\u2019acc\u00e8s vers l\u2019emploi public<\/p>\n<p>Le Salon donnera une image pr\u00e9cise des missions du secteur public. Les participants pourront identifier les postes ouverts et les attentes des employeurs. Cette d\u00e9marche commune vise aussi \u00e0 rendre les parcours plus lisibles et \u00e0 faciliter l\u2019acc\u00e8s aux informations.<\/p>\n<p>Le Salon offrira une vue simple sur les m\u00e9tiers publics et leurs r\u00e9alit\u00e9s. Cette journ\u00e9e permettra de comprendre les besoins des employeurs du territoire.<\/p>\n<p>A lire aussi\u00a0 : retour sur le salon de 2024<\/p>\n<p><a href=\"https:\/\/www.info83.fr\/salon-de-lattractivite-de-lemploi-public-dans-le-var\/\" target=\"_blank\" rel=\"noopener\">Salon de l\u2019attractivit\u00e9 de l\u2019emploi public dans le Var<\/a><\/p>\n<p><strong><img decoding=\"async\" class=\"emoji\" role=\"img\" draggable=\"false\" src=\"https:\/\/s.w.org\/images\/core\/emoji\/13.1.0\/svg\/1f538.svg\" alt=\"\ud83d\udd38\" data-pin-no-hover=\"true\"\/>Info83, le Var proche de vous<br \/><\/strong><\/p>\n<p><img decoding=\"async\" class=\"emoji\" role=\"img\" draggable=\"false\" src=\"https:\/\/s.w.org\/images\/core\/emoji\/13.1.0\/svg\/27a1.svg\" alt=\"\u27a1\ufe0f\" data-pin-no-hover=\"true\"\/>\u00a0<a href=\"https:\/\/bit.ly\/2OZZMMK\" target=\"_blank\" rel=\"noopener noreferrer\">Facebook Info83<\/a><\/p>\n<p><img decoding=\"async\" class=\"emoji\" role=\"img\" draggable=\"false\" src=\"https:\/\/s.w.org\/images\/core\/emoji\/13.1.0\/svg\/27a1.svg\" alt=\"\u27a1\ufe0f\" data-pin-no-hover=\"true\"\/>\u00a0<a href=\"https:\/\/bit.ly\/2ONkTC9\" target=\"_blank\" rel=\"noopener noreferrer\">Youtube Info83<\/a><\/p>\n","protected":false},"excerpt":{"rendered":"Un Salon d\u00e9di\u00e9 aux m\u00e9tiers du secteur public dans le Var Le D\u00e9partement du Var coordonne ce Salon&hellip;\n","protected":false},"author":2,"featured_media":553678,"comment_status":"","ping_status":"","sticky":false,"template":"","format":"standard","meta":{"footnotes":""},"categories":[9619],"tags":[1111,11,67070,67071,67072,27416,67073,1777,674,1274,1011,27,67074,67075,67076,67077,12,882,67078,25,67079,2310,7506,67080],"class_list":{"0":"post-553677","1":"post","2":"type-post","3":"status-publish","4":"format-standard","5":"has-post-thumbnail","7":"category-toulon","8":"tag-actu","9":"tag-actualites","10":"tag-ateliers-recrutement","11":"tag-chalucet","12":"tag-conseils-cv","13":"tag-departement-du-var","14":"tag-emploi-public","15":"tag-eu","16":"tag-europe","17":"tag-fonction-publique","18":"tag-fr","19":"tag-france","20":"tag-job-dating-var","21":"tag-metiers-alimentation","22":"tag-metiers-du-service-public","23":"tag-metiers-restauration-collective","24":"tag-news","25":"tag-provence-alpes-cote-dazur","26":"tag-recrutement-public","27":"tag-republique-francaise","28":"tag-salon-de-lemploi-public","29":"tag-toulon","30":"tag-var","31":"tag-var-emploi-public"},"share_on_mastodon":{"url":"https:\/\/pubeurope.com\/@fr\/115599911351182229","error":""},"_links":{"self":[{"href":"https:\/\/www.europesays.com\/fr\/wp-json\/wp\/v2\/posts\/553677","targetHints":{"allow":["GET"]}}],"collection":[{"href":"https:\/\/www.europesays.com\/fr\/wp-json\/wp\/v2\/posts"}],"about":[{"href":"https:\/\/www.europesays.com\/fr\/wp-json\/wp\/v2\/types\/post"}],"author":[{"embeddable":true,"href":"https:\/\/www.europesays.com\/fr\/wp-json\/wp\/v2\/users\/2"}],"replies":[{"embeddable":true,"href":"https:\/\/www.europesays.com\/fr\/wp-json\/wp\/v2\/comments?post=553677"}],"version-history":[{"count":0,"href":"https:\/\/www.europesays.com\/fr\/wp-json\/wp\/v2\/posts\/553677\/revisions"}],"wp:featuredmedia":[{"embeddable":true,"href":"https:\/\/www.europesays.com\/fr\/wp-json\/wp\/v2\/media\/553678"}],"wp:attachment":[{"href":"https:\/\/www.europesays.com\/fr\/wp-json\/wp\/v2\/media?parent=553677"}],"wp:term":[{"taxonomy":"category","embeddable":true,"href":"https:\/\/www.europesays.com\/fr\/wp-json\/wp\/v2\/categories?post=553677"},{"taxonomy":"post_tag","embeddable":true,"href":"https:\/\/www.europesays.com\/fr\/wp-json\/wp\/v2\/tags?post=553677"}],"curies":[{"name":"wp","href":"https:\/\/api.w.org\/{rel}","templated":true}]}}