{"id":553681,"date":"2025-11-23T16:19:14","date_gmt":"2025-11-23T16:19:14","guid":{"rendered":"https:\/\/www.europesays.com\/fr\/553681\/"},"modified":"2025-11-23T16:19:14","modified_gmt":"2025-11-23T16:19:14","slug":"darkane-a-arnaud-de-jesus-goncalves-derriere-le-graffeur-un-peintre-academique-se-revele","status":"publish","type":"post","link":"https:\/\/www.europesays.com\/fr\/553681\/","title":{"rendered":"d&rsquo;Arkane \u00e0 Arnaud de Jesus Gon\u00e7alves, derri\u00e8re le graffeur un peintre acad\u00e9mique se r\u00e9v\u00e8le"},"content":{"rendered":"<p>                    Par<br \/>\n        <strong><br \/>\n            <a href=\"https:\/\/actu.fr\/auteur\/c-nithard\" title=\"Consulter tous les articles de C\u00e9dric Nithard\" rel=\"nofollow noopener\" target=\"_blank\">C\u00e9dric Nithard<\/a><br \/>\n                    <\/strong><\/p>\n<p>        Publi\u00e9 le<\/p>\n<p>            23 nov. 2025 \u00e0 16h40        <\/p>\n<p>Si le nom d\u2019<strong>Arnaud de Jesus Gon\u00e7alves<\/strong> n\u2019\u00e9voquera peut-\u00eatre rien, celui d\u2019<strong>Arkane<\/strong> est plus connu par les amateurs d\u2019arts urbains. <strong>L\u2019artiste, montpelli\u00e9rain d\u2019adoption<\/strong>, s\u2019est fait conna\u00eetre sur les murs de la ville par <strong>ses fresques<\/strong> aux touches impressionnistes tranchant avec les autres graffeurs. Mais c\u2019est peut-\u00eatre parce que derri\u00e8re le graffeur, il y a davantage <strong>un peintre acad\u00e9mique<\/strong> dans son qualificatif le plus noble. V\u00e9ritable acharn\u00e9 de la technique, revendiquant des r\u00e9f\u00e9rences classiques sans occulter des influences contemporaines, Arnaud de Jesus Gon\u00e7alves s\u2019affirme avec brio dans <strong>la premi\u00e8re exposition en son nom<\/strong> pr\u00e9sent\u00e9e \u00e0 <strong>la galerie Nicolas-Xavier Callu<\/strong> jusqu\u2019au 6 d\u00e9cembre. Plongez dans les coulisses de la cr\u00e9ation avec un artiste dont\u00a0 <strong>\u00ab\u00a0Ces jours-l\u00e0\u00a0\u00bb<\/strong> annoncent de beaux lendemains.<\/p>\n<p class=\" wall-content\"><strong>Comment s\u2019est fait ton \u00e9veil \u00e0 la peinture ?<\/strong><\/p>\n<p class=\" wall-content\">Comme beaucoup de personnes qui sont comme moi dans le figuratif, il a commenc\u00e9 tr\u00e8s t\u00f4t. J\u2019aime le dessin, la peinture, les choses \u2013 m\u00eame si je n\u2019aime pas le mot \u2013 bien faites, le c\u00f4t\u00e9 acad\u00e9mique et cet h\u00e9ritage je l\u2019ai depuis tout petit. \u00c0 4-5 ans, j\u2019\u00e9tais un enfant un peu isol\u00e9. \u00c0 l\u2019\u00e9cole, j\u2019avais mon cahier et je dessinais des dinosaures. Je remplissais des carnets entiers mais vraiment tr\u00e8s jeune. J\u2019\u00e9tais vraiment mordu de \u00e7a. C\u2019\u00e9tait mon \u00e9chappatoire, mon petit monde et je n\u2019ai jamais trop l\u00e2ch\u00e9 \u00e7a. Vers 10-12 ans, \u00e0 force de dessiner, j\u2019avais des notions de volume que je n\u2019\u00e9tais pas capable d\u2019expliquer mais je comprenais la structure des formes. C\u2019\u00e9tait loin d\u2019\u00eatre parfait, cela reste des dessins d\u2019enfant mais pour un enfant c\u2019\u00e9tait quand m\u00eame abouti en terme de structure. Par contre, il y avait un truc que je n\u2019avais pas, et je travaille encore dessus, c\u2019est la couleur et donc la peinture. En gros, jusqu\u2019\u00e0 10-12 ans c\u2019\u00e9tait dessin, dessin, dessin comme un enfant t\u00eatu qui ne voulait faire que \u00e7a. Mais la couleur, cela n\u2019allait pas, il n\u2019y avait pas d\u2019harmonie, pas de coh\u00e9rence.<\/p>\n<p class=\" wall-content\"><strong>Tu avais conscience de \u00e7a si t\u00f4t ?<\/strong><\/p>\n<p class=\" wall-content\">Je savais que je n\u2019\u00e9tais pas bon. C\u2019est le seul truc que je pouvais dire mais je ne savais pas pourquoi. La th\u00e9orie des couleurs m\u2019\u00e9tait inconnue mais, comme tout, cela s\u2019apprend, se travaille et se pratique. En cultivant \u00e7a un peu tous les jours pendant 20 ans depuis que j\u2019ai 12 ans, j\u2019en ai 32 aujourd\u2019hui, je suis pass\u00e9 du dessin \u00e0 la peinture.<\/p>\n<p class=\" wall-content\"><strong>Et est-ce qu\u2019\u00e0 un moment tu es pass\u00e9 par une formation ?<\/strong><\/p>\n<p class=\" wall-content\">D\u00e9j\u00e0 je suis pass\u00e9 par le graffiti et notamment l\u2019utilisation de la bombe. Mes parents n\u2019\u00e9taient pas du tout dans ce milieu : classe moyenne, travaillant \u00e0 l\u2019usine et dans le secr\u00e9tariat donc tr\u00e8s loin de tout \u00e7a.<\/p>\n<p class=\" wall-content\"><strong>Si je vais dans le clich\u00e9, ils devaient se poser des questions sur qu\u2019est-ce que mon fils va faire dans une carri\u00e8re artistique ?<\/strong><\/p>\n<p class=\" wall-content\">Exactement avec \u00e9galement la question de comment ils allaient pouvoir m\u2019aider. C\u2019\u00e9tait inconnu pour eux et surtout c\u2019est instable. Pour le commun des mortels, tu dis \u00e0 ton p\u00e8re que tu veux \u00eatre artiste, c\u2019est hors de question. D\u2019abord tu fais des \u00e9tudes, le sch\u00e9mas c\u2019\u00e9tait \u00e7a mais ils ont vu que j\u2019\u00e9tais tr\u00e8s volontaire et la chance que j\u2019ai eu c\u2019est qu\u2019ils m\u2019ont toujours soutenu.<\/p>\n<p>Vid\u00e9os : en ce moment sur Actu<\/p>\n<p class=\" wall-content\"><strong>Ils ont d\u00fb voir que tu avais du talent.<\/strong><\/p>\n<p class=\" wall-content\">\u00c9videmment mais j\u2019ai des potes qui \u00e9taient tr\u00e8s dou\u00e9s en musique avec des parents tr\u00e8s cons qui les ont enferm\u00e9s dans une \u00e9cole de commerce et aujourd\u2019hui ils sont tr\u00e8s malheureux. Moi j\u2019ai eu la chance d\u2019avoir des parents ouverts m\u00eame s\u2019ils n\u2019y connaissaient rien et un grand-p\u00e8re, avec qui j\u2019ai beaucoup grandi, qui travaillait le m\u00e9tal. Cela a \u00e9t\u00e9 une passerelle cr\u00e9ative que de se dire que l\u2019on se l\u00e8ve le matin pour faire quelque chose d\u2019intellectuelle mais surtout de manuelle. C\u2019est concret, cela existe, il y a un r\u00e9sultat. J\u2019ai rapidement \u00e9t\u00e9 accro \u00e0 \u00e7a, \u00e0 cr\u00e9er un truc. \u00c0 la m\u00eame p\u00e9riode je d\u00e9couvre le graffiti sur les murs d\u2019Avignon, ces grosses lettres et surtout des d\u00e9cors, des personnages\u2026 Rapidement, j\u2019ai vu l\u00e0 aussi une passerelle avec mes petits monstres en dessin et je me suis dis que cela devait \u00eatre un truc de fou de les peindre sur un mur donc je me suis plong\u00e9 \u00e0 fond dans ce truc. \u00c0 13-14 ans, je suis all\u00e9 \u00e0 Keep Fire, qui \u00e9tait le seul magasin de bombes d\u2019Avignon \u00e0 l\u2019\u00e9poque, et j\u2019ai rencontr\u00e9 toute une flop\u00e9e de jeunes artistes entre 20 et 30 ans qui \u00e9taient pour moi des darons. J\u2019ai achet\u00e9 une bombe, c\u2019\u00e9tait une catastrophe mais je ne me suis pas d\u00e9courag\u00e9 pas et me suis passionn\u00e9 pour ce milieu. Les ann\u00e9es passent, j\u2019arrive au lyc\u00e9e \u00e0 Avignon vers 15 ans et je squatte l\u00e0-bas tout le temps. Je vois les graffeurs avec leurs black books et c\u2019est trop ce que j\u2019aime. Donc je me trouve un blaze qui a \u00e9t\u00e9 Arkane pendant tr\u00e8s longtemps. C\u2019\u00e9tait une combinaison de lettres que j\u2019arrivais \u00e0 bien assembler mais, rapidement, j\u2019ai bien vu que je n\u2019\u00e9tais pas du tout en phase avec les lettres. Je n\u2019\u00e9tait pas bon. Je n\u2019\u00e9tais pas bon ni en couleur, ni en lettrage et ce que je savais faire c\u2019est dessiner donc je me suis dit vas-y dessine sur les murs et dessine avec des bombes. J\u2019ai donc entrepris un long apprentissage. Comme ton premier ollie en skate, tu mets deux ans avant de capter le truc et apr\u00e8s c\u2019est bon.<\/p>\n<p class=\" wall-content\"><strong>D\u2019autant que faire de la fresque murale c\u2019est totalement diff\u00e9rent du lettrage.<\/strong><\/p>\n<p class=\" wall-content\">Compl\u00e8tement mais j\u2019\u00e9tais un peu en confiance car j\u2019avais un niveau de dessin confirm\u00e9. J\u2019\u00e9tais juste frustr\u00e9 car je n\u2019avais pas la m\u00eame habilit\u00e9. L\u2019intention que tu as dans les doigts, tu ne peux pas la traduire avec une bombe. Toutes les personnes qui en ont fait un jour savent \u00e0 quel point tu p\u00e8tes un c\u00e2ble au d\u00e9but juste pour faire un trait, pour aller chercher la finesse, le bon geste, la dynamique\u2026 C\u2019est un autre m\u00e9tier. Par contre, mon cerveau comprend les formes, je savais ce qui \u00e9tait plus ou moins juste, plus ou moins faux, m\u00eame si ce n\u2019\u00e9tait pas parfait j\u2019avais une bonne lecture de tout \u00e7a. \u00c0 force d\u2019apprentissage, j\u2019ai fini par capter le truc. J\u2019\u00e9tais \u00e0 fond dans la culture graffiti. J\u2019avais 5\u20ac par semaine d\u2019argent de poche et tout partait dans le graffiti soit pour acheter une ou deux bombes soit un magazine. Ce qui est dingue, c\u2019est que les gars avec qui je suis dans la m\u00eame galerie aujourd\u2019hui comme Mode2, BomK\u2026 j\u2019ai grandi avec eux \u00e0 travers les magazines justement. Je bavais sur eux, j\u2019hallucinais sur leurs peintures en n\u2019y connaissant rien \u00e0 l\u2019histoire de l\u2019art. J\u2019avais juste une culture visuelle mais je ne connaissais pas les noms, les mouvements\u2026 Et tout \u00e7a ne m\u2019a jamais quitt\u00e9.<\/p>\n<p>Votre r\u00e9gion, votre actu !<\/p>\n<p>Recevez chaque jour les infos qui comptent pour vous.<\/p>\n<p>\t<a href=\"https:\/\/actu.fr\/newsletter\" class=\"ac-btn ac-btn--corner ac-btn--medium ac-btn--blue800\" rel=\"nofollow noopener\" target=\"_blank\">S&rsquo;incrire<\/a><\/p>\n<p>    <img   decoding=\"async\" loading=\"lazy\" src=\"https:\/\/www.europesays.com\/fr\/wp-content\/uploads\/2025\/11\/arkane-arnaud-de-jesus-goncalves-montpellier-02-960x640.jpg\" alt=\".\" width=\"960\" height=\"640\"\/><br \/>\n    Des toiles inspir\u00e9es par les voyages de Arnaud de Jesus Gon\u00e7alvez. (\u00a9CN \/ M\u00e9tropolitain)<\/p>\n<p class=\" wall-content\"><strong>\u00c0 quel moment vient la bascule vers une forme de professionnalisation\u00a0?<\/strong><\/p>\n<p class=\" wall-content\">\u00c0 18 ans se pose la question des \u00e9tudes mais moi je voulais peindre, \u00eatre artiste. Alors mon p\u00e8re me dit que si je veux faire le grand, je n\u2019ai qu\u2019\u00e0 monter mon entreprise et ramener un salaire. Je l\u2019ai pris au pied de la lettre et j\u2019ai mont\u00e9 mon entreprise de peintre d\u00e9corateur. J\u2019allais toquer aux portes des restaurants, des h\u00f4tels\u2026 \u00e0 Avignon et dans les alentours. Avec le bouche \u00e0 oreille, j\u2019ai fait des d\u00e9cos, notamment des chambres d\u2019enfant, pendant 3-4 ans. \u00c0 force de faire des f\u00e9es clochette, des Cars, des Shrek, des ambiances jungle\u2026 cela m\u2019a permis de parfaire ma technique m\u00eame si ce n\u2019\u00e9tait pas parfait. Et j\u2019ai senti que mon p\u00e8re \u00e9tait tr\u00e8s fier de cette initiative mais qu\u2019en m\u00eame temps il voyait qu\u2019il y avait un vrai manque en moi. On en a beaucoup parl\u00e9 et mes parents m\u2019ont \u00e9paul\u00e9 en me poussant \u00e0 reprendre des \u00e9tudes. Je suis donc parti \u00e0 Montpellier o\u00f9 mes parents m\u2019ont pay\u00e9 mon appartement jusqu\u2019\u00e0 mes 22 ans avec l\u2019objectif d\u2019aller \u00e0 l\u2019universit\u00e9 et de faire mon r\u00e9seau. J\u2019arrivais \u00e0 m\u2019en sortir car j\u2019avais toujours mon entreprise qui me permettait de gagner trois sous. D\u2019autant que l\u2019universit\u00e9 cela a dur\u00e9 deux mois par contre j\u2019ai fait des rencontres incroyables et, tout d\u2019un coup, tout prenait forme. \u00c0 Paul-Val\u00e9ry je fais la connaissance de Primal qui est un artiste et un pote de coeur avec qui on a partag\u00e9 plein de voyages. On s\u2019est retrouv\u00e9s \u00e0 dessiner l\u2019un \u00e0 c\u00f4t\u00e9 de l\u2019autre \u00e0 se demander ce que l\u2019on faisait l\u00e0. On a finalement int\u00e9gr\u00e9 une \u00e9cole d\u2019illustration et de communication o\u00f9 au bout de deux ans on se dit que ce que l\u2019on veut faire maintenant, c\u2019est \u00eatre tout seul. Ces deux ans nous ont permis d\u2019apprendre la Suite Adobe, Illustrator, Photoshop, vectoriser un \u00e9l\u00e9ment, cr\u00e9er des maquettes, faire des colorisations, comprendre les couleurs\u2026 cela nous a fait grandir. Donc avec un peu plus de maturit\u00e9, de confiance et d\u2019exp\u00e9rience, \u00e0 23 ans c\u2019\u00e9tait reparti. Je me suis mis compl\u00e8tement en ind\u00e9pendant, sans vouloir d\u2019autres jobs \u00e0 c\u00f4t\u00e9, et je me suis promis d\u2019y arriver. Et pour \u00e7a je travaille comme un dingue.<\/p>\n<p class=\" wall-content\"><strong>L\u00e0 tu arrives au moment o\u00f9 il y a une jolie sc\u00e8ne street-art \u00e0 Montpellier avec un petit engouement autour et tu te fais remarquer par tes fresques. Comment cela s\u2019est pass\u00e9 pour toi ?<\/strong><\/p>\n<p class=\" wall-content\">Cela commen\u00e7ait effectivement \u00e0 se m\u00e9diatiser, \u00e0 \u00eatre moins mal vu. On sortait aussi vraiment de la lettre avec d\u2019autres propositions avant que cela devienne un effet de mode extr\u00eame, il y a eu ce petit moment o\u00f9 les rapports avec les mecs du milieu restaient compliqu\u00e9s car forc\u00e9ment c\u2019est difficile d\u2019\u00eatre l\u00e9gitime quand tu essayes de commercialiser ton art pendant que eux revendiquent compl\u00e8tement autre chose. C\u2019\u00e9tait dur de trouver sa place, de se faire respecter mais en m\u00eame temps tu y vas. Tu y vas avec sinc\u00e9rit\u00e9, tu rencontres les gens et ils se rendent compte que tu n\u2019es pas un mauvais gars et que tu es passionn\u00e9 mais surtout, ce qui m\u2019a donn\u00e9 des points de cr\u00e9dibilit\u00e9, c\u2019est une session dans le Verdanson. Je m\u2019en rappellerai toujours. J\u2019avais 24 ans, je suis arriv\u00e9 ce jour-l\u00e0 en ayant oubli\u00e9 mes bombes et j\u2019ai juste dans mon balluchon trois pots de peintures acryliques de couleurs moisies et ma perche. Let\u2019s go ! J\u2019avais un mur de 4-5m, pas immense mais suffisamment grand quand tu n\u2019as pas la connaissance de cette approche. Comme j\u2019avais des notions de dessin et de peinture et que j\u2019avais une culture de l\u2019image plus mus\u00e9ale et acad\u00e9mique que mes potes graffeurs qui avaient plus de r\u00e9f\u00e9rences en hip-hop et graffiti, je me suis dit que j\u2019allais faire le peintre, que j\u2019allais faire de l\u2019impressionnisme dans le Verdanson. Je commence et j\u2019ai un recul sur ma peinture. Je claque un truc assez rapidement qui n\u2019\u00e9tait pas franchement dingue mais en 2h je vois la surface que j\u2019ai rempli, la justesse du dessin\u2026 et je me dis qu\u2019il y quelque chose avec la perche, le rouleau et surtout l\u2019acrylique. Ce jour-l\u00e0, je ne le savais pas encore, je ne l\u2019allais plus jamais reprendre une bombe de ma vie. Je me suis alors redirig\u00e9 \u00e0 fond vers tout ce que l\u2019on voit aujourd\u2019hui \u00e0 la galerie Nicolas-Xavier. En fait, j\u2019aime la peinture. C\u2019est \u00e7a depuis tout petit. J\u2019aime les murs, les fresques, l\u2019art urbain, les graffeurs, le street-art, plein de mouvements picturaux, la photographie\u2026 je n\u2019ai aucun probl\u00e8me avec tout \u00e7a car cela m\u2019a permis d\u2019ouvrir un monde et me donner plein d\u2019influences sans pour autant jeter un voile sur ce que j\u2019ai toujours aim\u00e9. J\u2019essaye de toujours rester tr\u00e8s ouvert et de piocher des r\u00e9f\u00e9rences dans la photographie que j\u2019ai pratiqu\u00e9 pendant dix ans. C\u2019est quelque chose que je ne m\u00e9diatise plus et dont je ne parle plus mais je pense que cela se sent dans mon travail. J\u2019avais mon labo photo dans ma salle de bain, je travaillais \u00e0 la chambre, je me suis passionn\u00e9 pour le collodion, j\u2019avais un bain de nitrate d\u2019argent\u2026 Je suis t\u00eatu, quand j\u2019aime un truc, j\u2019y vais \u00e0 fond. J\u2019avais d\u00e9couvert des proc\u00e9d\u00e9s anciens de cette p\u00e9riode tr\u00e8s picturale de la photographie et c\u2019est ce que j\u2019aimais.<\/p>\n<p class=\" wall-content\"><a href=\"https:\/\/www.instagram.com\/p\/DQcSXxykZ44\/embed\" title=\"Ouvrir le lien sur Instagram\" rel=\"nofollow noopener\" target=\"_blank\">Visualiser le contenu sur Instagram<\/a><\/p>\n<p class=\" wall-content\"><strong>On sent effectivement tu as un c\u00f4t\u00e9 tr\u00e8s passionn\u00e9 par la technique.<\/strong><\/p>\n<p class=\" wall-content\">J\u2019aime savoir comment les choses marchent et j\u2019ai besoin de me prouver que je vais y arriver. Moi qui ai grandi avec mon papy, qui a toujours aim\u00e9 les antiquit\u00e9s\u2026 peut-\u00eatre que cela se ressent dans mon boulot, le climat reste ancien. C\u2019est contemporain bien s\u00fbr mais cela reste intemporel. Il n\u2019y aura pas de smartphone sur mes compositions ou un d\u00e9cor trop actuel car cela ne m\u2019inspire pas tout simplement. Cela vient aussi de mon amour pour la photographie ancienne et accessoirement pour la brocante. Quand j\u2019\u00e9tais petit je trouvais les vieux objets beaux et je voulais les dessiner. C\u2019est comme \u00e7a que j\u2019ai achet\u00e9 un appareil photo \u00e0 soufflet et que j\u2019ai commenc\u00e9 \u00e0 les collectionner avec les machines \u00e0 \u00e9crire anciennes. Et tout marche. C\u2019est mon c\u00f4t\u00e9 born\u00e9 aussi. Quand j\u2019ach\u00e8te quelque chose je veux \u00e7a marche. Vers 17 ans, je bidouillais sans savoir comment cr\u00e9er une passerelle entre la photographie et la peinture mais j\u2019exp\u00e9rimentais beaucoup et je me suis mis en t\u00eate de faire marcher mes antiquit\u00e9s donc je me suis form\u00e9 sur Youtube. C\u2019est comme \u00e7a que j\u2019ai fait du cyanotype, du palladium\u2026 des techniques anciennes chez moi qui m\u2019ont beaucoup inspir\u00e9. Et j\u2019avais envie de pouvoir peindre comme mes photographies. La dynamique, le c\u00f4t\u00e9 impressionniste, granuleux, impr\u00e9cis, un peu flou et toutes les interrogations que cela pose sur le lieu, la date\u2026 mais je n\u2019arrivais pas \u00e0 faire \u00e7a sur les murs.<\/p>\n<p class=\" wall-content\"><strong>Comment vas-tu r\u00e9ussir \u00e0 \u00e9voluer ?<\/strong><\/p>\n<p class=\" wall-content\">Le travail, le travail, le travail. Je d\u00e9couvre la peinture en l\u2019huile mais en parall\u00e8le je fais toujours des d\u00e9cos car pendant tout ce temps il faut payer les loyers, les factures\u2026 J\u2019ai travaill\u00e9 comme un dingue jusqu\u2019\u00e0 aujourd\u2019hui, et d\u2019ailleurs je travaille toujours comme un dingue. Cela ne me quitte pas. Il faut vraiment \u00eatre obstin\u00e9 pour y arriver, s\u2019accrocher, y croire et que cela marche un peu. Petit \u00e0 petit, tu grandis, tu prends un peu confiance, tu rencontres beaucoup de gens et, mine de rien, tu cr\u00e9es un r\u00e9seau. M\u00eame s\u2019il n\u2019y a pas de grands projets extraordinaires, tu t\u2019en sors entre artisan et artiste. Et il y a eu un \u00e9l\u00e9ment marquant, c\u2019est le d\u00e9but des voyages en 2018 avec Primal et Nubian. C\u2019est le moment o\u00f9 on se dit qu\u2019il faut sortir de chez nous, qu\u2019il faut aller peindre \u00e0 l\u2019\u00e9tranger. Il y a le petit r\u00eave d\u2019enfant aller peindre \u00e0 Brooklyn donc on est all\u00e9 \u00e0 New York et \u00e0 la fin on a m\u00eame r\u00e9ussi \u00e0 trouver des plans pay\u00e9s. Le r\u00eave am\u00e9ricain, tu reviens avec 1 000 dollars en esp\u00e8ce, c\u2019est incroyable, tu penses que tu as r\u00e9ussi\u2026 L\u2019ann\u00e9e d\u2019apr\u00e8s, on prend le m\u00eame billet aller-retour, un Airbnb et cela ne marche pas du tout. La m\u00e9t\u00e9o est catastrophique, les gens nous refusent les projets, il ne se passe rien. On a finalement peint un mur alors que pendant le premier s\u00e9jour on en a peint trois ou quatre dont certains y sont encore. Par contre, lors de ce deuxi\u00e8me s\u00e9jour, un Mexicain voit notre travail et nous rappelle trois jours plus tard pour un projet au Mexique. Puis, avec Primal, on discute avec un mec des pays de l\u2019Est et on part en Serbie, puis dans des festivals \u00e0 travers l\u2019Europe\u2026 \u00c0 la fin tu te rends compte que tu as eu la chance de peindre dans pas mal de pays. L\u00e0, par exemple, je rentre tout juste d\u2019un autre projet au Mexique, \u00e0 Tulum o\u00f9 j\u2019ai adapt\u00e9 sur un mur circulaire au milieu de la v\u00e9g\u00e9tation une des toiles de l\u2019exposition. Mais tout \u00e7a cela ne tombe pas du ciel, ce sont des graines que l\u2019on a plant\u00e9 en faisant ce que nous appelions des op\u00e9rations coups de poing. On prenait un billet aller-retour avec le peu d\u2019argent que l\u2019on avait r\u00e9ussi \u00e0 mettre de c\u00f4t\u00e9 en faisant des fresques ici et apr\u00e8s c\u2019\u00e9tait de la d\u00e9brouille. M\u00eame des trucs dont je ne suis pas fier mais des fois on n\u2019a pas le choix. \u00c0 New York, j\u2019ai vol\u00e9 de la peinture, c\u2019\u00e9tait trop cher. Avec le recul, jamais je ne serai capable de refaire un truc pareil mais, ce que je raconte, plein de gosses vont s\u2019y retrouver. Au d\u00e9but quand tu n\u2019as pas de sou, tu fais comment ? Les magasins de beaux-arts sont devenus des machines \u00e0 fric, c\u2019est compl\u00e8tement dingue. C\u2019est quelque chose qui parait tout de suite inaccessible, comment tu veux donner envie ? Aujourd\u2019hui, j\u2019ai la chance de gagner ma vie et c\u2019est trop bien car cela me permet d\u2019aller dans les magasins de proximit\u00e9 comme Graphilux, derri\u00e8re la gare, et me dire que cela ne me viendrai m\u00eame pas \u00e0 l\u2019id\u00e9e de voler de la peinture. Le co\u00fbt de la vie a tellement explos\u00e9, c\u2019est d\u2019autant plus compliqu\u00e9 quand tu es jeune et que tu veux te lancer. Je ne suis pas du tout en train de dire qu\u2019il faut voler quand on se lance mais il faut adapter ses outils et r\u00e9fl\u00e9chir \u00e0 tout cela. C\u2019est la m\u00eame chose quand tu chiffres tes devis, c\u2019est un \u00e9quilibre \u00e0 trouver. Personnellement, je me suis fait rouler plein de fois avec des gens qui ne m\u2019ont jamais pay\u00e9 ou qui ne m\u2019ont pas respect\u00e9 mais aujourd\u2019hui, parce que j\u2019ai appris, tu ne me marches pas dessus.<\/p>\n<p>    <img   decoding=\"async\" loading=\"lazy\" src=\"https:\/\/www.europesays.com\/fr\/wp-content\/uploads\/2025\/11\/arkane-arnaud-de-jesus-goncalves-montpellier-01-960x640.jpg\" alt=\".\" width=\"960\" height=\"640\"\/><br \/>\n    \u00ab\u00a0Quand sonne les cloches\u00a0\u00bb et \u00ab\u00a0Le Mirage\u00a0\u00bb. (\u00a9CN \/ M\u00e9tropolitain)<\/p>\n<p class=\" wall-content\"><strong>Surtout que tu as commenc\u00e9 jeune au final.<\/strong><\/p>\n<p class=\" wall-content\">J\u2019ai commenc\u00e9 tr\u00e8s jeune donc forc\u00e9ment certains ont essay\u00e9 d\u2019en profiter et, \u00e0 l\u2019inverse, d\u2019autres ont \u00e9t\u00e9 g\u00e9niaux. Je n\u2019ai pas trouv\u00e9 de m\u00e9c\u00e8ne incroyable mais des personnes m\u2019ont achet\u00e9 beaucoup de toiles quand j\u2019\u00e9tais plus jeune. \u00c0 Villeneuve-les-Avignon, le propri\u00e9taire du restaurant la Maison Bronzini, sans le savoir, il a jou\u00e9 le m\u00e9c\u00e8ne. Quand tu as 19 ans, que tu fais une premi\u00e8re exposition dans la tour de la ville avec une douzaine de toiles et qu\u2019il t\u2019en ach\u00e8te la moiti\u00e9 pour 2 000\u20ac, tu dis \u00e7a \u00e0 tes parents. Ils te demandent si tu ne vends pas de la drogue (rires). Non, je vends mon art ! C\u2019est \u00e9norme ! Et surtout cela me met en t\u00eate que je ne suis pas oblig\u00e9 de travailler l\u2019\u00e9t\u00e9. J\u2019allais consacrer mon temps \u00e0 faire des toiles et d\u00e9marcher des gens pour faire des murs. Comme mes potes se faisait trois sous dans des skateshops, moi aussi je voulais vendre mon art pour pouvoir acheter du mat\u00e9riel. C\u2019est toujours la qu\u00eate pour en faire ma vie et ne pas aller \u00e0 l\u2019\u00e9cole ou faire un autre m\u00e9tier, cela me rendrait trop triste. Je ne voyais pas ma vie autrement.<\/p>\n<p class=\" wall-content\"><strong>Cette exposition qui est bien s\u00fbr une \u00e9tape dans ta carri\u00e8re, tu la vois comme une premi\u00e8re concr\u00e9tisation ?<\/strong><\/p>\n<p class=\" wall-content\">Franchement oui mais oui \u00e0 200%. M\u00eame si officiellement on dit premi\u00e8re exposition, ce n\u2019est pas du tout ma premi\u00e8re exposition car j\u2019en ai d\u00e9j\u00e0 fait un paquet, mais concr\u00e8tement une exposition en mon nom c\u2019est la premi\u00e8re fois. Car il y a une balance. Il y a trois ans en parlant avec Nico (Nicolas-Xavier Callu) et d\u2019autres potes artistes, ils ont vu mon nom de famille \u00e0 trois particules et m\u2019ont dit que j\u2019\u00e9tais un malade de signer Arkane. Ils avaient compl\u00e8tement raison, cela a \u00e9t\u00e9 une prise de conscience. En plus ma famille n\u2019est pas du tout dans ce r\u00e9seau donc c\u2019\u00e9tait compl\u00e8tement l\u00e9gitime. Depuis, je signe m\u00eame mes fresques de mon nom de famille. Il y a donc eu une petite bascule ce jour-l\u00e0 qui m\u2019a donn\u00e9 envie de passer en mode carri\u00e9riste et de travailler mon identit\u00e9. Cela voulait aussi dire moins de commande donc moins d\u2019argent et essayer d\u2019orienter mon plan de carri\u00e8re car j\u2019avais envie d\u2019\u00e9voluer dans mon travail. Cette exposition c\u2019est beaucoup d\u2019\u00e9motions car ce n\u2019est pas trois ans de travail, en r\u00e9alit\u00e9 c\u2019est quinze ans pour arriver techniquement \u00e0 ce stade. C\u2019est loin d\u2019\u00eatre parfait mais c\u2019est solide, je connais mon sujet et j\u2019ai encore des kilom\u00e8tres \u00e0 faire quand je vois le nombre d\u2019artistes qui me passionnent.<\/p>\n<p class=\" wall-content\"><strong>Au-del\u00e0 des quinze ans que tu \u00e9voques, tu as fourni un gros travail sp\u00e9cifiquement pour cette exposition.<\/strong><\/p>\n<p class=\" wall-content\">Au total, j\u2019ai pass\u00e9 six mois de travail quotidien. Il y a eu un mois et demi pendant lequel je n\u2019ai pas pos\u00e9 un coup de pinceau. C\u2019\u00e9tait du temps pass\u00e9 \u00e0 mentaliser des id\u00e9es, faire des croquis, des photomontages et au bout j\u2019avais mes vingt-cinq maquettes. Mais c\u2019est une p\u00e9riode qui est \u00e0 la fois g\u00e9niale et horrible car c\u2019est tr\u00e8s dur de se faire confiance. C\u2019est un moment o\u00f9 je suis en panique complet durant lequel je doute \u00e9norm\u00e9ment. En m\u00eame temps, il y avait un enjeu, c\u2019est ma premi\u00e8re exposition. Et c\u2019est une production compl\u00e8tement exclusive. Il n\u2019y a pas de doublon, de toile recycl\u00e9e. Je ne me sentirai pas l\u00e9gitime de pr\u00e9senter une pi\u00e8ce de 2022. Je veux que du neuf. Et, m\u00eame si je ne veux pas lui faire trop de compliments mais il le sait (rires), il y a ma rencontre avec Nico. Quand on a commenc\u00e9 \u00e0 travailler ensemble, j\u2019\u00e9tais enferm\u00e9 dans le portrait, ce qui m\u2019a aussi permis d\u2019exister. Sans me le dire comme \u00e7a, il m\u2019a sugg\u00e9r\u00e9 de remettre en question \u00e7a et d\u2019aller voir autre chose. Je n\u2019\u00e9tais pas forc\u00e9ment d\u2019accord donc pendant trois ans cela a \u00e9t\u00e9 tout un chemin de r\u00e9flexion pour arriver \u00e0 comment amener le portrait mais diff\u00e9remment. \u00c0 force de gamberger, au bout de toutes ces heures et mois de r\u00e9flexion, de nouveaux cadrages sortent, une narration diff\u00e9rente arrive, les influences de tous les pays que j\u2019ai pu visiter se regroupent aussi.<\/p>\n<p class=\" wall-content\"><strong>Qu\u2019est ce que tu as voulu exprimer dans cette exposition et pourquoi ce titre \u00ab\u00a0Ces jours-l\u00e0\u00a0\u00bb ?<\/strong><\/p>\n<p class=\" wall-content\">L\u2019exposition est un peu un r\u00e9cit romanc\u00e9 de mes voyages et des choses qui m\u2019ont touch\u00e9 \u00e0 travers la f\u00e9minit\u00e9, que j\u2019ai toujours mis sur un pi\u00e9destal \u00e9norme, mais en sortant du portrait, en \u00e9largissant le cadre et, techniquement, en mettant en application ce que j\u2019ai appris en travaillant tous les jours depuis longtemps. Il y a donc un c\u00f4t\u00e9 hyper challengeant et, pour moi, nouveau : une architecture, un \u00e9l\u00e9phant de c\u00e9r\u00e9monie\u2026 J\u2019ai essay\u00e9 de raconter une petite histoire que je trouve \u00ab\u00a0magnifique\u00a0\u00bb, c\u2019est \u00e0 dire hors du commun, \u00e0 chaque cadrage. On s\u2019arr\u00eate devant une image et on se demande ce qu\u2019il s\u2019est pass\u00e9 ce jour-l\u00e0. D\u2019o\u00f9 le titre de l\u2019exposition. Sur chaque toile, j\u2019ai eu envie de c\u00e9l\u00e9brer un jour important pour le sujet. Certains peintres n\u2019aiment pas ce terme mais moi j\u2019appelle \u00e7a de la sc\u00e8ne de genre. Il ne se passe pas grand chose, ce sont des instants de vie. Ce n\u2019est pas une sc\u00e8ne de chasse, une sc\u00e8ne historique, une sc\u00e8ne politique ou une sc\u00e8ne religieuse\u2026 Alors c\u2019est beaucoup plus romanc\u00e9 mais c\u2019est aussi pour essayer de revisiter la sc\u00e8ne de genre et proposer des moments fig\u00e9s o\u00f9 concr\u00e8tement il ne se passe rien mais en m\u00eame temps il se passe tout. Ce sont des moments suspendus et, comme un photographe, je fige cette seconde, ce moment o\u00f9 il y a un \u00e9tat de gr\u00e2ce qui se produit dans un sujet, un regard, un oiseau qui passe\u2026 Il y a une toile d\u2019ailleurs o\u00f9 j\u2019ai pass\u00e9 une semaine \u00e0 essayer de faire des oiseaux flous contre un sujet net et essayer de g\u00e9n\u00e9rer cette sensation de vitesse alors que l\u2019on ne peut pas faire plus statique qu\u2019une toile en terme de composition. C\u2019est tr\u00e8s frontal, c\u2019est tr\u00e8s brutal, c\u2019est tr\u00e8s Vogue comme approche et en m\u00eame temps, il y a ce spectre flou qui passe. Mais c\u2019est tr\u00e8s compliqu\u00e9 \u00e0 faire. Sur cette exposition, ce travail du flou et du net est un exemple de technique que j\u2019ai essay\u00e9 d\u2019approcher. C\u2019est le cas \u00e9galement de la mari\u00e9e sur La Promesse o\u00f9 j\u2019ai essay\u00e9 d\u2019\u00eatre moins scolaire dans mon approche. J\u2019ai toujours \u00e9t\u00e9 tr\u00e8s pr\u00e9cis et plus les ann\u00e9es passent, plus je le suis de moins en moins mais je trouve que ma peinture gagne en puissance gr\u00e2ce \u00e0 \u00e7a.<\/p>\n<p>    <img   decoding=\"async\" loading=\"lazy\" src=\"https:\/\/www.europesays.com\/fr\/wp-content\/uploads\/2025\/11\/arkane-arnaud-de-jesus-goncalves-montpellier-03-960x640.jpg\" alt=\"La Promesse\" width=\"960\" height=\"640\"\/><br \/>\n    \u00ab\u00a0La Promesse\u00a0\u00bb superbement mise en sc\u00e8ne. (\u00a9CN \/ M\u00e9tropolitain)<\/p>\n<p class=\" wall-content\"><strong>Cette exposition est une affirmation de ta technique et de tes r\u00e9f\u00e9rences en pensant aux peintres pr\u00e9rapha\u00e9lites. C\u2019est pleinement conscient ?<\/strong><\/p>\n<p class=\" wall-content\">Compl\u00e8tement. Cela fait partie des mouvements que j\u2019adore. Un de mes coups de coeur artistique, et si quelqu\u2019un est bien un p\u00e8re pour moi, c\u2019est John Singer Sargent. Le plus Fran\u00e7ais des peintres am\u00e9ricains qui \u00e9tait un grand portraitiste et dont il y a une grande r\u00e9trospective au mus\u00e9e d\u2019Orsay \u00e0 Paris en ce moment. Quand j\u2019analyse sa peinture, je me dis qu\u2019il a tout compris dans sa gestion des informations. C\u2019est d\u00e9taill\u00e9 mais pas trop, ce n\u2019est pas chiant, c\u2019est juste ce qu\u2019il faut pour que l\u2019oeil soit s\u00e9duit et, en m\u00eame temps, il y a ce c\u00f4t\u00e9 virtuose du l\u00e2cher prise. Quand on est devant une de ses toiles, on dirait une photo. \u00c7a m\u2019impressionne ! Malheureusement, il n\u2019est plus l\u00e0 pour donner des cours (rires). C\u2019est dur de s\u2019approcher des grands ma\u00eetres. Comme en sciences, il faut proc\u00e9der par empirisme. Tu avances, tu te trompes, tu recommences\u2026 pendant six mois tu as l\u2019impression de reculer et d\u2019un seul coup quelque chose se d\u00e9bloque. Et sur cette exposition, m\u00eame s\u2019il y a plein de choses sur lesquelles j\u2019aurai \u00e0 redire, je suis quand m\u00eame tr\u00e8s content de moi car j\u2019ai la sensation qu\u2019il y a un avant et un apr\u00e8s. C\u2019est pour \u00e7a aussi que cette exposition est importante pour moi car techniquement j\u2019ai r\u00e9ussi, \u00e0 ma petite \u00e9chelle, \u00e0 aligner mes intentions. Ce n\u2019est pas encore parfait mais je suis content de moi. Et c\u2019est rare que je le dise. Mais l\u00e0, sans pr\u00e9tention, je n\u2019ai pas peur de le dire. J\u2019ai travaill\u00e9 et j\u2019ai r\u00e9ussi \u00e0 obtenir un r\u00e9sultat qui me va.<\/p>\n<p class=\" wall-content\"><strong>Quand tu dis travailler, c\u2019est le terme. Il y a un gros travail qui se voit que ce soit sur la pr\u00e9paration, la r\u00e9alisation et la technique sur chaque toile. On sent que tu as d\u00fb bien te prendre la t\u00eate en atelier.<\/strong><\/p>\n<p class=\" wall-content\">Cette exposition regroupe vingt-cinq pi\u00e8ces. Trois dessins et vingt-deux huiles peintes dont sept sont \u00ab\u00a0acad\u00e9miques\u00a0\u00bb o\u00f9 j\u2019applique la recette d\u2019il y a cinq-six si\u00e8cles, couche par couche. C\u2019est tout un monde et c\u2019est mon c\u00f4t\u00e9 un peu f\u00e9tichiste de la technique quand je faisais de la photographie. J\u2019aime bien me prendre la t\u00eate. Et c\u2019est marrant car je suis \u00e0 la fois dans le respect de l\u2019acad\u00e9misme mais en m\u00eame je ne respecte pas du tout certaines choses comme les dosages par exemple pour cr\u00e9er certains effets. Pour cela il faut comprendre toute la structure de base pour mieux la d\u00e9molir. Et je me trouve encore tr\u00e8s scolaire. Mais je d\u00e9couvre un monde et j\u2019ai d\u00e9j\u00e0 h\u00e2te de me demander comment je vais me projeter sur la suite. Est-ce que je vais y arriver mieux ? Est-ce que je vais aller sur quelque chose de compl\u00e8tement diff\u00e9rent ? Je n\u2019en sais rien du tout mais la suite logique n\u2019est pas de rester statique, d\u2019\u00eatre en mouvement, influenc\u00e9 par les rencontres, un film, un jeu vid\u00e9o, un instant de gr\u00e2ce dans la rue\u2026 J\u2019aurai peut-\u00eatre envie de peindre des feuilles d\u2019automne (rires). J\u2019ai la chance d\u2019\u00eatre autant stimul\u00e9 ann\u00e9e apr\u00e8s ann\u00e9e, d\u2019habiter dans cette ville, de partager l\u2019atelier avec des copains artistes Camille Adra et Loraine Motti\u2026 j\u2019ai beaucoup de chance apr\u00e8s cela a \u00e9t\u00e9 un sacrifice et \u00e7a l\u2019est toujours. Humainement je le vois, je suis peu disponible pour mes amis. Non pas que je n\u2019ai pas envie mais, qu\u2019on le veuille ou non, des choix sont faits, cela prend du temps, il ne faut pas compter les heures, les week-ends non plus, mais il y a la passion.<\/p>\n<p class=\" wall-content\"><strong>Tu imagines, comme tu le fais pour les fresques murales, passer \u00e0 une toile d\u2019un tr\u00e8s grand format ?<\/strong><\/p>\n<p class=\" wall-content\">Faire une peinture classique grand format ? Compl\u00e8tement ! C\u2019est quelque chose que j\u2019ai envie de faire \u00e0 terme. Et je vois que, petit \u00e0 petit, je suis en train de le faire sur mes toiles en d\u00e9veloppant des sc\u00e8nes plus complexes. J\u2019ai commenc\u00e9 \u00e0 le faire il y a un ou deux ans sur les murs avec des fresques o\u00f9 j\u2019am\u00e8ne de la narration. J\u2019ai d\u2019ailleurs reproduit en tableau pour l\u2019exposition, la premi\u00e8re fresque, Yma la errante avec son lama, une femme en blanc qui fait 15 m de haut, o\u00f9 je suis sorti du cadrage buste portrait en amenant un d\u00e9cor. C\u2019est une fresque que j\u2019aime beaucoup et qui a d\u2019ailleurs s\u00e9duit sur Instagram avec 7M de vues et m\u2019a apport\u00e9 40 000 followers.<\/p>\n<p class=\" wall-content\"><a href=\"https:\/\/www.instagram.com\/p\/C-GBJNFtSaJ\/embed\" title=\"Ouvrir le lien sur Instagram\" rel=\"nofollow noopener\" target=\"_blank\">Visualiser le contenu sur Instagram<\/a><\/p>\n<p class=\" wall-content\"><strong>Et quand tu passes par le quartier M\u00e9diterran\u00e9e, <a href=\"https:\/\/www.instagram.com\/p\/BhEu0BylIgw\/?utm_source=ig_web_copy_link&amp;igsh=MzRlODBiNWFlZA==\" rel=\"nofollow noopener\" target=\"_blank\">tu penses quoi de ta fresque en la revoyant<\/a> ?<\/strong><\/p>\n<p class=\" wall-content\">C\u2019est dommage il y a un gros tag dessus mais c\u2019est le jeu. Elle fait partie des fresques r\u00e9alis\u00e9es avant 2020 que j\u2019aime toujours. Avant, il manquait plein de choses et, celle-l\u00e0, en 2018, le c\u00f4t\u00e9 l\u00e2cher-prise dont je parlais, de n\u2019avoir travaill\u00e9 qu\u2019avec un petit escabeau et une perche, j\u2019en suis tr\u00e8s fier. C\u2019est d\u2019ailleurs ma premi\u00e8re fresque \u00e0 la perche et je trouve qu\u2019elle a toujours cette \u00e9motion, ce truc dans le regard malgr\u00e9 les couleurs qui vieillissent. Comme cette exposition, symboliquement cette fresque est un marqueur dans mon travail de peintre. C\u2019est la premi\u00e8re fresque o\u00f9 je me suis dit que j\u2019\u00e9tais l\u00e9gitime pour en faire \u00e0 la perche. M\u00eame si dans le fond ce n\u2019est pas chiad\u00e9, peut-\u00eatre qu\u2019il y a plus d\u2019\u00e9motions que dans quelque chose o\u00f9 je vais aller chercher la perfection pour au final s\u2019ennuyer.<\/p>\n<p class=\" wall-content\"><strong>C\u2019est quoi la suite imm\u00e9diate pour toi ?<\/strong><\/p>\n<p class=\" wall-content\">Je passe la semaine \u00e0 Pornic pour un projet avec Line Up. La Ville a command\u00e9 un portrait de l\u2019horloger \u00c9mile Mac\u00e9 qui est officiellement l\u2019inventeur de l\u2019horloge \u00e0 double cadran. En d\u00e9cembre, avec Nicolas, je fais une fresque pour la Ville de Montpellier, et je suis tr\u00e8s content car cela fait longtemps, sur un grand mur de 20x5m d\u2019un b\u00e2timent de la R\u00e9gie des Eaux. Ce sera riche, un peu comme une gravure ancienne. Techniquement, j\u2019ai trop h\u00e2te.<\/p>\n<p>Exposition \u00ab\u00a0Ces jours-l\u00e0\u00a0\u00bb de Arnaud De Jesus Gon\u00e7alves. Jusqu\u2019au 6 d\u00e9cembre \u00e0 la Galerie Nicolas Xavier, 2 bis rue Glaize \u2013 Place des Mus\u00e9es, Montpellier. Horaires d\u2019ouverture : du mardi au vendredi de 10h \u00e0 12h30 et de 14h \u00e0 18h, le samedi de 14h \u00e0 19h. Entr\u00e9e libre. Plus d\u2019informations sur <a href=\"https:\/\/galerienicolasxavier.com\/\" rel=\"nofollow noopener\" target=\"_blank\">galerienicolasxavier.com<\/a> et <a href=\"https:\/\/www.arkane-art.com\/\" rel=\"nofollow noopener\" target=\"_blank\">arkane-art.com<\/a>.<\/p>\n<p class=\" wall-content\">Personnalisez votre actualit\u00e9 en ajoutant vos villes et m\u00e9dias en favori avec <a href=\"https:\/\/moncompte.actu.fr\" title=\"D\u00e9couvez Mon Actu\" rel=\"nofollow noopener\" data-trk=\"{&quot;cta&quot;:{&quot;action&quot;:&quot;https:\\\/\\\/moncompte.actu.fr&quot;,&quot;category&quot;:&quot;mon compte&quot;,&quot;from&quot;:&quot;article footer&quot;,&quot;name&quot;:&quot;Mon actu&quot;,&quot;type&quot;:&quot;cta&quot;}}\" target=\"_blank\">Mon Actu<\/a>.<\/p>\n<p>                    <script async src=\"\/\/www.instagram.com\/embed.js\"><\/script><\/p>\n","protected":false},"excerpt":{"rendered":"Par C\u00e9dric Nithard Publi\u00e9 le 23 nov. 2025 \u00e0 16h40 Si le nom d\u2019Arnaud de Jesus Gon\u00e7alves n\u2019\u00e9voquera&hellip;\n","protected":false},"author":2,"featured_media":553682,"comment_status":"","ping_status":"","sticky":false,"template":"","format":"standard","meta":{"footnotes":""},"categories":[9599],"tags":[1111,11,1777,674,1349,1011,27,1652,2208,12,2680,25],"class_list":{"0":"post-553681","1":"post","2":"type-post","3":"status-publish","4":"format-standard","5":"has-post-thumbnail","7":"category-montpellier","8":"tag-actu","9":"tag-actualites","10":"tag-eu","11":"tag-europe","12":"tag-expositions","13":"tag-fr","14":"tag-france","15":"tag-loisirs-culture","16":"tag-montpellier","17":"tag-news","18":"tag-occitanie","19":"tag-republique-francaise"},"share_on_mastodon":{"url":"https:\/\/pubeurope.com\/@fr\/115599925750050815","error":""},"_links":{"self":[{"href":"https:\/\/www.europesays.com\/fr\/wp-json\/wp\/v2\/posts\/553681","targetHints":{"allow":["GET"]}}],"collection":[{"href":"https:\/\/www.europesays.com\/fr\/wp-json\/wp\/v2\/posts"}],"about":[{"href":"https:\/\/www.europesays.com\/fr\/wp-json\/wp\/v2\/types\/post"}],"author":[{"embeddable":true,"href":"https:\/\/www.europesays.com\/fr\/wp-json\/wp\/v2\/users\/2"}],"replies":[{"embeddable":true,"href":"https:\/\/www.europesays.com\/fr\/wp-json\/wp\/v2\/comments?post=553681"}],"version-history":[{"count":0,"href":"https:\/\/www.europesays.com\/fr\/wp-json\/wp\/v2\/posts\/553681\/revisions"}],"wp:featuredmedia":[{"embeddable":true,"href":"https:\/\/www.europesays.com\/fr\/wp-json\/wp\/v2\/media\/553682"}],"wp:attachment":[{"href":"https:\/\/www.europesays.com\/fr\/wp-json\/wp\/v2\/media?parent=553681"}],"wp:term":[{"taxonomy":"category","embeddable":true,"href":"https:\/\/www.europesays.com\/fr\/wp-json\/wp\/v2\/categories?post=553681"},{"taxonomy":"post_tag","embeddable":true,"href":"https:\/\/www.europesays.com\/fr\/wp-json\/wp\/v2\/tags?post=553681"}],"curies":[{"name":"wp","href":"https:\/\/api.w.org\/{rel}","templated":true}]}}