{"id":553685,"date":"2025-11-23T16:21:13","date_gmt":"2025-11-23T16:21:13","guid":{"rendered":"https:\/\/www.europesays.com\/fr\/553685\/"},"modified":"2025-11-23T16:21:13","modified_gmt":"2025-11-23T16:21:13","slug":"un-peu-plus-de-soleil-au-programme-voici-la-meteo-de-la-semaine-en-seine-maritime","status":"publish","type":"post","link":"https:\/\/www.europesays.com\/fr\/553685\/","title":{"rendered":"Un peu plus de soleil au programme ? Voici la m\u00e9t\u00e9o de la semaine en Seine-Maritime"},"content":{"rendered":"<p>                    Par<br \/>\n        <strong><br \/>\n            <a href=\"https:\/\/actu.fr\/auteur\/julien-bouteiller\" title=\"Consulter tous les articles de Julien Bouteiller\" target=\"_blank\" rel=\"noopener\">Julien Bouteiller<\/a><br \/>\n                    <\/strong><\/p>\n<p>        Publi\u00e9 le<\/p>\n<p>            23 nov. 2025 \u00e0 17h16        <\/p>\n<p>La semaine a \u00e9t\u00e9 marqu\u00e9e par une chute brutale des temp\u00e9ratures <a href=\"https:\/\/actu.fr\/meteo\/froid-la-vigilance-maintenue-par-meteo-france-en-seine-maritime-ou-la-neige-doit-elle-tomber-cette-nuit_63474827.html\" target=\"_blank\" rel=\"noopener\">et m\u00eame quelques flocons de neige<\/a>. La derni\u00e8re semaine de novembre 2025 sera-t-elle plus cl\u00e9mente <strong>en Seine-Maritime<\/strong> ? Voici <strong>les pr\u00e9visions de M\u00e9t\u00e9o France pour les jours \u00e0 venir.<\/strong><\/p>\n<p>La pluie va-t-elle persister en Seine-Maritime ?<\/p>\n<p class=\" wall-content\">C\u2019est<strong>\u00a0la pluie et la grisaille<\/strong> qui vont dominer pour commencer la semaine. Lundi matin, des a<strong>verses orageuses<\/strong> vont arroser la moiti\u00e9 nord-ouest du d\u00e9partement. La pluie va se g\u00e9n\u00e9raliser \u00e0 toute la Seine-Maritime dans l\u2019apr\u00e8s-midi, avec un mercure culminant \u00e0 8\u00b0C.<\/p>\n<p class=\" wall-content\">Mardi, <strong>le soleil fera de timides apparitions<\/strong> au milieu des nuages gris et des averses qui ne vont \u00e9pargner personne tout au long de la journ\u00e9e. Les temp\u00e9ratures poursuivent leur l\u00e9g\u00e8re remont\u00e9e, <strong>avec jusqu\u2019\u00e0 10\u00b0C au Havre.<\/strong><\/p>\n<p class=\" wall-content\">Mercredi, la r\u00e9gion rouennaise b\u00e9n\u00e9ficiera <strong>d\u2019un beau soleil le matin,<\/strong> tandis que la pluie continuera d\u2019arroser le nord du d\u00e9partement et le littoral. Dans l\u2019apr\u00e8s-midi, les pluies s\u2019\u00e9vacueront pour laisser place \u00e0 un ciel illumin\u00e9 par quelques \u00e9claircies. Le tout avec des temp\u00e9ratures autour de 8\u00b0C \u00e0 Rouen et 9\u00b0C au Havre.<\/p>\n<p>Quelle m\u00e9t\u00e9o ce weekend ?<\/p>\n<p class=\" wall-content\">Malheureusement, l\u2019accalmie sera de courte dur\u00e9e puisque les pluies nombreuses reviendront d\u00e8s jeudi matin et toute la journ\u00e9e. Elles s\u2019accompagneront <strong>d\u2019un thermom\u00e8tre qui remontera autour de 13\u00b0C.<\/strong><\/p>\n<p>Vid\u00e9os : en ce moment sur Actu<\/p>\n<p class=\" wall-content\">Vendredi et samedi, on gardera la m\u00eame <strong>m\u00e9t\u00e9o pluvieuse et grise<\/strong>, avec des temp\u00e9ratures en l\u00e9g\u00e8re baisse le samedi.<\/p>\n<p class=\" wall-content\">Dimanche, M\u00e9t\u00e9o France laisse l\u2019espoir de quelques \u00e9claircies \u00e0 Rouen, tandis que Le Havre sera toujours sous la pluie.<\/p>\n<p>Votre r\u00e9gion, votre actu !<\/p>\n<p>Recevez chaque jour les infos qui comptent pour vous.<\/p>\n<p>\t<a href=\"https:\/\/actu.fr\/newsletter\" class=\"ac-btn ac-btn--corner ac-btn--medium ac-btn--blue800\" target=\"_blank\" rel=\"noopener\">S&rsquo;incrire<\/a><br \/>\nSuivez l\u2019actualit\u00e9 de Rouen <a href=\"https:\/\/www.whatsapp.com\/channel\/0029VaKfnf99hXF2ddApFB1D\" target=\"_blank\" rel=\"noopener\">sur notre cha\u00eene WhatsApp<\/a> et <a href=\"https:\/\/www.tiktok.com\/@76actu.fr?lang=fr\" target=\"_blank\" rel=\"noopener\">sur notre compte TikTok<\/a>Suivez l\u2019actualit\u00e9 du Havre <a href=\"https:\/\/www.whatsapp.com\/channel\/0029VaFqJYE8aKvLBwVrEe0o\" target=\"_blank\" rel=\"noopener\">sur notre cha\u00eene WhatsApp<\/a> et <a href=\"https:\/\/www.tiktok.com\/@76actu.fr?lang=fr\" target=\"_blank\" rel=\"noopener\">sur notre compte TikTok<\/a><\/p>\n<p class=\" wall-content\">Personnalisez votre actualit\u00e9 en ajoutant vos villes et m\u00e9dias en favori avec <a href=\"https:\/\/moncompte.actu.fr\" title=\"D\u00e9couvez Mon Actu\" rel=\"nofollow noopener\" data-trk=\"{&quot;cta&quot;:{&quot;action&quot;:&quot;https:\\\/\\\/moncompte.actu.fr&quot;,&quot;category&quot;:&quot;mon compte&quot;,&quot;from&quot;:&quot;article footer&quot;,&quot;name&quot;:&quot;Mon actu&quot;,&quot;type&quot;:&quot;cta&quot;}}\" target=\"_blank\">Mon Actu<\/a>.<\/p>\n<p>                    <script async src=\"\/\/www.tiktok.com\/embed.js\"><\/script><\/p>\n","protected":false},"excerpt":{"rendered":"Par Julien Bouteiller Publi\u00e9 le 23 nov. 2025 \u00e0 17h16 La semaine a \u00e9t\u00e9 marqu\u00e9e par une chute&hellip;\n","protected":false},"author":2,"featured_media":553686,"comment_status":"","ping_status":"","sticky":false,"template":"","format":"standard","meta":{"footnotes":""},"categories":[9587],"tags":[1111,11,1777,674,1011,27,3447,2487,2357,12,5161,4459,25,9590],"class_list":{"0":"post-553685","1":"post","2":"type-post","3":"status-publish","4":"format-standard","5":"has-post-thumbnail","7":"category-rouen","8":"tag-actu","9":"tag-actualites","10":"tag-eu","11":"tag-europe","12":"tag-fr","13":"tag-france","14":"tag-froid","15":"tag-meteo","16":"tag-meteo-france","17":"tag-news","18":"tag-normandie","19":"tag-pluie","20":"tag-republique-francaise","21":"tag-rouen"},"share_on_mastodon":{"url":"https:\/\/pubeurope.com\/@fr\/115599932457561633","error":""},"_links":{"self":[{"href":"https:\/\/www.europesays.com\/fr\/wp-json\/wp\/v2\/posts\/553685","targetHints":{"allow":["GET"]}}],"collection":[{"href":"https:\/\/www.europesays.com\/fr\/wp-json\/wp\/v2\/posts"}],"about":[{"href":"https:\/\/www.europesays.com\/fr\/wp-json\/wp\/v2\/types\/post"}],"author":[{"embeddable":true,"href":"https:\/\/www.europesays.com\/fr\/wp-json\/wp\/v2\/users\/2"}],"replies":[{"embeddable":true,"href":"https:\/\/www.europesays.com\/fr\/wp-json\/wp\/v2\/comments?post=553685"}],"version-history":[{"count":0,"href":"https:\/\/www.europesays.com\/fr\/wp-json\/wp\/v2\/posts\/553685\/revisions"}],"wp:featuredmedia":[{"embeddable":true,"href":"https:\/\/www.europesays.com\/fr\/wp-json\/wp\/v2\/media\/553686"}],"wp:attachment":[{"href":"https:\/\/www.europesays.com\/fr\/wp-json\/wp\/v2\/media?parent=553685"}],"wp:term":[{"taxonomy":"category","embeddable":true,"href":"https:\/\/www.europesays.com\/fr\/wp-json\/wp\/v2\/categories?post=553685"},{"taxonomy":"post_tag","embeddable":true,"href":"https:\/\/www.europesays.com\/fr\/wp-json\/wp\/v2\/tags?post=553685"}],"curies":[{"name":"wp","href":"https:\/\/api.w.org\/{rel}","templated":true}]}}