{"id":553687,"date":"2025-11-23T16:22:13","date_gmt":"2025-11-23T16:22:13","guid":{"rendered":"https:\/\/www.europesays.com\/fr\/553687\/"},"modified":"2025-11-23T16:22:13","modified_gmt":"2025-11-23T16:22:13","slug":"les-decors-spectaculaires-et-inventifs-de-maxime-old-dans-une-exposition-a-rouen","status":"publish","type":"post","link":"https:\/\/www.europesays.com\/fr\/553687\/","title":{"rendered":"Les d\u00e9cors spectaculaires et inventifs de Maxime Old dans une exposition \u00e0 Rouen"},"content":{"rendered":"<p class=\"intro \">Une grande exposition au mus\u00e9e des Beaux-Arts de Rouen est consacr\u00e9e \u00e0 l&rsquo;architecte d&rsquo;int\u00e9rieur fran\u00e7ais Maxime Old. Intitul\u00e9e \u00ab\u00a0Maxime Old, Homme d&rsquo;int\u00e9rieurs\u00a0\u00bb, on y retrouve des reconstitutions d&rsquo;int\u00e9rieur, des fauteuils tulipes, des croquis de gu\u00e9ridon, des projets de plans de plafond en m\u00e9tal.<\/p>\n<p>Maxime Old est \u00e0 l&rsquo;honneur dans une grande exposition au <a href=\"https:\/\/www.europe1.fr\/culture\/lart-de-la-sculpture-animaliere-au-service-de-la-poesie-avec-michel-bassompierre-760284\" rel=\"nofollow noopener\" target=\"_blank\">mus\u00e9e des Beaux-Arts de Rouen<\/a>. L&rsquo;architecte d&rsquo;int\u00e9rieur fran\u00e7ais a \u00e9t\u00e9 l&rsquo;une des figures essentielles assurant la transition entre un art artisanal et un design moderne.\u00a0<\/p>\n<p>    La suite apr\u00e8s cette publicit\u00e9<\/p>\n<p>    La suite apr\u00e8s cette publicit\u00e9<\/p>\n<p>Fonctionnalit\u00e9 ing\u00e9nieuse, exigence qualitative et esth\u00e9tisme nouveau<\/p>\n<p>Pourquoi en Normandie ? Tout simplement parce que la salle du conseil de l&rsquo;h\u00f4tel de ville de Rouen est sign\u00e9e Maxime Old. Fils d&rsquo;\u00e9b\u00e9niste, major de l&rsquo;\u00e9cole Boulle, il reprend en 1934 l&rsquo;atelier familial, mais sans suivre le style ancien qui a fait la renomm\u00e9e de son p\u00e8re.\u00a0<\/p>\n<p>Maxime Old n\u00e9gocie alors, avec une cr\u00e9ativit\u00e9 hors normes, le virage de la modernit\u00e9 de l&rsquo;architecture d&rsquo;int\u00e9rieur, en relevant le triple d\u00e9fi de la fonctionnalit\u00e9 ing\u00e9nieuse, d&rsquo;une authentique exigence qualitative, et d&rsquo;un esth\u00e9tisme nouveau, pour ne pas dire r\u00e9volutionnaire.\u00a0<\/p>\n<p>    La suite apr\u00e8s cette publicit\u00e9<\/p>\n<p>    La suite apr\u00e8s cette publicit\u00e9<\/p>\n<p>Le salon Fontainebleau de la premi\u00e8re classe du <a href=\"https:\/\/www.europe1.fr\/emissions\/lequipee-sauvage\/le-paquebot-france-745689\" rel=\"nofollow noopener\" target=\"_blank\">paquebot France<\/a>, c&rsquo;est Maxime Old. L&rsquo;architecture de l&rsquo;a\u00e9rogare Marseille-Marignane, Maxime Old. Tout comme l&rsquo;am\u00e9nagement int\u00e9rieur du palais pr\u00e9sidentiel du Tunisien Habib Bourguiba.\u00a0<\/p>\n<p>L&rsquo;exposition \u00ab\u00a0Maxime Old, Homme d&rsquo;int\u00e9rieurs\u00a0\u00bb propose des reconstitutions d&rsquo;int\u00e9rieur, des fauteuils tulipes, des croquis de gu\u00e9ridon, des projets de plans de plafond en m\u00e9tal. Un \u00e9v\u00e9nement id\u00e9al pour retrouver le go\u00fbt de l&rsquo;objet.<\/p>\n","protected":false},"excerpt":{"rendered":"Une grande exposition au mus\u00e9e des Beaux-Arts de Rouen est consacr\u00e9e \u00e0 l&rsquo;architecte d&rsquo;int\u00e9rieur fran\u00e7ais Maxime Old. Intitul\u00e9e&hellip;\n","protected":false},"author":2,"featured_media":553688,"comment_status":"","ping_status":"","sticky":false,"template":"","format":"standard","meta":{"footnotes":""},"categories":[9587],"tags":[1111,11,1777,674,1011,27,12,5161,25,9590],"class_list":{"0":"post-553687","1":"post","2":"type-post","3":"status-publish","4":"format-standard","5":"has-post-thumbnail","7":"category-rouen","8":"tag-actu","9":"tag-actualites","10":"tag-eu","11":"tag-europe","12":"tag-fr","13":"tag-france","14":"tag-news","15":"tag-normandie","16":"tag-republique-francaise","17":"tag-rouen"},"share_on_mastodon":{"url":"https:\/\/pubeurope.com\/@fr\/115599936258140831","error":""},"_links":{"self":[{"href":"https:\/\/www.europesays.com\/fr\/wp-json\/wp\/v2\/posts\/553687","targetHints":{"allow":["GET"]}}],"collection":[{"href":"https:\/\/www.europesays.com\/fr\/wp-json\/wp\/v2\/posts"}],"about":[{"href":"https:\/\/www.europesays.com\/fr\/wp-json\/wp\/v2\/types\/post"}],"author":[{"embeddable":true,"href":"https:\/\/www.europesays.com\/fr\/wp-json\/wp\/v2\/users\/2"}],"replies":[{"embeddable":true,"href":"https:\/\/www.europesays.com\/fr\/wp-json\/wp\/v2\/comments?post=553687"}],"version-history":[{"count":0,"href":"https:\/\/www.europesays.com\/fr\/wp-json\/wp\/v2\/posts\/553687\/revisions"}],"wp:featuredmedia":[{"embeddable":true,"href":"https:\/\/www.europesays.com\/fr\/wp-json\/wp\/v2\/media\/553688"}],"wp:attachment":[{"href":"https:\/\/www.europesays.com\/fr\/wp-json\/wp\/v2\/media?parent=553687"}],"wp:term":[{"taxonomy":"category","embeddable":true,"href":"https:\/\/www.europesays.com\/fr\/wp-json\/wp\/v2\/categories?post=553687"},{"taxonomy":"post_tag","embeddable":true,"href":"https:\/\/www.europesays.com\/fr\/wp-json\/wp\/v2\/tags?post=553687"}],"curies":[{"name":"wp","href":"https:\/\/api.w.org\/{rel}","templated":true}]}}