{"id":553693,"date":"2025-11-23T16:26:14","date_gmt":"2025-11-23T16:26:14","guid":{"rendered":"https:\/\/www.europesays.com\/fr\/553693\/"},"modified":"2025-11-23T16:26:14","modified_gmt":"2025-11-23T16:26:14","slug":"trafic-perturbe-a-rennes-voici-ou-il-sera-difficile-de-circuler-a-partir-du-lundi-24-novembre","status":"publish","type":"post","link":"https:\/\/www.europesays.com\/fr\/553693\/","title":{"rendered":"Trafic perturb\u00e9 \u00e0 Rennes\u00a0: voici o\u00f9 il sera difficile de circuler \u00e0 partir du lundi 24\u00a0novembre"},"content":{"rendered":"<p>&#8211; <strong>Boulevard Villebois-Mareuil<\/strong> : du lundi 24 au vendredi 28 novembre, la circulation sera interdite dans les deux sens, entre l\u2019avenue Monseigneur Mou\u00e9zy et la rue de Ch\u00e2teaugiron, afin de permettre \u00e0 Rennes M\u00e9tropole d\u2019am\u00e9nager le R\u00e9seau express v\u00e9lo entre Rennes et Chantepie. Une d\u00e9viation sera mise en place par l\u2019avenue Monseigneur Mou\u00e9zy et la rue de Ch\u00e2teaugiron.<\/p>\n<p>&#8211; <strong>Rue Pierre Martin <\/strong>: du lundi 24 novembre au vendredi 19 d\u00e9cembre, la rue sera ferm\u00e9e \u00e0 la circulation entre la rue Albert de Mun et la rue Albert Martin, pour permettre des travaux de r\u00e9paration du r\u00e9seau de chauffage d\u2019un immeuble. Pour les automobilistes souhaitant rejoindre la gare, une d\u00e9viation sera mise en place par la rue Saint-H\u00e9lier, la rue de Vern, le boulevard Franklin Roosevelt, le boulevard \u00c9mile Combe et la rue de l\u2019Alma.<\/p>\n<p>&#8211; <strong>Rue Louis et Ren\u00e9 Moine<\/strong> : du mardi 25 au jeudi 27 novembre, la rue sera ferm\u00e9e \u00e0 la circulation dans le sens sud &gt; nord entre le rond-point des Forces Fran\u00e7aises de l\u2019ONU et la rue du Sous-Lieutenant Fournier afin de permettre \u00e0 Eau du Bassin Rennais de r\u00e9aliser des travaux sur le r\u00e9seau d\u2019eau potable. Une d\u00e9viation sera mise en place par le boulevard de l\u2019Yser et la rue du G\u00e9n\u00e9ral Audibert.<\/p>\n<p>&#8211; <strong>Boulevard Paul Hutin-Desgr\u00e9es :<\/strong> du lundi 24 au mercredi 26 novembre, le boulevard sera ferm\u00e9 \u00e0 la circulation de nuit dans le sens est &gt; ouest, de 21 h \u00e0 5 h du matin, afin de permettre \u00e0 Rennes M\u00e9tropole de remplacer les cand\u00e9labres. Une d\u00e9viation sera mise en place par la rue de Ch\u00e2teaugiron, la rocade sud et la rue de Vern.<\/p>\n<p>&#8211; <strong>Rue de Paris<\/strong> : le mardi 25 novembre, la circulation sera altern\u00e9e entre 9 h et 16 h 30 entre la rue de Viarmes et l\u2019all\u00e9e Jeanne Guillon, pour permettre \u00e0 GRDF d\u2019intervenir sur le r\u00e9seau de gaz.<\/p>\n<p>&#8211; <strong>Avenue Germaine Tillion, Saint-Jacques de la Lande <\/strong>: jusqu\u2019au vendredi 19 d\u00e9cembre, la chauss\u00e9e sera r\u00e9tr\u00e9cie dans le sens sud &gt; nord entre le boulevard Jean Mermoz et la rue de la Guibourg\u00e8re, afin de permettre \u00e0 Enersud de r\u00e9aliser des travaux sur le r\u00e9seau de chauffage urbain.<\/p>\n","protected":false},"excerpt":{"rendered":"&#8211; Boulevard Villebois-Mareuil : du lundi 24 au vendredi 28 novembre, la circulation sera interdite dans les deux&hellip;\n","protected":false},"author":2,"featured_media":553694,"comment_status":"","ping_status":"","sticky":false,"template":"","format":"standard","meta":{"footnotes":""},"categories":[2821],"tags":[1111,11,829,21017,1777,674,1011,27,848,12,584,25],"class_list":{"0":"post-553693","1":"post","2":"type-post","3":"status-publish","4":"format-standard","5":"has-post-thumbnail","7":"category-rennes","8":"tag-actu","9":"tag-actualites","10":"tag-bretagne","11":"tag-deplacements-a-rennes","12":"tag-eu","13":"tag-europe","14":"tag-fr","15":"tag-france","16":"tag-ille-et-vilaine","17":"tag-news","18":"tag-rennes","19":"tag-republique-francaise"},"share_on_mastodon":{"url":"https:\/\/pubeurope.com\/@fr\/115599952592100000","error":""},"_links":{"self":[{"href":"https:\/\/www.europesays.com\/fr\/wp-json\/wp\/v2\/posts\/553693","targetHints":{"allow":["GET"]}}],"collection":[{"href":"https:\/\/www.europesays.com\/fr\/wp-json\/wp\/v2\/posts"}],"about":[{"href":"https:\/\/www.europesays.com\/fr\/wp-json\/wp\/v2\/types\/post"}],"author":[{"embeddable":true,"href":"https:\/\/www.europesays.com\/fr\/wp-json\/wp\/v2\/users\/2"}],"replies":[{"embeddable":true,"href":"https:\/\/www.europesays.com\/fr\/wp-json\/wp\/v2\/comments?post=553693"}],"version-history":[{"count":0,"href":"https:\/\/www.europesays.com\/fr\/wp-json\/wp\/v2\/posts\/553693\/revisions"}],"wp:featuredmedia":[{"embeddable":true,"href":"https:\/\/www.europesays.com\/fr\/wp-json\/wp\/v2\/media\/553694"}],"wp:attachment":[{"href":"https:\/\/www.europesays.com\/fr\/wp-json\/wp\/v2\/media?parent=553693"}],"wp:term":[{"taxonomy":"category","embeddable":true,"href":"https:\/\/www.europesays.com\/fr\/wp-json\/wp\/v2\/categories?post=553693"},{"taxonomy":"post_tag","embeddable":true,"href":"https:\/\/www.europesays.com\/fr\/wp-json\/wp\/v2\/tags?post=553693"}],"curies":[{"name":"wp","href":"https:\/\/api.w.org\/{rel}","templated":true}]}}