{"id":553695,"date":"2025-11-23T16:27:48","date_gmt":"2025-11-23T16:27:48","guid":{"rendered":"https:\/\/www.europesays.com\/fr\/553695\/"},"modified":"2025-11-23T16:27:48","modified_gmt":"2025-11-23T16:27:48","slug":"a-strasbourg-le-chantier-des-halles-est-bientot-termine","status":"publish","type":"post","link":"https:\/\/www.europesays.com\/fr\/553695\/","title":{"rendered":"\u00e0 Strasbourg, le chantier des Halles est bient\u00f4t termin\u00e9"},"content":{"rendered":"<p><b>C\u2019est un projet XXL qui est bient\u00f4t termin\u00e9. Apr\u00e8s un an de travaux, le secteur des Halles \u00e0 Strasbourg va petit \u00e0 petit retrouver une certaine tranquillit\u00e9, avec la fin des perturbations pour la circulation et la disparition progressive des engins de chantier. Nouveau tunnel, gare routi\u00e8re passante, piste cyclable achev\u00e9e et square de 4 000 m2 : on fait le point.\u00a0<\/b><\/p>\n<p><b>La m\u00e9t\u00e9o indique 4\u00b0C et les mains ont froid en ce 19 novembre. <\/b>Pourtant, Jeanne Barseghian et Alain Jund, respectivement maire de Strasbourg et vice-pr\u00e9sident de l\u2019Eurom\u00e9tropole en charge des mobilit\u00e9s, affichent de grands sourires.<\/p>\n<p>La raison ? <b>La visite du lancement de la phase finale des travaux du secteur des Halles,<\/b> \u00ab v\u00e9ritable porte d\u2019entr\u00e9e pour visiter la capitale alsacienne \u00bb selon leurs mots, afin de d\u00e9couvrir les derniers am\u00e9nagements.\u00a0<\/p>\n<p>                <img width=\"333\" height=\"500\" src=\"https:\/\/www.europesays.com\/fr\/wp-content\/uploads\/2025\/11\/dsc02594-2-333x500.jpg\" class=\"attachment-gallery size-gallery\" alt=\"tunnel wilson\" data-full-url=\"https:\/\/pokaa.fr\/wp-content\/uploads\/2025\/11\/20\/dsc02594-2.jpg\" decoding=\"async\" loading=\"lazy\"  \/>            <\/p>\n<p>                <img width=\"375\" height=\"500\" src=\"https:\/\/www.europesays.com\/fr\/wp-content\/uploads\/2025\/11\/img-3954-2-375x500.jpeg\" class=\"attachment-gallery size-gallery\" alt=\"square parc Halles Ilse Totzke\" data-full-url=\"https:\/\/pokaa.fr\/wp-content\/uploads\/2025\/11\/20\/img-3954-2.jpeg\" decoding=\"async\" loading=\"lazy\"  \/>            <\/p>\n<p>                    Jeanne Barseghian, Alain Jund et une partie du nouveau square. \u00a9 Anthony Jilli \/ Pokaa<\/p>\n<p>Sur place, la maire pr\u00e9cise d\u2019embl\u00e9e : \u00ab <b>Nous avons conscience que le chantier a pu \u00eatre p\u00e9nible<\/b> pour les habitants, les commer\u00e7ants et les habitu\u00e9s. Mais cette transformation va permettre une nouvelle dynamique pour le quartier. Voitures, v\u00e9los, cars, pi\u00e9tons, tous les modes de d\u00e9placement trouvent leur place. \u00bb<\/p>\n<p>Une visite qui, vous allez le voir, passe par <b>le nouveau tunnel d\u2019acc\u00e8s au parking P3 Wilson, la rue de S\u00e9bastopol et la gare routi\u00e8re r\u00e9am\u00e9nag\u00e9es, ainsi que par le square de 4 000 m2 <\/b>install\u00e9 derri\u00e8re le centre commercial Place des Halles.\u00a0<\/p>\n<p>                <img width=\"888\" height=\"500\" src=\"https:\/\/www.europesays.com\/fr\/wp-content\/uploads\/2025\/11\/img-3889-888x500.jpg\" class=\"attachment-gallery size-gallery\" alt=\"Place des Halles\" data-full-url=\"https:\/\/pokaa.fr\/wp-content\/uploads\/2022\/10\/img-3889.jpg\" decoding=\"async\" loading=\"lazy\"  \/>            <\/p>\n<p>                <img width=\"850\" height=\"500\" src=\"https:\/\/www.europesays.com\/fr\/wp-content\/uploads\/2025\/11\/marais-vert-hd-850x500.jpg\" class=\"attachment-gallery size-gallery\" alt=\"square parc Halles Ilse Totzke\" data-full-url=\"https:\/\/pokaa.fr\/wp-content\/uploads\/2025\/11\/20\/marais-vert-hd.jpg\" decoding=\"async\" loading=\"lazy\"  \/>            <\/p>\n<p>                    1. \u00a9 David Lev\u00eaque \/ Pokaa ; 2. \u00a9 Atelier Alfred Peter paysagiste \/ Document remis<\/p>\n<p>Le tunnel vers le parking P3 ouvrira le 28 novembre<\/p>\n<p>C\u2019est d\u00e9sormais officiel : la commission de s\u00e9curit\u00e9 a rendu un avis positif concernant <b>l\u2019ouverture le 28 novembre du tunnel r\u00e9nov\u00e9 vers le P3 Wilson<\/b>. Une date qui co\u00efncide avec le premier week-end du march\u00e9 de No\u00ebl.\u00a0<\/p>\n<p>Avec sa nouvelle tr\u00e9mie d\u2019acc\u00e8s, <b>l\u2019ouvrage souhaite all\u00e9ger la circulation en surface <\/b>et faciliter l\u2019acc\u00e8s des automobilistes au parking. L\u2019ouverture de la voirie rue du Bataillon-de-Marche-24 permettra d\u2019y acc\u00e9der via la sortie Cronenbourg depuis l\u2019autoroute.\u00a0<\/p>\n<p>                <img width=\"751\" height=\"500\" src=\"https:\/\/www.europesays.com\/fr\/wp-content\/uploads\/2025\/11\/dsc02591-751x500.jpg\" class=\"attachment-gallery size-gallery\" alt=\"tunnel wilson\" data-full-url=\"https:\/\/pokaa.fr\/wp-content\/uploads\/2025\/11\/20\/dsc02591.jpg\" decoding=\"async\" loading=\"lazy\"  \/>            <\/p>\n<p>                <img width=\"751\" height=\"500\" src=\"https:\/\/www.europesays.com\/fr\/wp-content\/uploads\/2025\/11\/dsc02599-2-2-751x500.jpg\" class=\"attachment-gallery size-gallery\" alt=\"tunnel wilson\" data-full-url=\"https:\/\/pokaa.fr\/wp-content\/uploads\/2025\/11\/20\/dsc02599-2-2.jpg\" decoding=\"async\" loading=\"lazy\"  \/>            <\/p>\n<p>                    \u00a9 Anthony Jilli \/ Pokaa<\/p>\n<p>    <img width=\"800\" height=\"600\" src=\"https:\/\/www.europesays.com\/fr\/wp-content\/uploads\/2025\/11\/img-2492-grande-800x600.jpeg\" class=\"attachment-image-size-L size-image-size-L\" alt=\"tr\u00e9mie tunnel halles\" decoding=\"async\" loading=\"lazy\"  \/>         \u00a9 Nicolas Kaspar \/ Pokaa <\/p>\n<p>Une bonne nouvelle, surtout quand on sait, qu\u2019en parall\u00e8le, <b>la nouvelle bretelle de sortie des Halles ne sera pas accessible pendant toute la dur\u00e9e du march\u00e9 de No\u00ebl<\/b>. Un retard qui risque de cr\u00e9er des probl\u00e8mes de circulation dans le secteur, toujours bouch\u00e9 en cette p\u00e9riode.\u00a0<\/p>\n<p>                <a href=\"https:\/\/pokaa.fr\/2025\/11\/09\/strasbourg-7-gros-chantiers-sur-8-devraient-etre-termines-avant-le-marche-de-noel\/\" target=\"_blank\" rel=\"noopener\"><br \/>\n                    <img width=\"450\" height=\"270\" src=\"https:\/\/www.europesays.com\/fr\/wp-content\/uploads\/2025\/11\/ax1-450x270.png\" class=\"attachment-card-horizontal--same-subject size-card-horizontal--same-subject wp-post-image\" alt=\"\" decoding=\"async\" loading=\"lazy\"\/>                <\/a><\/p>\n<p>                <img width=\"750\" height=\"500\" src=\"https:\/\/www.europesays.com\/fr\/wp-content\/uploads\/2025\/11\/dsc02600-750x500.jpg\" class=\"attachment-gallery size-gallery\" alt=\"tunnel wilson\" data-full-url=\"https:\/\/pokaa.fr\/wp-content\/uploads\/2025\/11\/20\/dsc02600.jpg\" decoding=\"async\" loading=\"lazy\"  \/>            <\/p>\n<p>                <img width=\"750\" height=\"500\" src=\"https:\/\/www.europesays.com\/fr\/wp-content\/uploads\/2025\/11\/dsc02604-750x500.jpg\" class=\"attachment-gallery size-gallery\" alt=\"tunnel wilson\" data-full-url=\"https:\/\/pokaa.fr\/wp-content\/uploads\/2025\/11\/20\/dsc02604.jpg\" decoding=\"async\" loading=\"lazy\"  \/>            <\/p>\n<p>                    \u00a9 Anthony Jilli \/ Pokaa<\/p>\n<p>Une gare routi\u00e8re 2.0, trottoirs et pistes cyclables s\u00e9curis\u00e9s<\/p>\n<p>Apr\u00e8s une premi\u00e8re partie souterraine, la visite se poursuit \u00e0 l\u2019ext\u00e9rieur. <strong>Concernant la gare routi\u00e8re situ\u00e9e derri\u00e8re la Place des Halles, elle est d\u00e9sormais \u00ab passante \u00bb.<\/strong> Cela signifie que les cars interurbains de la Compagnie des transports du Bas-Rhin (CTBR) ne stationnent plus, ils marquent juste l\u2019arr\u00eat pour d\u00e9poser et r\u00e9cup\u00e9rer les voyageurs\/ses.\u00a0<\/p>\n<p>Alain Jund pr\u00e9cise : \u00ab Chaque jour, <strong>170 cars de la CTBR d\u00e9posent jusqu\u2019\u00e0 9 000 personnes<\/strong> venant de nombreuses communes d\u2019Alsace. \u00c0 terme, on vise les 250 cars. \u00bb<\/p>\n<p>    <img width=\"800\" height=\"533\" src=\"https:\/\/www.europesays.com\/fr\/wp-content\/uploads\/2025\/11\/dsc02585-800x533.jpg\" class=\"attachment-image-size-L size-image-size-L\" alt=\"CTBR Halles\" decoding=\"async\" loading=\"lazy\"  \/>         \u00a9 Anthony Jilli \/ Pokaa <\/p>\n<p>Surtout, <strong>le quartier des Halles va pouvoir profiter pleinement de son titre de <a href=\"https:\/\/pokaa.fr\/2025\/06\/19\/strasbourg-le-secteur-des-halles-est-un-hub-multimodal-depuis-lundi-mais-cest-quoi\/\" target=\"_blank\" rel=\"noopener\">\u00ab hub multimodal \u00bb<\/a><\/strong>, avec diff\u00e9rents modes de transport qui interagissent. En effet, ces am\u00e9nagements pour les voitures et les cars viennent compl\u00e9ter l\u2019offre en bus\/trams de la CTS.<\/p>\n<p>L\u2019objectif ? <strong>Permettre \u00e0 toutes et tous, et surtout \u00e0 celles et ceux n\u2019habitant pas Strasbourg, de voyager sans stress d\u2019un point A \u00e0 un point B.<\/strong> L\u2019\u00e9lu rappelle aussi, qu\u2019avec ces nouveaut\u00e9s, les Halles deviennent le deuxi\u00e8me point d\u2019acc\u00e8s pour venir dans la capitale alsacienne.\u00a0<\/p>\n<p>                <img width=\"750\" height=\"500\" src=\"https:\/\/www.europesays.com\/fr\/wp-content\/uploads\/2025\/11\/dsc02608-2-750x500.jpg\" class=\"attachment-gallery size-gallery\" alt=\"Alain Jund Jeanne Barseghian\" data-full-url=\"https:\/\/pokaa.fr\/wp-content\/uploads\/2025\/11\/20\/dsc02608-2.jpg\" decoding=\"async\" loading=\"lazy\"  \/>            <\/p>\n<p>                <img width=\"750\" height=\"500\" src=\"https:\/\/www.europesays.com\/fr\/wp-content\/uploads\/2025\/11\/dsc02583-750x500.jpg\" class=\"attachment-gallery size-gallery\" alt=\"CTBR Halles\" data-full-url=\"https:\/\/pokaa.fr\/wp-content\/uploads\/2025\/11\/20\/dsc02583.jpg\" decoding=\"async\" loading=\"lazy\"  \/>            <\/p>\n<p>                    \u00a9 Anthony Jilli \/ Pokaa<\/p>\n<p>C\u00f4t\u00e9 pi\u00e9ton(ne)s et v\u00e9los, plusieurs informations ont \u00e9t\u00e9 partag\u00e9es. Les trottoirs \u00e9largis rue de S\u00e9bastopol et la <strong>piste cyclable bidirectionnelle de 650 m\u00e8tres<\/strong> entre le boulevard Wilson et le Ring seront livr\u00e9s pour le march\u00e9 de No\u00ebl. <strong>Tout comme la nouvelle station de taxis !<\/strong><\/p>\n<p>Selon Alain Jund, <strong>\u00ab ces nouveaut\u00e9s sont de belles avanc\u00e9es pour les commer\u00e7ants, les habitants et ceux qui utilisent les transports en commun \u00bb <\/strong>dans le secteur.<\/p>\n<p>                <img width=\"750\" height=\"500\" src=\"https:\/\/www.europesays.com\/fr\/wp-content\/uploads\/2025\/11\/dsc02612-2-750x500.jpg\" class=\"attachment-gallery size-gallery\" alt=\"S\u00e9bastopol halles\" data-full-url=\"https:\/\/pokaa.fr\/wp-content\/uploads\/2025\/11\/20\/dsc02612-2.jpg\" decoding=\"async\" loading=\"lazy\"  \/>            <\/p>\n<p>                <img width=\"750\" height=\"500\" src=\"https:\/\/www.europesays.com\/fr\/wp-content\/uploads\/2025\/11\/dsc02613-2-750x500.jpg\" class=\"attachment-gallery size-gallery\" alt=\"S\u00e9bastopol halles\" data-full-url=\"https:\/\/pokaa.fr\/wp-content\/uploads\/2025\/11\/20\/dsc02613-2.jpg\" decoding=\"async\" loading=\"lazy\"  \/>            <\/p>\n<p>                    \u00a9 Anthony Jilli \/ Pokaa<\/p>\n<p>    <img width=\"800\" height=\"569\" src=\"https:\/\/www.europesays.com\/fr\/wp-content\/uploads\/2025\/11\/sebastopol-modif5-800x569.jpg\" class=\"attachment-image-size-L size-image-size-L\" alt=\"S\u00e9bastopol halles\" decoding=\"async\" loading=\"lazy\"  \/>         \u00a9 Atelier Alfred Peter paysagiste \/ Document remis <\/p>\n<p>Une square de 4 000 m2 avec une aire de jeux inclusive<\/p>\n<p><strong>La visite du jour se termine dans le nouveau square de 4 000 m2,<\/strong> qui est quatre fois plus grand que son pr\u00e9d\u00e9cesseur. La maire a notamment insist\u00e9 sur le fait qu\u2019il permettra de <strong>\u00ab redonner davantage de place \u00e0 la nature, \u00e0 la convivialit\u00e9 et \u00e0 la vie de quartier \u00bb<\/strong>.<\/p>\n<p>                <img width=\"750\" height=\"500\" src=\"https:\/\/www.europesays.com\/fr\/wp-content\/uploads\/2025\/11\/dsc02621-2-750x500.jpg\" class=\"attachment-gallery size-gallery\" alt=\"square parc Halles Ilse Totzke\" data-full-url=\"https:\/\/pokaa.fr\/wp-content\/uploads\/2025\/11\/20\/dsc02621-2.jpg\" decoding=\"async\" loading=\"lazy\"  \/>            <\/p>\n<p>                <img width=\"708\" height=\"500\" src=\"https:\/\/www.europesays.com\/fr\/wp-content\/uploads\/2025\/11\/plan-square-708x500.jpg\" class=\"attachment-gallery size-gallery\" alt=\"square parc Halles Ilse Totzke\" data-full-url=\"https:\/\/pokaa.fr\/wp-content\/uploads\/2025\/11\/20\/plan-square.jpg\" decoding=\"async\" loading=\"lazy\"  \/>            <\/p>\n<p>                <img width=\"667\" height=\"500\" src=\"https:\/\/www.europesays.com\/fr\/wp-content\/uploads\/2025\/11\/img-3952-667x500.jpeg\" class=\"attachment-gallery size-gallery\" alt=\"square parc Halles Ilse Totzke\" data-full-url=\"https:\/\/pokaa.fr\/wp-content\/uploads\/2025\/11\/20\/img-3952.jpeg\" decoding=\"async\" loading=\"lazy\"  \/>            <\/p>\n<p>                    1. 3. \u00a9 Anthony Jilli \/ Pokaa ; 2. \u00a9 Atelier Alfred Peter paysagiste \/ Document remis<\/p>\n<p>    <img width=\"800\" height=\"523\" src=\"https:\/\/www.europesays.com\/fr\/wp-content\/uploads\/2025\/11\/parc-halles-vue-aerienne-modif2-02-ok-800x523.jpg\" class=\"attachment-image-size-L size-image-size-L\" alt=\"square parc Halles Ilse Totzke\" decoding=\"async\" loading=\"lazy\"  \/>         \u00a9 Atelier Alfred Peter paysagiste \/ Document remis <\/p>\n<p>Au programme : 4 all\u00e9es, <strong>39 arbres dont 23 nouveaux,<\/strong> des bancs et tables de pique-nique, une fontaine \u00e0 eau potable\u2026 <strong>Et surtout une aire de jeux avec bac \u00e0 sable, toboggans et balan\u00e7oires<\/strong> con\u00e7ue par l\u2019entreprise Vivaparc situ\u00e9e \u00e0 Erstein.<\/p>\n<p><strong>Cette aire de jeux sera inclusive,<\/strong> car elle permettra d\u2019accueillir des enfants en situation de handicap.<\/p>\n<p>                <img width=\"667\" height=\"500\" src=\"https:\/\/www.europesays.com\/fr\/wp-content\/uploads\/2025\/11\/img-3958-667x500.jpeg\" class=\"attachment-gallery size-gallery\" alt=\"square parc Halles Ilse Totzke\" data-full-url=\"https:\/\/pokaa.fr\/wp-content\/uploads\/2025\/11\/20\/img-3958.jpeg\" decoding=\"async\" loading=\"lazy\"  \/>            <\/p>\n<p>                <img width=\"667\" height=\"500\" src=\"https:\/\/www.europesays.com\/fr\/wp-content\/uploads\/2025\/11\/img-3953-667x500.jpeg\" class=\"attachment-gallery size-gallery\" alt=\"square parc Halles Ilse Totzke\" data-full-url=\"https:\/\/pokaa.fr\/wp-content\/uploads\/2025\/11\/20\/img-3953.jpeg\" decoding=\"async\" loading=\"lazy\"  \/>            <\/p>\n<p>                    \u00a9 Anthony Jilli \/ Pokaa<\/p>\n<p>    <img width=\"800\" height=\"540\" src=\"https:\/\/www.europesays.com\/fr\/wp-content\/uploads\/2025\/11\/parc-halles-vue-interieur-modif-2-ok-copie-800x540.jpg\" class=\"attachment-image-size-L size-image-size-L\" alt=\"square parc Halles Ilse Totzke\" decoding=\"async\" loading=\"lazy\"  \/>         \u00a9 Atelier Alfred Peter paysagiste \/ Document remis <\/p>\n<p>Derni\u00e8res informations : <strong>le square portera le nom de Ilse Totzke<\/strong>, une musicienne lesbienne et r\u00e9sistante strasbourgeoise, Juste parmi les Nations. C\u00f4t\u00e9 finitions, <strong>il faut attendre encore un peu pour l\u2019installation de la grille d\u20191,95 m\u00e8tre<\/strong> de haut, la pose du mobilier urbain et la fin des plantations.<\/p>\n<p>                <img width=\"750\" height=\"500\" src=\"https:\/\/www.europesays.com\/fr\/wp-content\/uploads\/2025\/11\/dsc02588-750x500.jpg\" class=\"attachment-gallery size-gallery\" alt=\"square parc Halles Ilse Totzke\" data-full-url=\"https:\/\/pokaa.fr\/wp-content\/uploads\/2025\/11\/20\/dsc02588.jpg\" decoding=\"async\" loading=\"lazy\"  \/>            <\/p>\n<p>                <img width=\"750\" height=\"500\" src=\"https:\/\/www.europesays.com\/fr\/wp-content\/uploads\/2025\/11\/dsc02584-750x500.jpg\" class=\"attachment-gallery size-gallery\" alt=\"square parc Halles Ilse Totzke\" data-full-url=\"https:\/\/pokaa.fr\/wp-content\/uploads\/2025\/11\/20\/dsc02584.jpg\" decoding=\"async\" loading=\"lazy\"  \/>            <\/p>\n<p>                <img width=\"894\" height=\"500\" src=\"https:\/\/www.europesays.com\/fr\/wp-content\/uploads\/2025\/11\/park-square-halles-3-894x500.jpg\" class=\"attachment-gallery size-gallery\" alt=\"square parc Halles Ilse Totzke\" data-full-url=\"https:\/\/pokaa.fr\/wp-content\/uploads\/2025\/11\/20\/park-square-halles-3.jpg\" decoding=\"async\" loading=\"lazy\"  \/>            <\/p>\n<p>                    1. 2. \u00a9 Anthony Jilli \/ Pokaa ; 3. \u00a9 Atelier Alfred Peter paysagiste \/ Document remis<\/p>\n<p>Bonus du jour : la passerelle de la Place des Halles supprim\u00e9e<\/p>\n<p><strong>La passerelle accol\u00e9e \u00e0 la Place des Halles va dispara\u00eetre dans quelques mois,<\/strong> au second semestre 2026. \u00c9tant l\u2019une des sorties de secours du centre commercial, son d\u00e9montage sera suivi de la construction d\u2019un nouvel escalier accol\u00e9 au b\u00e2timent.\u00a0<\/p>\n<p>    <img width=\"800\" height=\"533\" src=\"https:\/\/www.europesays.com\/fr\/wp-content\/uploads\/2025\/11\/dsc02615-800x533.jpg\" class=\"attachment-image-size-L size-image-size-L\" alt=\"S\u00e9bastopol halles place cl\u00e9ment passerelle\" decoding=\"async\" loading=\"lazy\"  \/>         \u00a9 Anthony Jilli \/ Pokaa <\/p>\n<p>Une bonne nouvelle pour la place Cl\u00e9ment, <strong>qui ne sera plus cach\u00e9e derri\u00e8re l\u2019immense escalier<\/strong>. Une place qui a \u00e9galement connu un petit coup de frais, avec notamment de nouveaux bancs.<\/p>\n<p>                <img width=\"750\" height=\"500\" src=\"https:\/\/www.europesays.com\/fr\/wp-content\/uploads\/2025\/11\/dsc02618-2-750x500.jpg\" class=\"attachment-gallery size-gallery\" alt=\"S\u00e9bastopol halles place cl\u00e9ment\" data-full-url=\"https:\/\/pokaa.fr\/wp-content\/uploads\/2025\/11\/20\/dsc02618-2.jpg\" decoding=\"async\" loading=\"lazy\"  \/>            <\/p>\n<p>                <img width=\"888\" height=\"500\" src=\"https:\/\/www.europesays.com\/fr\/wp-content\/uploads\/2025\/11\/pl-clement-02-888x500.jpg\" class=\"attachment-gallery size-gallery\" alt=\"S\u00e9bastopol halles place cl\u00e9ment\" data-full-url=\"https:\/\/pokaa.fr\/wp-content\/uploads\/2025\/11\/20\/pl-clement-02.jpg\" decoding=\"async\" loading=\"lazy\"  \/>            <\/p>\n<p>                    1. \u00a9 Anthony Jilli \/ Pokaa ; 2. \u00a9 Atelier Alfred Peter paysagiste \/ Document remis<\/p>\n","protected":false},"excerpt":{"rendered":"C\u2019est un projet XXL qui est bient\u00f4t termin\u00e9. Apr\u00e8s un an de travaux, le secteur des Halles \u00e0&hellip;\n","protected":false},"author":2,"featured_media":553696,"comment_status":"","ping_status":"","sticky":false,"template":"","format":"standard","meta":{"footnotes":""},"categories":[2820],"tags":[1111,11,59507,4107,1777,674,1011,27,775,29138,12,16025,3978,25,31310,640,58524,2086],"class_list":{"0":"post-553695","1":"post","2":"type-post","3":"status-publish","4":"format-standard","5":"has-post-thumbnail","7":"category-strasbourg","8":"tag-actu","9":"tag-actualites","10":"tag-aire-de-jeux","11":"tag-chantier","12":"tag-eu","13":"tag-europe","14":"tag-fr","15":"tag-france","16":"tag-grand-est","17":"tag-halles","18":"tag-news","19":"tag-parking","20":"tag-place-des-halles","21":"tag-republique-francaise","22":"tag-square","23":"tag-strasbourg","24":"tag-strasbourg-actualite","25":"tag-travaux"},"share_on_mastodon":{"url":"https:\/\/pubeurope.com\/@fr\/115599969537541093","error":""},"_links":{"self":[{"href":"https:\/\/www.europesays.com\/fr\/wp-json\/wp\/v2\/posts\/553695","targetHints":{"allow":["GET"]}}],"collection":[{"href":"https:\/\/www.europesays.com\/fr\/wp-json\/wp\/v2\/posts"}],"about":[{"href":"https:\/\/www.europesays.com\/fr\/wp-json\/wp\/v2\/types\/post"}],"author":[{"embeddable":true,"href":"https:\/\/www.europesays.com\/fr\/wp-json\/wp\/v2\/users\/2"}],"replies":[{"embeddable":true,"href":"https:\/\/www.europesays.com\/fr\/wp-json\/wp\/v2\/comments?post=553695"}],"version-history":[{"count":0,"href":"https:\/\/www.europesays.com\/fr\/wp-json\/wp\/v2\/posts\/553695\/revisions"}],"wp:featuredmedia":[{"embeddable":true,"href":"https:\/\/www.europesays.com\/fr\/wp-json\/wp\/v2\/media\/553696"}],"wp:attachment":[{"href":"https:\/\/www.europesays.com\/fr\/wp-json\/wp\/v2\/media?parent=553695"}],"wp:term":[{"taxonomy":"category","embeddable":true,"href":"https:\/\/www.europesays.com\/fr\/wp-json\/wp\/v2\/categories?post=553695"},{"taxonomy":"post_tag","embeddable":true,"href":"https:\/\/www.europesays.com\/fr\/wp-json\/wp\/v2\/tags?post=553695"}],"curies":[{"name":"wp","href":"https:\/\/api.w.org\/{rel}","templated":true}]}}