{"id":553712,"date":"2025-11-23T16:39:15","date_gmt":"2025-11-23T16:39:15","guid":{"rendered":"https:\/\/www.europesays.com\/fr\/553712\/"},"modified":"2025-11-23T16:39:15","modified_gmt":"2025-11-23T16:39:15","slug":"quelle-sera-la-plus-belle-vitrine-de-noel-a-toulouse-les-inscriptions-et-les-votes-sont-ouverts","status":"publish","type":"post","link":"https:\/\/www.europesays.com\/fr\/553712\/","title":{"rendered":"Quelle sera la plus belle vitrine de No\u00ebl \u00e0 Toulouse ? Les inscriptions et les votes sont ouverts"},"content":{"rendered":"<p>                    Par<br \/>\n        <strong><br \/>\n            <a href=\"https:\/\/actu.fr\/auteur\/lea-afonso\" title=\"Consulter tous les articles de L\u00e9a Afonso\" target=\"_blank\" rel=\"noopener\">L\u00e9a Afonso<\/a><br \/>\n                    <\/strong><\/p>\n<p>        Publi\u00e9 le<\/p>\n<p>            23 nov. 2025 \u00e0 17h04        <\/p>\n<p>L\u2019esprit des f\u00eates gagne peu \u00e0 peu la Ville rose. Entre<a href=\"https:\/\/actu.fr\/occitanie\/toulouse_31555\/toulouse-se-prepare-a-revetir-ses-habits-de-fete-le-marche-de-noel-s-installe-place-du-capitole_63432417.html#:~:text=Les%20amateurs%20de%20No%C3%ABl%20peuvent,venus%20de%20toute%20la%20r%C3%A9gion.&amp;text=Votre%20r%C3%A9gion%2C%20votre%20actu%20!\" target=\"_blank\" rel=\"noopener\"> le march\u00e9 de No\u00ebl qui s\u2019anime<\/a>,<a href=\"https:\/\/actu.fr\/occitanie\/toulouse_31555\/a-toulouse-les-decorations-de-noel-sont-deja-bien-installees-pourquoi-une-telle-avance-et-a-quel-prix_63447622.html#:~:text=Au%20total%2C%20les%20illuminations%20de,d&#039;euros%20pour%20la%20municipalit%C3%A9.\" target=\"_blank\" rel=\"noopener\"> les sapins qui fleurissent aux quatre coins de la ville<\/a> et les illuminations qui colorent les rues, <a href=\"https:\/\/actu.fr\/toulouse\/\" target=\"_blank\" rel=\"noopener\">Toulouse<\/a> se pare doucement de ses habits de lumi\u00e8re. Et les<strong> vitrines des commerces<\/strong> ne sont pas en reste\u2009: guirlandes scintillantes, d\u00e9corations lumineuses et boules \u00e9tincelantes se d\u00e9voilent d\u00e9j\u00e0 derri\u00e8re les fa\u00e7ades. Une mise en beaut\u00e9 de saison, d\u2019autant que, pour la deuxi\u00e8me ann\u00e9e cons\u00e9cutive<strong>, le concours de la plus belle vitrine de No\u00ebl<\/strong> revient \u00e9gayer les rues toulousaines en cette fin novembre\u00a02025.<\/p>\n<p>Un concours d\u00e9sormais bien install\u00e9<\/p>\n<p class=\" wall-content\">Apr\u00e8s une <strong>premi\u00e8re \u00e9dition<\/strong> r\u00e9ussie \u2013<strong> 25 magasins participants et plusieurs milliers de votes<\/strong> \u2013 la F\u00e9d\u00e9ration des associations de commer\u00e7ants, artisans et professionnels de Toulouse relance son concours, en partenariat avec le Cr\u00e9dit Mutuel. Du<strong> 20\u00a0novembre au 20\u00a0d\u00e9cembre 2025<\/strong>, les vitrines des commerces ind\u00e9pendants de Toulouse seront mises en comp\u00e9tition.<\/p>\n<p class=\" wall-content\">\u00c0 la cl\u00e9\u2009: <strong>1500 euros<\/strong> pour r\u00e9compenser les plus belles r\u00e9alisations.<\/p>\n<p>Comment participer\u2009?<\/p>\n<p class=\" wall-content\">Les commer\u00e7ants int\u00e9ress\u00e9s doivent simplement d\u00e9corer leur vitrine, en laissant parler la cr\u00e9ativit\u00e9\u2026 puis envoyer leurs photos<a href=\"https:\/\/www.fede-toulouse.fr\/concourslaplusbellevitrinedeno%C3%ABl\" target=\"_blank\" rel=\"noopener\"> via le site de la F\u00e9d\u00e9<\/a>. L\u2019objectif\u2009? \u00ab\u2009Mettre en valeur votre boutique avec<strong> des d\u00e9corations lumineuses, originales<\/strong> ou simplement <strong>chaleureuses<\/strong>, pour <strong>partager la magie de No\u00ebl<\/strong> avec les passants et les habitants\u2009\u00bb, pr\u00e9cise Sandrine Rossignol, directrice de la F\u00e9d\u00e9ration.<\/p>\n<p class=\" wall-content\">Les <strong>inscriptions<\/strong> sont d\u2019ores et d\u00e9j\u00e0 <strong>ouvertes<\/strong>,<strong> jusqu\u2019au 20\u00a0d\u00e9cembre<\/strong>. Les <strong>r\u00e9sultats<\/strong> seront d\u00e9voil\u00e9s le<strong> mardi 30\u00a0d\u00e9cembre<\/strong> 2025.<\/p>\n<p>Vid\u00e9os : en ce moment sur ActuLes Toulousains, juges du concours<\/p>\n<p class=\" wall-content\">Comme l\u2019an pass\u00e9, ce seront les <strong>Toulousains qui \u00e9liront la vitrine gagnante<\/strong>. Un syst\u00e8me de vote en ligne \u2013 similaire \u00e0 celui utilis\u00e9 lors de la premi\u00e8re \u00e9dition \u2013 devrait \u00eatre remis en place, avec un formulaire et les photos des vitrines participantes. Les modalit\u00e9s exactes seront communiqu\u00e9es prochainement.<\/p>\n<p class=\" wall-content\">Alors pr\u00eat \u00e0 \u00e9lire la plus belle vitrine\u2009?<\/p>\n<p>Votre r\u00e9gion, votre actu !<\/p>\n<p>Recevez chaque jour les infos qui comptent pour vous.<\/p>\n<p>\t<a href=\"https:\/\/actu.fr\/newsletter\" class=\"ac-btn ac-btn--corner ac-btn--medium ac-btn--blue800\" target=\"_blank\" rel=\"noopener\">S&rsquo;incrire<\/a><br \/>\nLe gagnant de la premi\u00e8re \u00e9dition<\/p>\n<p>Pour la premi\u00e8re \u00e9dition, c\u2019est le salon de coiffure, d\u2019esth\u00e9tique et concept store Christophe Versolato, install\u00e9 rue Saint-Antoine-du-T, qui s\u2019\u00e9tait illustr\u00e9 en remportant le concours. Avec ses sapins ext\u00e9rieurs, ses larges boules d\u00e9coratives et ses guirlandes lumineuses install\u00e9s dans la petite cour int\u00e9rieure, la boutique avait v\u00e9ritablement s\u00e9duit les Toulousains.<br \/>\u00ab Les gens faisaient la queue dans le porche pour admirer la vitrine et se prendre en photo devant les sapins ! \u00bb, confiaient alors les g\u00e9rants \u00e0 Actu Toulouse dans un pr\u00e9c\u00e9dent article. De quoi donner envie aux participants de cette nouvelle \u00e9dition de redoubler de cr\u00e9ativit\u00e9.<\/p>\n<p class=\" wall-content\">Personnalisez votre actualit\u00e9 en ajoutant vos villes et m\u00e9dias en favori avec <a href=\"https:\/\/moncompte.actu.fr\" title=\"D\u00e9couvez Mon Actu\" rel=\"nofollow noopener\" data-trk=\"{&quot;cta&quot;:{&quot;action&quot;:&quot;https:\\\/\\\/moncompte.actu.fr&quot;,&quot;category&quot;:&quot;mon compte&quot;,&quot;from&quot;:&quot;article footer&quot;,&quot;name&quot;:&quot;Mon actu&quot;,&quot;type&quot;:&quot;cta&quot;}}\" target=\"_blank\">Mon Actu<\/a>.<\/p>\n","protected":false},"excerpt":{"rendered":"Par L\u00e9a Afonso Publi\u00e9 le 23 nov. 2025 \u00e0 17h04 L\u2019esprit des f\u00eates gagne peu \u00e0 peu la&hellip;\n","protected":false},"author":2,"featured_media":553713,"comment_status":"","ping_status":"","sticky":false,"template":"","format":"standard","meta":{"footnotes":""},"categories":[2816],"tags":[1111,11,215,1777,674,1011,27,12,15830,2680,25,104,2312],"class_list":{"0":"post-553712","1":"post","2":"type-post","3":"status-publish","4":"format-standard","5":"has-post-thumbnail","7":"category-toulouse","8":"tag-actu","9":"tag-actualites","10":"tag-commerce","11":"tag-eu","12":"tag-europe","13":"tag-fr","14":"tag-france","15":"tag-news","16":"tag-noel","17":"tag-occitanie","18":"tag-republique-francaise","19":"tag-societe","20":"tag-toulouse"},"share_on_mastodon":{"url":"https:\/\/pubeurope.com\/@fr\/115600003119920419","error":""},"_links":{"self":[{"href":"https:\/\/www.europesays.com\/fr\/wp-json\/wp\/v2\/posts\/553712","targetHints":{"allow":["GET"]}}],"collection":[{"href":"https:\/\/www.europesays.com\/fr\/wp-json\/wp\/v2\/posts"}],"about":[{"href":"https:\/\/www.europesays.com\/fr\/wp-json\/wp\/v2\/types\/post"}],"author":[{"embeddable":true,"href":"https:\/\/www.europesays.com\/fr\/wp-json\/wp\/v2\/users\/2"}],"replies":[{"embeddable":true,"href":"https:\/\/www.europesays.com\/fr\/wp-json\/wp\/v2\/comments?post=553712"}],"version-history":[{"count":0,"href":"https:\/\/www.europesays.com\/fr\/wp-json\/wp\/v2\/posts\/553712\/revisions"}],"wp:featuredmedia":[{"embeddable":true,"href":"https:\/\/www.europesays.com\/fr\/wp-json\/wp\/v2\/media\/553713"}],"wp:attachment":[{"href":"https:\/\/www.europesays.com\/fr\/wp-json\/wp\/v2\/media?parent=553712"}],"wp:term":[{"taxonomy":"category","embeddable":true,"href":"https:\/\/www.europesays.com\/fr\/wp-json\/wp\/v2\/categories?post=553712"},{"taxonomy":"post_tag","embeddable":true,"href":"https:\/\/www.europesays.com\/fr\/wp-json\/wp\/v2\/tags?post=553712"}],"curies":[{"name":"wp","href":"https:\/\/api.w.org\/{rel}","templated":true}]}}