{"id":553714,"date":"2025-11-23T16:41:15","date_gmt":"2025-11-23T16:41:15","guid":{"rendered":"https:\/\/www.europesays.com\/fr\/553714\/"},"modified":"2025-11-23T16:41:15","modified_gmt":"2025-11-23T16:41:15","slug":"une-solution-de-dons-dematerialises-aux-sans-abri-lancee-a-lille","status":"publish","type":"post","link":"https:\/\/www.europesays.com\/fr\/553714\/","title":{"rendered":"Une solution de dons d\u00e9mat\u00e9rialis\u00e9s aux sans-abri lanc\u00e9e \u00e0 Lille"},"content":{"rendered":"<p>\u00ab\u00a0Je vais pouvoir me payer une chambre d\u2019h\u00f4tel\u00a0!\u00a0\u00bb, \u00ab\u00a0C\u2019est quoi cette carte\u00a0? J\u2019en veux une, moi aussi\u00a0!\u00a0\u00bb\u00a0: une nouvelle solution de dons d\u00e9mat\u00e9rialis\u00e9s aux<a href=\"https:\/\/www.letelegramme.fr\/france\/350-000-sans-abri-et-42-millions-de-mal-loges-mais-que-font-les-politiques-sinsurge-la-fondation-pour-le-logement-des-defavorises-6754138.php\" target=\"_blank\" rel=\"noopener\"> sans-abri<\/a> a \u00e9t\u00e9 lanc\u00e9e ce week-end, \u00e0 Lille, avant un d\u00e9ploiement ailleurs en France. Nomm\u00e9 Solly, ce projet associatif con\u00e7u par un Lillois de 22 ans se veut une r\u00e9ponse \u00e0 la probl\u00e9matique de la rar\u00e9faction de l\u2019argent liquide dans les portefeuilles, qui emp\u00eache souvent les passants de donner aux personnes sans domicile fixe.<\/p>\n<p>QR code<\/p>\n<p>\u00ab\u00a0En prenant le temps d\u2019expliquer correctement et en mettant en confiance les gens, je pense que \u00e7a a de l\u2019avenir\u00a0\u00bb, se r\u00e9jouit Maxime, tout fier d\u2019avoir r\u00e9colt\u00e9 un premier don sur sa nouvelle carte. \u00ab\u00a0On \u00e9tait bloqu\u00e9, tellement de monde nous demandait si on n\u2019avait pas un TPE (terminal de paiement \u00e9lectronique, NDLR)\u00a0\u00bb, t\u00e9moigne ce jeune sans-abri.<\/p>\n<p>Dans un grand froid nordique, les premi\u00e8res cartes Solly ont \u00e9t\u00e9 distribu\u00e9es, samedi, \u00e0 Lille par l\u2019association locale Les Soldats du Sourire, qui organise r\u00e9guli\u00e8rement des maraudes. Sur chaque carte figure un QR code que l\u2019on peut scanner avec son smartphone. Les donateurs doivent remplir un court formulaire avec leurs nom, pr\u00e9nom et adresse, puis leurs coordonn\u00e9es bancaires, apr\u00e8s avoir choisi le montant de leur don. Pas besoin de t\u00e9l\u00e9charger une application\u00a0: une notification s\u2019affiche directement sur l\u2019\u00e9cran.<\/p>\n<p>Des dons utilis\u00e9s \u00ab\u00a0\u00e0 bon escient\u00a0\u00bb<\/p>\n<p>Ces cartes servent ensuite pour des paiements, mais fonctionnent uniquement pour acheter des produits de premi\u00e8re n\u00e9cessit\u00e9 ou des nuit\u00e9es gr\u00e2ce, notamment, \u00e0 un partenariat avec Upcoop, r\u00e9pondant ainsi aux inqui\u00e9tudes de personnes craignant que leurs dons ne soient utilis\u00e9s pour de l\u2019alcool, du tabac ou de la drogue.<\/p>\n<p>Les vols sont fr\u00e9quents dans le monde de la rue, mais \u00ab\u00a0cette carte, si elle est vol\u00e9e, ne sera pas utilisable. Le don pourra vraiment \u00eatre utilis\u00e9 \u00e0 bon escient\u00a0\u00bb, puisque le sans contact ne fonctionne pas\u00a0: l\u2019utilisateur dispose notamment d\u2019un code confidentiel et peut faire opposition, pr\u00e9cise Elodie Hague, une b\u00e9n\u00e9vole des Soldats du Sourire.<\/p>\n<p>\u00ab\u00a0D\u00e9sol\u00e9, j\u2019ai pas de monnaie\u00a0\u00bb<\/p>\n<p>\u00ab\u00a0\u00ab\u00a0D\u00e9sol\u00e9, j\u2019ai pas de monnaie.\u00a0\u00bb Cette phrase, on l\u2019a tous d\u00e9j\u00e0 dite, que ce soit une r\u00e9alit\u00e9 ou une excuse\u00a0\u00bb, constate Tim Deguette, qui a fond\u00e9 Solly apr\u00e8s avoir fait des \u00e9tudes en communication et en marketing. \u00ab\u00a0Au fil des ann\u00e9es, je me suis rendu compte que c\u2019\u00e9tait un probl\u00e8me qui s\u2019\u00e9tait g\u00e9n\u00e9ralis\u00e9 suite au covid, puisque les tickets-restaurants se sont d\u00e9mat\u00e9rialis\u00e9s\u00a0\u00bb, ajoute le jeune homme, qui a r\u00e9ussi \u00e0 concr\u00e9tiser son id\u00e9e gr\u00e2ce \u00e0 une campagne de financement participatif. Une commission de 9\u00a0% sur chaque don via Solly permet notamment de financer deux associations de logement partenaires, Toit \u00e0 Moi et Lazare.<\/p>\n<p>Douze villes<\/p>\n<p>Le syst\u00e8me sera \u00e9tendu \u00e0 11 autres villes, dont Bordeaux, Lyon, Nice et Strasbourg, dans les prochaines semaines. Au total 1\u00a0000 premi\u00e8res cartes devraient \u00eatre distribu\u00e9es par des associations.<\/p>\n<p>La premi\u00e8re phase de distribution et d\u2019exp\u00e9rimentation devrait durer deux mois, avant un premier bilan.<\/p>\n<p>\u00ab\u00a0C\u2019est une super initiative. On a toujours nos t\u00e9l\u00e9phones sur nous, alors qu\u2019on n\u2019a plus tellement de monnaie\u00a0\u00bb, commente Fleur Choppin, \u00e9tudiante en droit de 21 ans. \u00ab\u00a0C\u2019est pas mauvais, seulement notre g\u00e9n\u00e9ration \u00e0 nous, le t\u00e9l\u00e9phone, ce n\u2019est pas non plus notre tasse de th\u00e9 (&#8230;). \u00c7a, c\u2019est bien pour les jeunes\u00a0\u00bb, nuance Elianne, 77 ans.<\/p>\n<p>Une initiative similaire, \u00ab\u00a0La Nouvelle Pi\u00e8ce\u00a0\u00bb, devait d\u00e9marrer en 2024 mais a \u00e9t\u00e9 suspendue apr\u00e8s le retrait d\u2019un partenaire. Ses cr\u00e9ateurs esp\u00e8rent d\u00e9sormais un lancement en 2026, a d\u00e9clar\u00e9 \u00e0 l\u2019AFP le cofondateur de cet autre projet, Fran\u00e7ois Jacob.<\/p>\n<p>\u00ab\u00a0Probl\u00e9matique\u00a0\u00bb<\/p>\n<p>Le sociologue Julien Damon doute que ces diverses exp\u00e9rimentations aient un fort impact. M\u00eame dans d\u2019autres pays d\u00e9velopp\u00e9s o\u00f9 la \u00ab\u00a0cashless society\u00a0\u00bb (soci\u00e9t\u00e9 sans argent liquide) est plus avanc\u00e9e qu\u2019en France, comme la Su\u00e8de, les paiements num\u00e9riques \u00e0 des inconnus sont rares pour l\u2019heure, note-t-il. \u00ab\u00a0Une partie des gens qui donnent peuvent \u00eatre assez ins\u00e9curis\u00e9s\u00a0\u00bb par le fait d\u2019effectuer une transaction mobile avec \u00ab\u00a0quelqu\u2019un qu\u2019ils ne connaissent pas\u00a0\u00bb, estime Julien Damon.<\/p>\n<p>\u00ab\u00a0Mon constat, c\u2019est que la d\u00e9mat\u00e9rialisation est \u00e9videmment extr\u00eamement probl\u00e9matique pour les gens qui font la manche, et que toutes les solutions sp\u00e9cifiques jusqu\u2019\u00e0 aujourd\u2019hui n\u2019ont pas fonctionn\u00e9\u00a0\u00bb, r\u00e9sume-t-il.<\/p>\n","protected":false},"excerpt":{"rendered":"\u00ab\u00a0Je vais pouvoir me payer une chambre d\u2019h\u00f4tel\u00a0!\u00a0\u00bb, \u00ab\u00a0C\u2019est quoi cette carte\u00a0? J\u2019en veux une, moi aussi\u00a0!\u00a0\u00bb\u00a0: une&hellip;\n","protected":false},"author":2,"featured_media":553715,"comment_status":"","ping_status":"","sticky":false,"template":"","format":"standard","meta":{"footnotes":""},"categories":[2815],"tags":[1111,11,1777,674,1011,27,811,1307,12,25,3910,801,3400],"class_list":{"0":"post-553714","1":"post","2":"type-post","3":"status-publish","4":"format-standard","5":"has-post-thumbnail","7":"category-lille","8":"tag-actu","9":"tag-actualites","10":"tag-eu","11":"tag-europe","12":"tag-fr","13":"tag-france","14":"tag-hauts-de-france","15":"tag-lille","16":"tag-news","17":"tag-republique-francaise","18":"tag-sdf","19":"tag-social","20":"tag-solidarite"},"share_on_mastodon":{"url":"https:\/\/pubeurope.com\/@fr\/115600011198753972","error":""},"_links":{"self":[{"href":"https:\/\/www.europesays.com\/fr\/wp-json\/wp\/v2\/posts\/553714","targetHints":{"allow":["GET"]}}],"collection":[{"href":"https:\/\/www.europesays.com\/fr\/wp-json\/wp\/v2\/posts"}],"about":[{"href":"https:\/\/www.europesays.com\/fr\/wp-json\/wp\/v2\/types\/post"}],"author":[{"embeddable":true,"href":"https:\/\/www.europesays.com\/fr\/wp-json\/wp\/v2\/users\/2"}],"replies":[{"embeddable":true,"href":"https:\/\/www.europesays.com\/fr\/wp-json\/wp\/v2\/comments?post=553714"}],"version-history":[{"count":0,"href":"https:\/\/www.europesays.com\/fr\/wp-json\/wp\/v2\/posts\/553714\/revisions"}],"wp:featuredmedia":[{"embeddable":true,"href":"https:\/\/www.europesays.com\/fr\/wp-json\/wp\/v2\/media\/553715"}],"wp:attachment":[{"href":"https:\/\/www.europesays.com\/fr\/wp-json\/wp\/v2\/media?parent=553714"}],"wp:term":[{"taxonomy":"category","embeddable":true,"href":"https:\/\/www.europesays.com\/fr\/wp-json\/wp\/v2\/categories?post=553714"},{"taxonomy":"post_tag","embeddable":true,"href":"https:\/\/www.europesays.com\/fr\/wp-json\/wp\/v2\/tags?post=553714"}],"curies":[{"name":"wp","href":"https:\/\/api.w.org\/{rel}","templated":true}]}}