{"id":553716,"date":"2025-11-23T16:42:26","date_gmt":"2025-11-23T16:42:26","guid":{"rendered":"https:\/\/www.europesays.com\/fr\/553716\/"},"modified":"2025-11-23T16:42:26","modified_gmt":"2025-11-23T16:42:26","slug":"intervention-terminee-des-retards-et-suppressions-a-prevoir","status":"publish","type":"post","link":"https:\/\/www.europesays.com\/fr\/553716\/","title":{"rendered":"intervention termin\u00e9e, des retards et suppressions \u00ab\u00a0\u00e0 pr\u00e9voir\u00a0\u00bb"},"content":{"rendered":"<p>Vous allez devoir prendre votre mal en patience si vous deviez partir ou arriver \u00e0 <a href=\"https:\/\/www.laprovence.com\/bouches-du-rhone\/marseille-13055\" target=\"_blank\" rel=\"noopener\">Marseille<\/a> en train. En raison d\u2019un bagage abandonn\u00e9 en gare Saint-Charles, en fin d\u2019apr\u00e8s-midi ce vendredi 21\u00a0novembre, il n\u2019y a eu <strong>aucune arriv\u00e9e et aucun d\u00e9part<\/strong> de 17h18 \u00e0 18h21 environ.<\/p>\n<p>La circulation est <strong>en train de reprendre progressivement<\/strong>, mais des retards et suppressions \u00ab\u00a0restent \u00e0 pr\u00e9voir\u00a0\u00bb.<\/p>\n<p>\u00ab\u00a018h21. L\u2019intervention des d\u00e9mineurs est termin\u00e9e en gare de Marseille St Charles. La circulation des trains reprend progressivement mais des retards et suppressions restent \u00e0 pr\u00e9voir sur certaines lignes jusqu\u2019au r\u00e9tablissement normal du trafic\u00a0\u00bb, a ensuite post\u00e9 le m\u00eame compte, <a href=\"https:\/\/x.com\/Transports_zou\/status\/1991920470531465559\" target=\"_blank\">toujours sur X<\/a>.<\/p>\n<p>Jusqu\u2019\u00e0 1h40 de retard, quelques trains supprim\u00e9s<\/p>\n<p><a href=\"https:\/\/www.sncf-voyageurs.com\/fr\/voyagez-avec-nous\/horaires-et-itineraires\/recherche-de-train\/detail-train\/?numeroCirculation=17410&amp;dateCirculation=2025-11-21&amp;destinationCode=87763607\" target=\"_blank\" rel=\"noopener\">Le train ZOU<strong> <\/strong>num\u00e9ro 17 410<\/a> au d\u00e9part de Marseille et \u00e0 destination de Brian\u00e7on affichait <strong>1h40 de retard<\/strong> \u00e0 18h05. Alors qu\u2019il devait partir \u00e0 16h41, il ne devrait pas s\u2019en aller avant 18h21. <a href=\"https:\/\/www.sncf-voyageurs.com\/fr\/voyagez-avec-nous\/horaires-et-itineraires\/recherche-de-train\/detail-train\/?numeroCirculation=881467&amp;dateCirculation=2025-11-21&amp;destinationCode=87755009\" target=\"_blank\" rel=\"noopener\">Le train ZOU 881\u00a0467<\/a> pour Toulon affichait lui <strong>1h de retard<\/strong>.<\/p>\n<p>L\u2019heure de reprise \u00e9tait initialement\u00a0pr\u00e9vue pour 17h55, avant d\u2019\u00eatre d\u00e9cal\u00e9e \u00e0 18h15.<\/p>\n","protected":false},"excerpt":{"rendered":"Vous allez devoir prendre votre mal en patience si vous deviez partir ou arriver \u00e0 Marseille en train.&hellip;\n","protected":false},"author":2,"featured_media":553717,"comment_status":"","ping_status":"","sticky":false,"template":"","format":"standard","meta":{"footnotes":""},"categories":[2814],"tags":[17,21649,1111,11,42106,1102,1777,674,274,1011,27,7533,19975,884,12,882,25,1178,10813],"class_list":{"0":"post-553716","1":"post","2":"type-post","3":"status-publish","4":"format-standard","5":"has-post-thumbnail","7":"category-marseille","8":"tag-17","9":"tag-abandonne","10":"tag-actu","11":"tag-actualites","12":"tag-bagage","13":"tag-breakingnews","14":"tag-eu","15":"tag-europe","16":"tag-faits-divers-justice","17":"tag-fr","18":"tag-france","19":"tag-gare","20":"tag-intervention","21":"tag-marseille","22":"tag-news","23":"tag-provence-alpes-cote-dazur","24":"tag-republique-francaise","25":"tag-saint-charles","26":"tag-terminee"},"share_on_mastodon":{"url":"https:\/\/pubeurope.com\/@fr\/115600015637950175","error":""},"_links":{"self":[{"href":"https:\/\/www.europesays.com\/fr\/wp-json\/wp\/v2\/posts\/553716","targetHints":{"allow":["GET"]}}],"collection":[{"href":"https:\/\/www.europesays.com\/fr\/wp-json\/wp\/v2\/posts"}],"about":[{"href":"https:\/\/www.europesays.com\/fr\/wp-json\/wp\/v2\/types\/post"}],"author":[{"embeddable":true,"href":"https:\/\/www.europesays.com\/fr\/wp-json\/wp\/v2\/users\/2"}],"replies":[{"embeddable":true,"href":"https:\/\/www.europesays.com\/fr\/wp-json\/wp\/v2\/comments?post=553716"}],"version-history":[{"count":0,"href":"https:\/\/www.europesays.com\/fr\/wp-json\/wp\/v2\/posts\/553716\/revisions"}],"wp:featuredmedia":[{"embeddable":true,"href":"https:\/\/www.europesays.com\/fr\/wp-json\/wp\/v2\/media\/553717"}],"wp:attachment":[{"href":"https:\/\/www.europesays.com\/fr\/wp-json\/wp\/v2\/media?parent=553716"}],"wp:term":[{"taxonomy":"category","embeddable":true,"href":"https:\/\/www.europesays.com\/fr\/wp-json\/wp\/v2\/categories?post=553716"},{"taxonomy":"post_tag","embeddable":true,"href":"https:\/\/www.europesays.com\/fr\/wp-json\/wp\/v2\/tags?post=553716"}],"curies":[{"name":"wp","href":"https:\/\/api.w.org\/{rel}","templated":true}]}}