{"id":553718,"date":"2025-11-23T16:43:12","date_gmt":"2025-11-23T16:43:12","guid":{"rendered":"https:\/\/www.europesays.com\/fr\/553718\/"},"modified":"2025-11-23T16:43:12","modified_gmt":"2025-11-23T16:43:12","slug":"apres-plusieurs-deces-de-chiots-le-salon-animalier-en-passe-detre-annule-a-aubagne-et-marseille","status":"publish","type":"post","link":"https:\/\/www.europesays.com\/fr\/553718\/","title":{"rendered":"Apr\u00e8s plusieurs d\u00e9c\u00e8s de chiots, le salon animalier en passe d&rsquo;\u00eatre annul\u00e9 \u00e0 Aubagne et Marseille"},"content":{"rendered":"<p>Clap de fin pour les salons animaliers d\u2019Aubagne et Marseille\u00a0? Ces derniers mois, les organisatrices du Salon des animaux de compagnie et de leur bien-\u00eatre se retrouvent sous les feux des projecteurs. Au mois de novembre\u00a02024, <a href=\"https:\/\/www.laprovence.com\/article\/region\/1419355251034814\/au-salon-des-animaux-daubagne-ils-achetent-un-chiot-qui-meurt-quelques-jours-plus-tard-dun-virus\" target=\"_blank\" rel=\"noopener\">deux chiots sont d\u00e9c\u00e9d\u00e9s<\/a> de <a href=\"https:\/\/www.laprovence.com\/article\/edition-vaucluse\/5712863\/la-parvovirose-lepidemie-qui-fait-rage-chez-les-chiens.html\" target=\"_blank\" rel=\"noopener\">parvovirose<\/a>, une maladie qui peut-\u00eatre mortel chez ces animaux, seulement quelques jours apr\u00e8s avoir \u00e9t\u00e9 achet\u00e9s lors de l\u2019\u00e9dition aubagnaise de l\u2019\u00e9v\u00e9nement, au centre des congr\u00e8s Agora. Rebelote en juin\u00a02025 \u00e0 Cagnes-sur-Mer (Var), puis en octobre, cette fois encore \u00e0 Aubagne, avec <a href=\"https:\/\/www.laprovence.com\/article\/societe\/8261476237362214\/deux-chiots-decedent-dun-virus-apres-le-salon-animalier-daubagne-pour-la-deuxieme-fois-en-un-an\" target=\"_blank\" rel=\"noopener\">deux nouveaux d\u00e9c\u00e8s.<\/a><\/p>\n<p>Pour le centre des congr\u00e8s, la coupe est pleine. La direction annonce aujourd\u2019hui son souhait de ne pas reconduire l\u2019\u00e9v\u00e9nement organis\u00e9 par l\u2019entreprise Salons du Sud, accueilli depuis\u00a02021 \u00e0 <a href=\"https:\/\/www.laprovence.com\/bouches-du-rhone\/aubagne-13005\" target=\"_blank\" rel=\"noopener\">Aubagne<\/a>. \u00ab\u00a0Ces accidents m\u2019ont beaucoup choqu\u00e9. M\u00eame si les organisatrices ont tout fait pour \u00e9viter que cette situation ne se reproduise, je vais proposer au conseil d\u2019administration qui aura lieu d\u00e9but\u00a02026 de ne pas reconduire le salon l\u2019ann\u00e9e prochaine\u00a0\u00bb, avise Martine Martinez, directrice de l\u2019\u00e9quipement public m\u00e9tropolitain.<\/p>\n<p>\u00ab\u00a0Il faut repenser le mod\u00e8le de ces salons\u00a0\u00bb<\/p>\n<p>Apr\u00e8s les <a href=\"https:\/\/www.laprovence.com\/article\/societe\/3158209475298814\/le-salon-des-animaux-de-compagnie-est-de-retour-a-aubagne-malgre-les-deces-de-chiots-lors-de-la-precedente-edition\" target=\"_blank\" rel=\"noopener\">d\u00e9c\u00e8s constat\u00e9s en\u00a02024<\/a>, le gestionnaire de la salle avait pourtan&#8230;<\/p>\n","protected":false},"excerpt":{"rendered":"Clap de fin pour les salons animaliers d\u2019Aubagne et Marseille\u00a0? Ces derniers mois, les organisatrices du Salon des&hellip;\n","protected":false},"author":2,"featured_media":553719,"comment_status":"","ping_status":"","sticky":false,"template":"","format":"standard","meta":{"footnotes":""},"categories":[2814],"tags":[17,1111,11,63447,150,24840,3983,1777,674,1011,27,884,12,5242,2513,882,25,6290,104],"class_list":{"0":"post-553718","1":"post","2":"type-post","3":"status-publish","4":"format-standard","5":"has-post-thumbnail","7":"category-marseille","8":"tag-17","9":"tag-actu","10":"tag-actualites","11":"tag-animalier","12":"tag-apres","13":"tag-chiots","14":"tag-deces","15":"tag-eu","16":"tag-europe","17":"tag-fr","18":"tag-france","19":"tag-marseille","20":"tag-news","21":"tag-passe","22":"tag-plusieurs","23":"tag-provence-alpes-cote-dazur","24":"tag-republique-francaise","25":"tag-salon","26":"tag-societe"},"share_on_mastodon":{"url":"https:\/\/pubeurope.com\/@fr\/115600018979109661","error":""},"_links":{"self":[{"href":"https:\/\/www.europesays.com\/fr\/wp-json\/wp\/v2\/posts\/553718","targetHints":{"allow":["GET"]}}],"collection":[{"href":"https:\/\/www.europesays.com\/fr\/wp-json\/wp\/v2\/posts"}],"about":[{"href":"https:\/\/www.europesays.com\/fr\/wp-json\/wp\/v2\/types\/post"}],"author":[{"embeddable":true,"href":"https:\/\/www.europesays.com\/fr\/wp-json\/wp\/v2\/users\/2"}],"replies":[{"embeddable":true,"href":"https:\/\/www.europesays.com\/fr\/wp-json\/wp\/v2\/comments?post=553718"}],"version-history":[{"count":0,"href":"https:\/\/www.europesays.com\/fr\/wp-json\/wp\/v2\/posts\/553718\/revisions"}],"wp:featuredmedia":[{"embeddable":true,"href":"https:\/\/www.europesays.com\/fr\/wp-json\/wp\/v2\/media\/553719"}],"wp:attachment":[{"href":"https:\/\/www.europesays.com\/fr\/wp-json\/wp\/v2\/media?parent=553718"}],"wp:term":[{"taxonomy":"category","embeddable":true,"href":"https:\/\/www.europesays.com\/fr\/wp-json\/wp\/v2\/categories?post=553718"},{"taxonomy":"post_tag","embeddable":true,"href":"https:\/\/www.europesays.com\/fr\/wp-json\/wp\/v2\/tags?post=553718"}],"curies":[{"name":"wp","href":"https:\/\/api.w.org\/{rel}","templated":true}]}}