{"id":553720,"date":"2025-11-23T16:44:21","date_gmt":"2025-11-23T16:44:21","guid":{"rendered":"https:\/\/www.europesays.com\/fr\/553720\/"},"modified":"2025-11-23T16:44:21","modified_gmt":"2025-11-23T16:44:21","slug":"deux-incendies-en-pleine-nuit-pres-de-lyon-la-piste-criminelle-privilegiee","status":"publish","type":"post","link":"https:\/\/www.europesays.com\/fr\/553720\/","title":{"rendered":"Deux incendies en pleine nuit pr\u00e8s de Lyon : la piste criminelle privil\u00e9gi\u00e9e\u00a0"},"content":{"rendered":"<p>Dans la nuit du samedi 22 au dimanche 23 novembre, deux immeubles de Rillieux-la-Pape ont \u00e9t\u00e9 la cible d&rsquo;incendies volontaires \u00e0 quelques minutes d&rsquo;intervalle. Les habitants ont \u00e9t\u00e9 \u00e9vacu\u00e9s, mais aucun bless\u00e9 n&rsquo;est \u00e0 d\u00e9plorer.<\/p>\n<p>Nuit de frayeur pour les habitants de <b>Rillieux-la-Pape<\/b>. Entre 2h et 2h10 du matin, dans la nuit du <b>samedi 22 au dimanche 23 septembre<\/b>, deux d\u00e9parts de feu ont n\u00e9cessit\u00e9 l&rsquo;intervention rapide des pompiers et l&rsquo;\u00e9vacuation de plusieurs familles. Selon les informations du <a class=\"url\" href=\"https:\/\/c.leprogres.fr\/faits-divers-justice\/2025\/11\/23\/deux-feux-obligent-des-familles-a-se-reloger-a-rillieux-dans-la-nuit-de-samedi-a-dimanche\" target=\"_blank\" rel=\"nofollow noopener\">Progr\u00e8s<\/a>, la piste criminelle est privil\u00e9gi\u00e9e.<\/p>\n<p>Le premier sinistre s&rsquo;est d\u00e9clar\u00e9 au <b>1 square Koening<\/b>, dans la Ville nouvelle. Les flammes ont pris sur deux compteurs \u00e9lectriques Linky situ\u00e9s dans les parties communes, au rez-de-chauss\u00e9e et au premier \u00e9tage.\u00a0<\/p>\n<p>Les pompiers ont rapidement ma\u00eetris\u00e9 le feu, permettant aux occupants de regagner leurs logements.<\/p>\n<p>Un deuxi\u00e8me incendie dix minutes plus tard\u00a0<\/p>\n<p>Dix minutes plus tard, un second incendie a \u00e9clat\u00e9 au <b>5 rue<\/b> <b>Jacques Pr\u00e9vert<\/b>, \u00e0 quelques centaines de m\u00e8tres. Cette fois, un i<b>ndividu cagoul\u00e9<\/b> aurait incendi\u00e9 des poubelles et des palettes devant le hall d&rsquo;entr\u00e9e, selon nos confr\u00e8res.\u00a0<\/p>\n<p>Les fum\u00e9es se sont propag\u00e9es dans la cage d&rsquo;escalier, entra\u00eenant l&rsquo;\u00e9vacuation des r\u00e9sidents. La fa\u00e7ade de l&rsquo;immeuble a \u00e9t\u00e9 endommag\u00e9e.<\/p>\n<p>Gr\u00e2ce aux cam\u00e9ras de surveillance, les flammes ont \u00e9t\u00e9 rep\u00e9r\u00e9es tr\u00e8s vite par la police municipale, ce qui a permis une intervention rapide des secours.<\/p>\n<p>Aucun bless\u00e9 n&rsquo;est \u00e0 d\u00e9plorer et les habitants ont pu regagner leurs domiciles ce dimanche. Pour rappel, il y a deux semaines, un incendie avait d\u00e9j\u00e0 \u00e9clat\u00e9 dans le m\u00eame secteur apr\u00e8s l&rsquo;utilisation d&rsquo;<a class=\"url\" href=\"https:\/\/www.radioscoop.com\/infos\/le-tournage-d-un-clip-de-rap-tourne-mal-pres-de-lyon-5-appartements-sinistres_341689\" target=\"_blank\" rel=\"nofollow noopener\">un mortier d&rsquo;artifice lors du tournage d&rsquo;un clip<\/a>.<\/p>\n<p><img loading=\"lazy\" decoding=\"async\" src=\"https:\/\/www.europesays.com\/fr\/wp-content\/uploads\/2025\/11\/1763916261_67_img\" width=\"350\" height=\"200\" border=\"0\" title=\"Une quinzaine de sapeurs-pompiers sont intervenus sur les lieux\"\/><\/p>\n<p>\u25baFaits divers<\/p>\n<p style=\"font-size: 22px;\"><b>Six bless\u00e9s dans un accident sur le p\u00e9riph\u00e9rique lyonnais : circulation fortement perturb\u00e9e\u00a0<\/b><\/p>\n<p>Un carambolage impliquant trois v\u00e9hicules a eu&#8230;<\/p>\n<p><\/p>\n","protected":false},"excerpt":{"rendered":"Dans la nuit du samedi 22 au dimanche 23 novembre, deux immeubles de Rillieux-la-Pape ont \u00e9t\u00e9 la cible&hellip;\n","protected":false},"author":2,"featured_media":553721,"comment_status":"","ping_status":"","sticky":false,"template":"","format":"standard","meta":{"footnotes":""},"categories":[1889],"tags":[1111,11,2430,1777,674,1011,27,1310,19975,2428,12,67082,1311,25,17092],"class_list":{"0":"post-553720","1":"post","2":"type-post","3":"status-publish","4":"format-standard","5":"has-post-thumbnail","7":"category-lyon","8":"tag-actu","9":"tag-actualites","10":"tag-auvergne-rhone-alpes","11":"tag-eu","12":"tag-europe","13":"tag-fr","14":"tag-france","15":"tag-incendie","16":"tag-intervention","17":"tag-lyon","18":"tag-news","19":"tag-piste-criminelle","20":"tag-pompiers","21":"tag-republique-francaise","22":"tag-rillieux-la-pape"},"share_on_mastodon":{"url":"https:\/\/pubeurope.com\/@fr\/115600024029867675","error":""},"_links":{"self":[{"href":"https:\/\/www.europesays.com\/fr\/wp-json\/wp\/v2\/posts\/553720","targetHints":{"allow":["GET"]}}],"collection":[{"href":"https:\/\/www.europesays.com\/fr\/wp-json\/wp\/v2\/posts"}],"about":[{"href":"https:\/\/www.europesays.com\/fr\/wp-json\/wp\/v2\/types\/post"}],"author":[{"embeddable":true,"href":"https:\/\/www.europesays.com\/fr\/wp-json\/wp\/v2\/users\/2"}],"replies":[{"embeddable":true,"href":"https:\/\/www.europesays.com\/fr\/wp-json\/wp\/v2\/comments?post=553720"}],"version-history":[{"count":0,"href":"https:\/\/www.europesays.com\/fr\/wp-json\/wp\/v2\/posts\/553720\/revisions"}],"wp:featuredmedia":[{"embeddable":true,"href":"https:\/\/www.europesays.com\/fr\/wp-json\/wp\/v2\/media\/553721"}],"wp:attachment":[{"href":"https:\/\/www.europesays.com\/fr\/wp-json\/wp\/v2\/media?parent=553720"}],"wp:term":[{"taxonomy":"category","embeddable":true,"href":"https:\/\/www.europesays.com\/fr\/wp-json\/wp\/v2\/categories?post=553720"},{"taxonomy":"post_tag","embeddable":true,"href":"https:\/\/www.europesays.com\/fr\/wp-json\/wp\/v2\/tags?post=553720"}],"curies":[{"name":"wp","href":"https:\/\/api.w.org\/{rel}","templated":true}]}}