{"id":553722,"date":"2025-11-23T16:45:17","date_gmt":"2025-11-23T16:45:17","guid":{"rendered":"https:\/\/www.europesays.com\/fr\/553722\/"},"modified":"2025-11-23T16:45:17","modified_gmt":"2025-11-23T16:45:17","slug":"battu-a-lyon-apres-avoir-resiste-le-racing-ne-doit-retenir-que-le-positif","status":"publish","type":"post","link":"https:\/\/www.europesays.com\/fr\/553722\/","title":{"rendered":"battu \u00e0 Lyon apr\u00e8s avoir r\u00e9sist\u00e9, le Racing ne doit retenir que le positif"},"content":{"rendered":"<p>On imagine facilement que le voyage retour en Alsace a d\u00fb para\u00eetre interminable pour la d\u00e9l\u00e9gation strasbourgeoise, joueuses et staff, qui ont lev\u00e9 le camp samedi vers 23h30 avec, sans doute, l\u2019impression d\u2019\u00eatre pass\u00e9 dans une essoreuse.<\/p>\n<p>\u00ab\u00a0J\u2019ai des griffures un peu partout sur le corps\u00a0\u00bb, grimace Elise Bonet, d\u00e9fenseure centrale du Racing qui a \u00e9t\u00e9 rudoy\u00e9e \u00e0 l\u2019OL Parc. \u00ab\u00a0On est all\u00e9es au combat et au contact mais \u00e7a va aller\u00a0!\u00a0\u00bb<\/p>\n<p><a href=\"https:\/\/www.dna.fr\/sport\/classement\/football\/national-premiere-ligue-(f)\" target=\"_blank\" rel=\"noopener\">Le classement de Division 1 f\u00e9minine<\/a><\/p>\n<p><a href=\"https:\/\/www.dna.fr\/sport\/equipe\/football\/national-premiere-ligue-(f)\/strasbourg\" target=\"_blank\" rel=\"noopener\">Le parcours du Racing<\/a><\/p>\n<p>\u00ab\u00a0On sait qu\u2019on a fait de bonnes choses\u00a0\u00bb<\/p>\n<p>Quiconque se pr\u00e9sente au d\u00e9fi des Lyonnaises va passer un sale quart d\u2019heure. \u00c0 ce stade de la saison,&#8230;<\/p>\n","protected":false},"excerpt":{"rendered":"On imagine facilement que le voyage retour en Alsace a d\u00fb para\u00eetre interminable pour la d\u00e9l\u00e9gation strasbourgeoise, joueuses&hellip;\n","protected":false},"author":2,"featured_media":553723,"comment_status":"","ping_status":"","sticky":false,"template":"","format":"standard","meta":{"footnotes":""},"categories":[1889],"tags":[1111,11,2430,2649,2880,1777,674,63,1011,27,2428,12,43577,25,517,640,2879],"class_list":{"0":"post-553722","1":"post","2":"type-post","3":"status-publish","4":"format-standard","5":"has-post-thumbnail","7":"category-lyon","8":"tag-actu","9":"tag-actualites","10":"tag-auvergne-rhone-alpes","11":"tag-bas-rhin","12":"tag-edition-strasbourg","13":"tag-eu","14":"tag-europe","15":"tag-football","16":"tag-fr","17":"tag-france","18":"tag-lyon","19":"tag-news","20":"tag-racing-club-strasbourg-feminin","21":"tag-republique-francaise","22":"tag-sport","23":"tag-strasbourg","24":"tag-strasbourg-ville"},"share_on_mastodon":{"url":"https:\/\/pubeurope.com\/@fr\/115600026728824344","error":""},"_links":{"self":[{"href":"https:\/\/www.europesays.com\/fr\/wp-json\/wp\/v2\/posts\/553722","targetHints":{"allow":["GET"]}}],"collection":[{"href":"https:\/\/www.europesays.com\/fr\/wp-json\/wp\/v2\/posts"}],"about":[{"href":"https:\/\/www.europesays.com\/fr\/wp-json\/wp\/v2\/types\/post"}],"author":[{"embeddable":true,"href":"https:\/\/www.europesays.com\/fr\/wp-json\/wp\/v2\/users\/2"}],"replies":[{"embeddable":true,"href":"https:\/\/www.europesays.com\/fr\/wp-json\/wp\/v2\/comments?post=553722"}],"version-history":[{"count":0,"href":"https:\/\/www.europesays.com\/fr\/wp-json\/wp\/v2\/posts\/553722\/revisions"}],"wp:featuredmedia":[{"embeddable":true,"href":"https:\/\/www.europesays.com\/fr\/wp-json\/wp\/v2\/media\/553723"}],"wp:attachment":[{"href":"https:\/\/www.europesays.com\/fr\/wp-json\/wp\/v2\/media?parent=553722"}],"wp:term":[{"taxonomy":"category","embeddable":true,"href":"https:\/\/www.europesays.com\/fr\/wp-json\/wp\/v2\/categories?post=553722"},{"taxonomy":"post_tag","embeddable":true,"href":"https:\/\/www.europesays.com\/fr\/wp-json\/wp\/v2\/tags?post=553722"}],"curies":[{"name":"wp","href":"https:\/\/api.w.org\/{rel}","templated":true}]}}