{"id":553724,"date":"2025-11-23T16:47:13","date_gmt":"2025-11-23T16:47:13","guid":{"rendered":"https:\/\/www.europesays.com\/fr\/553724\/"},"modified":"2025-11-23T16:47:13","modified_gmt":"2025-11-23T16:47:13","slug":"faut-il-sattendre-a-un-nouvel-episode-avant-la-fin-de-lannee","status":"publish","type":"post","link":"https:\/\/www.europesays.com\/fr\/553724\/","title":{"rendered":"faut-il s\u2019attendre \u00e0 un nouvel \u00e9pisode avant la fin de l\u2019ann\u00e9e\u00a0?"},"content":{"rendered":"<p>                    Par<br \/>\n        <strong><br \/>\n            <a href=\"https:\/\/actu.fr\/auteur\/thomas-martin\" title=\"Consulter tous les articles de Thomas Martin\" rel=\"nofollow noopener\" target=\"_blank\">Thomas Martin<\/a><br \/>\n                    <\/strong><\/p>\n<p>        Publi\u00e9 le<\/p>\n<p>            23 nov. 2025 \u00e0 17h15        <\/p>\n<p>Paris et l\u2019\u00cele-de-France viennent de vivre un \u00e9pisode de <a href=\"https:\/\/actu.fr\/meteo\/il-est-possible-que-la-neige-tienne-un-peu-plus-que-prevu-a-quoi-s-attendre-a-paris-et-en-ile-de-france_63475202.html\" rel=\"nofollow noopener\" target=\"_blank\">neige<\/a> apr\u00e8s une <a href=\"https:\/\/actu.fr\/meteo\/carte-meteo-jusqu-a-7-degres-brouillards-givrants-ces-villes-d-ile-de-france-ou-il-va-faire-tres-froid_63465655.html\" rel=\"nofollow noopener\" target=\"_blank\">forte chute des temp\u00e9ratures<\/a> sur l\u2019ensemble de la r\u00e9gion. M\u00e9t\u00e9o-France a relev\u00e9 des couches de neige <a href=\"https:\/\/actu.fr\/meteo\/en-images-meteo-d-un-a-quatre-centimetres-de-neige-a-paris-et-en-ile-de-france_63475595.html\" rel=\"nofollow noopener\" target=\"_blank\">d\u2019un \u00e0 quatre centim\u00e8tres<\/a> en moyenne dans la r\u00e9gion, frapp\u00e9e par son premier \u00e9pisode hivernal de la saison. La semaine prochaine, <a href=\"https:\/\/actu.fr\/meteo\/meteo-apres-la-neige-un-spectaculaire-changement-de-temps-attend-paris-et-l-iie-de-france_63475630.html\" rel=\"nofollow noopener\" target=\"_blank\">le temps va changer radicalement<\/a>. Et \u00e0 plus long terme ? L\u2019\u00cele-de-France peut-elle conna\u00eetre d\u2019autres chutes de neige d\u2019ici la fin de l\u2019ann\u00e9e 2025 ?<\/p>\n<p>De la pluie plut\u00f4t que de la neige<\/p>\n<p class=\" wall-content\">La neige reste un ph\u00e9nom\u00e8ne relativement rare en \u00cele-de-France. Selon les donn\u00e9es climatologiques, Paris conna\u00eet en moyenne entre 2 et 3 jours de neige en d\u00e9cembre, mais les chutes sont souvent modestes et la neige fond rapidement.<\/p>\n<p class=\" wall-content\">Les temp\u00e9ratures en cette saison sont d\u2019ailleurs de moins en moins propices \u00e0 des accumulations durables : en d\u00e9cembre, les moyennes oscillent autour de 7,3 \u00b0C le jour et 3 \u00b0C la nuit \u00e0 Paris, selon les relev\u00e9s climatologiques.<\/p>\n<p class=\" wall-content\">Les mod\u00e8les m\u00e9t\u00e9o \u00e0 moyen terme ne dessinent pas pour l\u2019instant un sc\u00e9nario tr\u00e8s favorable \u00e0 un gros \u00e9pisode neigeux : les temp\u00e9ratures devraient rester globalement douces, avec peu de signes d\u2019un refroidissement suffisant \u00e0 long terme. M\u00eame si des pr\u00e9cipitations sont annonc\u00e9es, comme la semaine prochaine, ce sera vraisemblablement de la pluie.\u00a0<\/p>\n<p class=\" wall-content\">Bref, pour le moment, un \u00e9pisode neigeux est peu probable d\u2019ici la fin de l\u2019ann\u00e9e. Peu de chance donc de conna\u00eetre un mois de d\u00e9cembre identique \u00e0 celui de 2010, par exemple, quand on avait enregistr\u00e9 jusqu\u2019\u00e0 12 cm de neige au sol dans la capitale.<\/p>\n<p>Des vagues de froid de moins en moins fr\u00e9quentes<\/p>\n<p class=\" wall-content\">Plus globalement, la neige devrait se faire rare dans les ann\u00e9es qui viennent si l\u2019on en croit une \u00e9tude de M\u00e9t\u00e9o-France sur le visage des <a href=\"https:\/\/actu.fr\/ile-de-france\/paris_75056\/neige-temperatures-voici-a-quoi-vont-ressembler-les-hivers-a-paris-selon-meteo-france_48448491.html\" rel=\"nofollow noopener\" target=\"_blank\">futurs hivers parisiens<\/a> r\u00e9alis\u00e9e en 2022, r\u00e9chauffement climatique oblige.\u00a0<\/p>\n<p class=\" wall-content\">Si Paris a connu des \u00e9pisodes de\u00a0tr\u00e8s grands froids\u00a0dans le pass\u00e9, les vagues de froid sont devenues moins fr\u00e9quentes et moins intenses ces derni\u00e8res ann\u00e9es.<\/p>\n<p>Votre r\u00e9gion, votre actu !<\/p>\n<p>Recevez chaque jour les infos qui comptent pour vous.<\/p>\n<p>\t<a href=\"https:\/\/actu.fr\/newsletter\" class=\"ac-btn ac-btn--corner ac-btn--medium ac-btn--blue800\" rel=\"nofollow noopener\" target=\"_blank\">S&rsquo;incrire<\/a><\/p>\n<p class=\" wall-content\">Dans le m\u00eame sens, M\u00e9t\u00e9o-France note une baisse du nombre de jours de gel ainsi qu\u2019une diminution du nombre de jours sans d\u00e9gel.\u00a0<\/p>\n<p class=\" wall-content\">Les derni\u00e8res ann\u00e9es ont \u00e9galement \u00e9t\u00e9 marqu\u00e9es par des hivers peu neigeux de plus en plus fr\u00e9quents. Et ce malgr\u00e9 l\u2019hiver 2010 et ses 21 jours de\u00a0neige, un niveau qui n\u2019\u00e9tait plus arriv\u00e9 depuis 1979. Depuis la fin des ann\u00e9es 1980, quelques hivers sans aucune neige ont m\u00eame fait leur apparition.\u00a0<\/p>\n<p class=\" wall-content\">\u00ab\u00a0Il est aussi probable que les ph\u00e9nom\u00e8nes hivernaux (neige, gel\u00e9es, grands froids) continueront de se rar\u00e9fier, indique M\u00e9t\u00e9o France. N\u00e9anmoins, m\u00eame si la probabilit\u00e9 de ces \u00e9v\u00e8nements est plus faible, elle n\u2019est pas nulle\u00a0\u00bb.\u00a0<\/p>\n<p class=\" wall-content\">Personnalisez votre actualit\u00e9 en ajoutant vos villes et m\u00e9dias en favori avec <a href=\"https:\/\/moncompte.actu.fr\" title=\"D\u00e9couvez Mon Actu\" rel=\"nofollow noopener\" data-trk=\"{&quot;cta&quot;:{&quot;action&quot;:&quot;https:\\\/\\\/moncompte.actu.fr&quot;,&quot;category&quot;:&quot;mon compte&quot;,&quot;from&quot;:&quot;article footer&quot;,&quot;name&quot;:&quot;Mon actu&quot;,&quot;type&quot;:&quot;cta&quot;}}\" target=\"_blank\">Mon Actu<\/a>.<\/p>\n","protected":false},"excerpt":{"rendered":"Par Thomas Martin Publi\u00e9 le 23 nov. 2025 \u00e0 17h15 Paris et l\u2019\u00cele-de-France viennent de vivre un \u00e9pisode&hellip;\n","protected":false},"author":2,"featured_media":553725,"comment_status":"","ping_status":"","sticky":false,"template":"","format":"standard","meta":{"footnotes":""},"categories":[1592],"tags":[1111,11,1777,674,1011,27,3447,662,2487,2357,10584,12,626,25],"class_list":{"0":"post-553724","1":"post","2":"type-post","3":"status-publish","4":"format-standard","5":"has-post-thumbnail","7":"category-ile-de-france","8":"tag-actu","9":"tag-actualites","10":"tag-eu","11":"tag-europe","12":"tag-fr","13":"tag-france","14":"tag-froid","15":"tag-ile-de-france","16":"tag-meteo","17":"tag-meteo-france","18":"tag-neige","19":"tag-news","20":"tag-paris","21":"tag-republique-francaise"},"share_on_mastodon":{"url":"https:\/\/pubeurope.com\/@fr\/115600034751983895","error":""},"_links":{"self":[{"href":"https:\/\/www.europesays.com\/fr\/wp-json\/wp\/v2\/posts\/553724","targetHints":{"allow":["GET"]}}],"collection":[{"href":"https:\/\/www.europesays.com\/fr\/wp-json\/wp\/v2\/posts"}],"about":[{"href":"https:\/\/www.europesays.com\/fr\/wp-json\/wp\/v2\/types\/post"}],"author":[{"embeddable":true,"href":"https:\/\/www.europesays.com\/fr\/wp-json\/wp\/v2\/users\/2"}],"replies":[{"embeddable":true,"href":"https:\/\/www.europesays.com\/fr\/wp-json\/wp\/v2\/comments?post=553724"}],"version-history":[{"count":0,"href":"https:\/\/www.europesays.com\/fr\/wp-json\/wp\/v2\/posts\/553724\/revisions"}],"wp:featuredmedia":[{"embeddable":true,"href":"https:\/\/www.europesays.com\/fr\/wp-json\/wp\/v2\/media\/553725"}],"wp:attachment":[{"href":"https:\/\/www.europesays.com\/fr\/wp-json\/wp\/v2\/media?parent=553724"}],"wp:term":[{"taxonomy":"category","embeddable":true,"href":"https:\/\/www.europesays.com\/fr\/wp-json\/wp\/v2\/categories?post=553724"},{"taxonomy":"post_tag","embeddable":true,"href":"https:\/\/www.europesays.com\/fr\/wp-json\/wp\/v2\/tags?post=553724"}],"curies":[{"name":"wp","href":"https:\/\/api.w.org\/{rel}","templated":true}]}}