{"id":553726,"date":"2025-11-23T16:48:15","date_gmt":"2025-11-23T16:48:15","guid":{"rendered":"https:\/\/www.europesays.com\/fr\/553726\/"},"modified":"2025-11-23T16:48:15","modified_gmt":"2025-11-23T16:48:15","slug":"enceinte-de-9-mois-linfluenceuse-melococo-agressee-a-paris-par-un-automobiliste","status":"publish","type":"post","link":"https:\/\/www.europesays.com\/fr\/553726\/","title":{"rendered":"enceinte de 9 mois, l&rsquo;influenceuse M\u00e9lococo agress\u00e9e \u00e0 Paris par un automobiliste"},"content":{"rendered":"<p>                    Par<br \/>\n        <strong><br \/>\n            <a href=\"https:\/\/actu.fr\/auteur\/glenn-gillet\" title=\"Consulter tous les articles de Glenn Gillet\" rel=\"nofollow noopener\" target=\"_blank\">Glenn Gillet<\/a><br \/>\n                    <\/strong><\/p>\n<p>        Publi\u00e9 le<\/p>\n<p>            23 nov. 2025 \u00e0 17h18        <\/p>\n<p>\u00ab\u2009Je me suis fait <strong>agresser dans la rue \u00e0 neuf mois de <a href=\"https:\/\/actu.fr\/ile-de-france\/paris_75056\/endometriose-grossesse-infertilite-a-paris-un-centre-dedie-aux-femmes-ouvre-a-paris_48683206.html\" rel=\"nofollow noopener\" target=\"_blank\">grossesse<\/a><\/strong>. Je vais essayer de le raconter sans chialer\u2009\u00bb. C\u2019est par ses mots que commence le r\u00e9cit gla\u00e7ant de M\u00e9lody Collange, connue sous le pseudonyme de <a href=\"https:\/\/www.instagram.com\/melococo\/\" rel=\"nofollow noopener\" target=\"_blank\">M\u00e9loco<\/a> sur les r\u00e9seaux sociaux. Sur <a href=\"https:\/\/www.instagram.com\/p\/DRXV8fwCMQf\/\" rel=\"nofollow noopener\" target=\"_blank\">Instagram<\/a>, la styliste, costumi\u00e8re et influenceuse est suivie par 88\u2009000\u00a0personnes. Et c\u2019est sur cette plateforme qu\u2019elle a choisi de faire part, face cam\u00e9ra, des <strong>violences dont elle a \u00e9t\u00e9 victime<\/strong> de la part d\u2019un automobiliste \u00e0 Paris vendredi 21\u00a0novembre 2025.<\/p>\n<p>Le conducteur la fait \u00ab\u2009d\u00e9coller du sol\u2009\u00bb<\/p>\n<p class=\" wall-content\">Cette journ\u00e9e marquait le terme de ses neuf mois de grossesse et M\u00e9lody Collange l\u2019avoue\u2009: \u00ab\u2009cette date, je la pense depuis huit mois et j\u2019avais imagin\u00e9 mille et une situations, mais alors certainement pas de <strong>me retrouver chez les flics<\/strong>\u2009\u00bb.<\/p>\n<p class=\" wall-content\">L\u2019histoire d\u00e9bute alors que M\u00e9lody Collange va prendre le bus pour rentrer chez elle. Elle emprunte alors un passage pi\u00e9ton et un automobiliste qui arrivait dans sa direction pile devant elle. Il lui \u00ab\u2009hurle dessus\u2009\u00bb et lui reproche d\u2019\u00eatre pass\u00e9e au rouge. Elle assure de son c\u00f4t\u00e9 que le feu \u00e9tait vert lorsqu\u2019elle s\u2019est engag\u00e9e et s\u2019approche avec \u00ab\u2009calme\u2009\u00bb du v\u00e9hicule pour le lui dire.<\/p>\n<p class=\" wall-content\"><a href=\"https:\/\/www.instagram.com\/p\/DRXV8fwCMQf\/embed\" title=\"Ouvrir le lien sur Instagram\" rel=\"nofollow noopener\" target=\"_blank\">Visualiser le contenu sur Instagram<\/a><\/p>\n<p class=\" wall-content\">Apr\u00e8s quelques instants d\u2019un dialogue de sourds, l\u2019automobiliste \u00ab\u2009p\u00e8te un c\u00e2ble et me jette son <strong>m\u00e9got \u00e0 la gueule<\/strong>, je crois m\u00eame que je prends une petite insulte au passage\u2009\u00bb de type \u00ab\u2009connasse\u2009\u00bb, raconte M\u00e9lococo. Alors que l\u2019homme se met \u00e0 red\u00e9marrer, elle lui envoie \u00e0 son tour une insulte. Plut\u00f4t que d\u2019en rester l\u00e0, le conducteur se gare, sort furieux de son v\u00e9hicule et se rue vers la femme enceinte.<\/p>\n<p class=\" wall-content\">\u00ab\u2009Il vient vers moi et il me chope par la gorge\u2009\u00bb tout en la poussant vers le haut, si bien qu\u2019il la fait \u00ab\u2009d\u00e9coller du sol\u2009\u00bb. Sur le moment, l\u2019influenceuse explique que ses mains comme ses jambes \u00ab\u2009\u00e9taient libres\u2009\u00bb et qu\u2019elle aurait \u00ab\u2009totalement pu se d\u00e9fendre\u2009\u00bb, mais qu\u2019elle s\u2019est retrouv\u00e9e \u00ab\u2009dans un \u00e9tat de <strong>sid\u00e9ration totale<\/strong>\u2009\u00bb du fait de la violence de l\u2019agression. \u00ab\u2009Je trouve \u00e7a fou de pas avoir eu un r\u00e9flexe de d\u00e9fense\u2009\u00bb, partage-t-elle, tr\u00e8s \u00e9mue.<\/p>\n<p>Un homme qui n\u2019en est s\u00fbrement \u00ab\u2009pas \u00e0 sa premi\u00e8re agression dans la rue\u2009\u00bb<\/p>\n<p class=\" wall-content\">Face \u00e0 la sc\u00e8ne, plusieurs personnes interviennent, \u00ab\u2009des femmes beaucoup\u2009\u00bb et l\u2019agresseur finit par l\u00e2cher sa victime avant de retourner vers sa voiture et de quitter les lieux. \u00ab\u2009Je n\u2019ai eu aucun r\u00e9flexe de <strong>prendre la plaque<\/strong>, je suis sur le cul de ce qu\u2019il vient de se passer\u2009\u00bb, explique-t-elle.<\/p>\n<p class=\" wall-content\">Sur le conseil de son compagnon, M\u00e9lody Collange se rend dans un commissariat pour raconter son agression \u00e0 des policiers qui \u00ab\u2009\u00e9taient atterr\u00e9s\u2009\u00bb et<strong> d\u00e9poser plainte<\/strong>, m\u00eame si elle n\u2019a pas retenu le num\u00e9ro de plaque ou pris les num\u00e9ros des t\u00e9moins. Apr\u00e8s r\u00e9flexion, la future maman estime que la rapidit\u00e9 et l\u2019aisance avec laquelle son agresseur a attrap\u00e9 sa gorge peuvent \u00eatre les signes \u00ab\u2009d\u2019un homme tr\u00e8s violent\u2009\u00bb dans la vie \u00ab\u2009et qui n\u2019en est pas \u00e0 sa premi\u00e8re agression dans la rue\u2009\u00bb. \u00ab\u2009Maintenant, il n\u2019y a plus qu\u2019\u00e0 esp\u00e9rer que les cam\u00e9ras dans Paris soient efficaces et qu\u2019on retrouve la trace de ce gars\u2009\u00bb, confie-t-elle.<\/p>\n<p>Votre r\u00e9gion, votre actu !<\/p>\n<p>Recevez chaque jour les infos qui comptent pour vous.<\/p>\n<p>\t<a href=\"https:\/\/actu.fr\/newsletter\" class=\"ac-btn ac-btn--corner ac-btn--medium ac-btn--blue800\" rel=\"nofollow noopener\" target=\"_blank\">S&rsquo;incrire<\/a><\/p>\n<p class=\" wall-content\">Contact\u00e9s par actu Paris, la pr\u00e9fecture de police et le parquet n\u2019ont pas apport\u00e9 de pr\u00e9cisions \u00e0 ce stade concernant l\u2019ouverture d\u2019une <strong>enqu\u00eate<\/strong> ou une potentielle <strong>interpellation<\/strong>.<\/p>\n<p class=\" wall-content\">D\u2019abord connue sur les r\u00e9seaux sociaux du fait de son amiti\u00e9 avec la vid\u00e9aste star Natoo, M\u00e9lody Collange a \u00e9galement particip\u00e9 au jeu t\u00e9l\u00e9vis\u00e9 \u00ab\u2009Les Tra\u00eetres\u2009\u00bb diffus\u00e9 sur M6.<\/p>\n<p class=\" wall-content\">Personnalisez votre actualit\u00e9 en ajoutant vos villes et m\u00e9dias en favori avec <a href=\"https:\/\/moncompte.actu.fr\" title=\"D\u00e9couvez Mon Actu\" rel=\"nofollow noopener\" data-trk=\"{&quot;cta&quot;:{&quot;action&quot;:&quot;https:\\\/\\\/moncompte.actu.fr&quot;,&quot;category&quot;:&quot;mon compte&quot;,&quot;from&quot;:&quot;article footer&quot;,&quot;name&quot;:&quot;Mon actu&quot;,&quot;type&quot;:&quot;cta&quot;}}\" target=\"_blank\">Mon Actu<\/a>.<\/p>\n<p>                    <script async src=\"\/\/www.instagram.com\/embed.js\"><\/script><\/p>\n","protected":false},"excerpt":{"rendered":"Par Glenn Gillet Publi\u00e9 le 23 nov. 2025 \u00e0 17h18 \u00ab\u2009Je me suis fait agresser dans la rue&hellip;\n","protected":false},"author":2,"featured_media":553727,"comment_status":"","ping_status":"","sticky":false,"template":"","format":"standard","meta":{"footnotes":""},"categories":[1888],"tags":[1111,1928,11,1927,1777,674,118,1011,27,2440,303,12,1926,626,1925,1072,25],"class_list":{"0":"post-553726","1":"post","2":"type-post","3":"status-publish","4":"format-standard","5":"has-post-thumbnail","7":"category-paris","8":"tag-actu","9":"tag-actu-paris","10":"tag-actualites","11":"tag-actualites-paris","12":"tag-eu","13":"tag-europe","14":"tag-faits-divers","15":"tag-fr","16":"tag-france","17":"tag-instagram","18":"tag-justice","19":"tag-news","20":"tag-news-paris","21":"tag-paris","22":"tag-paris-news","23":"tag-police","24":"tag-republique-francaise"},"share_on_mastodon":{"url":"https:\/\/pubeurope.com\/@fr\/115600038779595491","error":""},"_links":{"self":[{"href":"https:\/\/www.europesays.com\/fr\/wp-json\/wp\/v2\/posts\/553726","targetHints":{"allow":["GET"]}}],"collection":[{"href":"https:\/\/www.europesays.com\/fr\/wp-json\/wp\/v2\/posts"}],"about":[{"href":"https:\/\/www.europesays.com\/fr\/wp-json\/wp\/v2\/types\/post"}],"author":[{"embeddable":true,"href":"https:\/\/www.europesays.com\/fr\/wp-json\/wp\/v2\/users\/2"}],"replies":[{"embeddable":true,"href":"https:\/\/www.europesays.com\/fr\/wp-json\/wp\/v2\/comments?post=553726"}],"version-history":[{"count":0,"href":"https:\/\/www.europesays.com\/fr\/wp-json\/wp\/v2\/posts\/553726\/revisions"}],"wp:featuredmedia":[{"embeddable":true,"href":"https:\/\/www.europesays.com\/fr\/wp-json\/wp\/v2\/media\/553727"}],"wp:attachment":[{"href":"https:\/\/www.europesays.com\/fr\/wp-json\/wp\/v2\/media?parent=553726"}],"wp:term":[{"taxonomy":"category","embeddable":true,"href":"https:\/\/www.europesays.com\/fr\/wp-json\/wp\/v2\/categories?post=553726"},{"taxonomy":"post_tag","embeddable":true,"href":"https:\/\/www.europesays.com\/fr\/wp-json\/wp\/v2\/tags?post=553726"}],"curies":[{"name":"wp","href":"https:\/\/api.w.org\/{rel}","templated":true}]}}