{"id":553732,"date":"2025-11-23T16:51:12","date_gmt":"2025-11-23T16:51:12","guid":{"rendered":"https:\/\/www.europesays.com\/fr\/553732\/"},"modified":"2025-11-23T16:51:12","modified_gmt":"2025-11-23T16:51:12","slug":"ratp-et-sncf-les-perturbations-attendues-dans-les-transports-a-paris-et-en-ile-de-france-cette-semaine-27","status":"publish","type":"post","link":"https:\/\/www.europesays.com\/fr\/553732\/","title":{"rendered":"RATP et SNCF. Les perturbations attendues dans les transports \u00e0 Paris et en \u00cele-de-France cette semaine"},"content":{"rendered":"<p>                    Par<br \/>\n        <strong><br \/>\n            <a href=\"https:\/\/actu.fr\/auteur\/glenn-gillet\" title=\"Consulter tous les articles de Glenn Gillet\" target=\"_blank\" rel=\"noopener\">Glenn Gillet<\/a><br \/>\n                    <\/strong><\/p>\n<p>        Publi\u00e9 le<\/p>\n<p>            23 nov. 2025 \u00e0 17h00        <\/p>\n<p>Faut-il vous attendre \u00e0 un trafic modifi\u00e9 sur les lignes de <a href=\"https:\/\/actu.fr\/tag\/transport\" target=\"_blank\" rel=\"noopener\">transport<\/a> que vous comptez emprunter du lundi\u00a024 au dimanche 30\u00a0novembre 2025\u2009? De <strong>nombreuses<\/strong> <strong>perturbations<\/strong> sont \u00e0 pr\u00e9voir cette semaine en \u00cele-de-France, selon la <a href=\"https:\/\/actu.fr\/tag\/ratp\" target=\"_blank\" rel=\"noopener\">RATP<\/a> et la <a href=\"https:\/\/actu.fr\/tag\/sncf\" target=\"_blank\" rel=\"noopener\">SNCF<\/a>. M\u00e9tro, Transilien, RER\u2026 Voici le <strong>r\u00e9capitulatif des pr\u00e9visions<\/strong> recens\u00e9es par actu Paris.<\/p>\n<p>M\u00e9tro<\/p>\n<p class=\" wall-content\"><strong>Ligne 1<\/strong>\u2009: jusqu\u2019au 4\u00a0janvier, le week-end de 16h \u00e0 23h45, les acc\u00e8s \u00e0 la station Tuileries sont ferm\u00e9s en raison du march\u00e9 de No\u00ebl.<\/p>\n<p class=\" wall-content\"><strong>Ligne 13<\/strong>\u2009: du 26\u00a0novembre au 30\u00a0novembre, l\u2019arr\u00eat ne sera pas desservi \u00e0 Varenne en raison de travaux de modernisation<\/p>\n<p>RER<\/p>\n<p class=\" wall-content\"><strong>RER A<\/strong>\u2009: jusqu\u2019au 19\u00a0d\u00e9cembre, du lundi au vendredi d\u00e8s 21h50, le trafic est interrompu entre Cergy \u2013 Le Haut et Maisons-Laffitte en raison de travaux. Jusqu\u2019au 13\u00a0d\u00e9cembre, du mardi au samedi jusqu\u2019\u00e0 5h10, le trafic est interrompu de Cergy \u2013 Le Haut \u00e0 Maisons-Laffitte en raison de travaux. Jusqu\u2019au 30\u00a0novembre, le week-end, les trains \u00e0 destination de Poissy desservent \u00e9galement Cergy \u2013 Le Haut (allongement du temps de parcours entre Ach\u00e8res \u2013 Ville et Cergy \u2013 Le Haut) en raison de travaux d\u2019entretien.<\/p>\n<p class=\" wall-content\"><strong>RER B<\/strong>\u2009: jusqu\u2019au 23\u00a0novembre, le week-end d\u00e8s 23h, le trafic est interrompu entre Aulnay-sous-Bois et A\u00e9roport Charles de Gaulle 2 \u2013 TGV en raison de travaux d\u2019entretien. Idem jusqu\u2019au 12\u00a0d\u00e9cembre, du lundi au vendredi d\u00e8s 22h45, entre Gare du Nord et A\u00e9roport Charles de Gaulle 2 \u2013 TGV \u2022 Mitry \u2013 Claye.<\/p>\n<p class=\" wall-content\"><strong>RER C<\/strong>\u2009: jusqu\u2019au 11\u00a0janvier, l\u2019arr\u00eat n\u2019est pas desservi \u00e0 Issy vers Dourdan la For\u00eat, Saint-Martin d\u2019\u00c9tampes et Massy \u2013 Palaiseau en raison de travaux. Les samedi\u00a029 et dimanche 30\u00a0novembre jusqu\u2019\u00e0 17h, le trafic est interrompu entre Invalides et Juvisy en raison de travaux sur le r\u00e9seau ferroviaire. Jusqu\u2019au 28\u00a0novembre, du lundi au vendredi d\u00e8s 23h30, le trafic est interrompu entre Saint-Martin d\u2019\u00c9tampes et Gare d\u2019Austerlitz, et entre Dourdan la For\u00eat et Gare d\u2019Austerlitz. Idem de Javel vers Saint-Quentin en Yvelines. Idem \u00e0 partir de 23h entre Paris Austerlitz et Juvisy via Choisy le Roi, entre Pont de Rungis A\u00e9roport d\u2019Orly et Gare d\u2019Austerlitz et entre Avenue Henri Martin et Pontoise. Jusqu\u2019au 30\u00a0novembre, le dimanche d\u00e8s 23h45, le trafic est interrompu entre Saint-Martin d\u2019\u00c9tampes et Gare d\u2019Austerlitz, et entre Dourdan la For\u00eat et Gare d\u2019Austerlitz.<\/p>\n<p class=\" wall-content\"><strong>RER D<\/strong>\u2009: du mercredi\u00a026 au vendredi 28\u00a0novembre, les gares de Maisons-Alfort et Le Vert de Maisons ne sont pas desservies de Paris vers Villeneuve de 10h40 \u00e0 12h35. Du lundi\u00a024 au vendredi 28\u00a0novembre, le trafic est interrompu de 10h11 \u00e0 14h23 entre Corbeil-Essonnes et Malesherbes. Un service de bus de remplacement est mis en place, avec desserte des gares interm\u00e9diaires. Le samedi\u00a029 et dimanche 30\u00a0novembre, le trafic est interrompu entre Paris Gare de Lyon et Creil De 22h50 \u00e0 8h50. Du samedi 15\u00a0novembre au dimanche 7\u00a0d\u00e9cembre, les week-ends, le trafic est interrompu entre Combs-la-Ville \u2013 Quincy et Melun. Jusqu\u2019au 28\u00a0novembre, du lundi au vendredi d\u00e8s 23h35, le trafic est interrompu entre Combs-la-Ville \u2013 Quincy et Melun. Jusqu\u2019au 14\u00a0d\u00e9cembre, du lundi au vendredi \u00e0 partir de 23h20, le trafic est interrompu entre Gare du Nord et Creil en raison de travaux. En semaine jusqu\u2019au 28\u00a0novembre, de 23h15 \u00e0 4h40, le trafic est interrompu entre Paris Gare de Lyon et Paris Gare du Nord. Jusqu\u2019au vendredi 28\u00a0novembre, le trafic est interrompu en semaine \u00e0 partir de 23h15 entre Villeneuve Saint Georges et Corbeil-Essonnes. Toujours jusqu\u2019au samedi 28\u00a0novembre, le trafic est interrompu en semaine de 23h35 et 4h entre Combs-la-Ville \u2013 Quincy et Melun. Jusqu\u2019au 12\u00a0d\u00e9cembre, en semaine \u00e0 partir de 22h30, les gares entre Paris Gare de Lyon et Villeneuve Saint-Georges ne sont pas desservies. Jusqu\u2019au 28\u00a0novembre, en semaine \u00e0 partir de 23h35, le trafic est interrompu entre Paris Gare du Nord et Creil. Idem \u00e0 partir de 21h entre Orry la Ville et Goussainville.<\/p>\n<p>Votre r\u00e9gion, votre actu !<\/p>\n<p>Recevez chaque jour les infos qui comptent pour vous.<\/p>\n<p>\t<a href=\"https:\/\/actu.fr\/newsletter\" class=\"ac-btn ac-btn--corner ac-btn--medium ac-btn--blue800\" target=\"_blank\" rel=\"noopener\">S&rsquo;incrire<\/a><\/p>\n<p class=\" wall-content\"><strong>RER E<\/strong>\u2009: le samedi 29\u00a0novembre, le trafic est interrompu entre Nanterre-La-Folie et Villiers-sur-Marne \/ Tournan en raison de travaux. Du 24\u00a0novembre au 12\u00a0d\u00e9cembre, en semaine d\u00e8s 20h55 le trafic est interrompu entre Nanterre \u2013 La Folie et Tournan.<\/p>\n<p>Transilien<\/p>\n<p class=\" wall-content\"><strong>Ligne J<\/strong>\u2009: le samedi\u00a029 et la dimanche 30\u00a0novembre, le trafic est interrompu toute la journ\u00e9e entre Issou Porcheville et Mantes la Jolie ainsi qu\u2019entre Les Mureaux et Mantes la Jolie. Idem entre Gare Saint-Lazare et Vernon \u2013 Giverny. Jusqu\u2019au 5\u00a0d\u00e9cembre, en semaine, le trafic est interrompu \u00e0 partir de 22h50 entre Argenteuil et Ermont Eaubonne. Jusqu\u2019au 12\u00a0d\u00e9cembre, les deux derniers trains au d\u00e9part de Paris Saint-Lazare et \u00e0 destination de Mantes la Jolie via Conflans Sainte-Honorine sont terminus en gare de Issou Porcheville<\/p>\n<p class=\" wall-content\"><strong>Ligne K<\/strong>\u2009: le samedi\u00a029 et le dimanche 30\u00a0novembre, le trafic est interrompu toute la journ\u00e9e entre Gare du Nord et Mitry \u2013 Claye. Jusqu\u2019au samedi 20\u00a0d\u00e9cembre, le trafic est interrompu entre \u00e0 partir de 20h entre Gare du Nord et Cr\u00e9py-en-Valois.<\/p>\n<p class=\" wall-content\"><strong>Ligne L<\/strong>\u2009: le samedi\u00a029 et dimanche 30\u00a0novembre, le trafic est interrompu toute la journ\u00e9e entre B\u00e9con les Bruy\u00e8res et Nanterre Universit\u00e9 et entre B\u00e9con les Bruy\u00e8res et Maisons-Laffitte. Idem entre Saint-Cloud et Versailles Rive Droite. Le trafic est interrompu entre La D\u00e9fense et Versailles Rive Droite \/ Saint-Nom la Bret\u00e8che partir de 22h55 samedi 29\u00a0novembre et jusqu\u2019\u00e0 6h30 le dimanche.<\/p>\n<p class=\" wall-content\"><strong>Ligne N<\/strong>\u2009: jusqu\u2019au vendredi 28\u00a0novembre, le trafic est interrompu de Paris Montparnasse vers Mantes-la-Jolie \u00e0 partir de 20h50. Le samedi 29\u00a0novembre, le trafic est interrompu de Plaisir \u2013 Grignon vers Paris Montparnasse \u00e0 partir de 22h. Le dimanche 30\u00a0novembre, le trafic est interrompu entre Paris Montparnasse et Plaisir \u2013 Grignon \u00ab\u2009en fin de nuit\u2009\u00bb.<\/p>\n<p class=\" wall-content\"><strong>Ligne P<\/strong>\u2009: samedi\u00a029 et dimanche 30\u00a0novembre, le trafic est interrompu toute la journ\u00e9e entre Meaux et La Fert\u00e9 \u2013 Milon. Samedi 29\u00a0novembre, le trafic est interrompu toute la journ\u00e9e entre Gare de l\u2019Est et Ch\u00e2teau-Thierry. Dimanche 30\u00a0novembre, le trafic est interrompu jusqu\u2019\u00e0 16h entre Paris Est et Meaux et entre Paris Est et Ch\u00e2teau-Thierry. Jusqu\u2019au 19\u00a0d\u00e9cembre, le trafic est interrompu en semaine \u00e0 partir de 22h entre Paris Est et Ch\u00e2teau-Thierry. Idem \u00e0 partir de 21h30 entre Pari Est et Coulommiers. Idem \u00e0 partir de 20h45 entre Paris Est et Provins.<\/p>\n<p class=\" wall-content\"><strong>Ligne R<\/strong>\u2009: jusqu\u2019au 12\u00a0d\u00e9cembre en semaine entre 23h et 5h20, le trafic est interrompu entre Gare de Lyon et Montargis. Jusqu\u2019au 30\u00a0novembre, les trains de la ligne R sont directs Corbeil-Essonnes et les trains \u00e0 destination de Montereau sont direct Champagne sur Seine.<\/p>\n<p class=\" wall-content\"><strong>Ligne U<\/strong>\u2009: samedi\u00a029 et dimanche 30\u00a0novembre, le trafic est interrompu toute la journ\u00e9e entre La D\u00e9fense et La Verri\u00e8re.<\/p>\n<p class=\" wall-content\"><strong>Ligne V<\/strong>\u2009: dimanche 30\u00a0novembre, le trafic est interrompu entre Massy-Palaiseau et Versailles Chantiers \u00e0 partir de 22h30.<\/p>\n<p class=\" wall-content\">Personnalisez votre actualit\u00e9 en ajoutant vos villes et m\u00e9dias en favori avec <a href=\"https:\/\/moncompte.actu.fr\" title=\"D\u00e9couvez Mon Actu\" rel=\"nofollow noopener\" data-trk=\"{&quot;cta&quot;:{&quot;action&quot;:&quot;https:\\\/\\\/moncompte.actu.fr&quot;,&quot;category&quot;:&quot;mon compte&quot;,&quot;from&quot;:&quot;article footer&quot;,&quot;name&quot;:&quot;Mon actu&quot;,&quot;type&quot;:&quot;cta&quot;}}\" target=\"_blank\">Mon Actu<\/a>.<\/p>\n","protected":false},"excerpt":{"rendered":"Par Glenn Gillet Publi\u00e9 le 23 nov. 2025 \u00e0 17h00 Faut-il vous attendre \u00e0 un trafic modifi\u00e9 sur&hellip;\n","protected":false},"author":2,"featured_media":553733,"comment_status":"","ping_status":"","sticky":false,"template":"","format":"standard","meta":{"footnotes":""},"categories":[1888],"tags":[11,1777,674,1011,27,12,626,625,25,2215,104,2803],"class_list":{"0":"post-553732","1":"post","2":"type-post","3":"status-publish","4":"format-standard","5":"has-post-thumbnail","7":"category-paris","8":"tag-actualites","9":"tag-eu","10":"tag-europe","11":"tag-fr","12":"tag-france","13":"tag-news","14":"tag-paris","15":"tag-ratp","16":"tag-republique-francaise","17":"tag-sncf","18":"tag-societe","19":"tag-transport"},"share_on_mastodon":{"url":"https:\/\/pubeurope.com\/@fr\/115600050563730463","error":""},"_links":{"self":[{"href":"https:\/\/www.europesays.com\/fr\/wp-json\/wp\/v2\/posts\/553732","targetHints":{"allow":["GET"]}}],"collection":[{"href":"https:\/\/www.europesays.com\/fr\/wp-json\/wp\/v2\/posts"}],"about":[{"href":"https:\/\/www.europesays.com\/fr\/wp-json\/wp\/v2\/types\/post"}],"author":[{"embeddable":true,"href":"https:\/\/www.europesays.com\/fr\/wp-json\/wp\/v2\/users\/2"}],"replies":[{"embeddable":true,"href":"https:\/\/www.europesays.com\/fr\/wp-json\/wp\/v2\/comments?post=553732"}],"version-history":[{"count":0,"href":"https:\/\/www.europesays.com\/fr\/wp-json\/wp\/v2\/posts\/553732\/revisions"}],"wp:featuredmedia":[{"embeddable":true,"href":"https:\/\/www.europesays.com\/fr\/wp-json\/wp\/v2\/media\/553733"}],"wp:attachment":[{"href":"https:\/\/www.europesays.com\/fr\/wp-json\/wp\/v2\/media?parent=553732"}],"wp:term":[{"taxonomy":"category","embeddable":true,"href":"https:\/\/www.europesays.com\/fr\/wp-json\/wp\/v2\/categories?post=553732"},{"taxonomy":"post_tag","embeddable":true,"href":"https:\/\/www.europesays.com\/fr\/wp-json\/wp\/v2\/tags?post=553732"}],"curies":[{"name":"wp","href":"https:\/\/api.w.org\/{rel}","templated":true}]}}