{"id":553734,"date":"2025-11-23T16:52:19","date_gmt":"2025-11-23T16:52:19","guid":{"rendered":"https:\/\/www.europesays.com\/fr\/553734\/"},"modified":"2025-11-23T16:52:19","modified_gmt":"2025-11-23T16:52:19","slug":"lambassadeur-de-russie-en-visite-a-lile-doleron-lundi","status":"publish","type":"post","link":"https:\/\/www.europesays.com\/fr\/553734\/","title":{"rendered":"L\u2019ambassadeur de Russie en visite \u00e0 l\u2019\u00eele d\u2019Ol\u00e9ron lundi"},"content":{"rendered":"<p>Une visite \u00e0 bas bruit qui fait parler. L\u2019ambassadeur de <a href=\"https:\/\/www.20minutes.fr\/monde\/russie\/\" class=\"c-link c-link--is-underlined\" target=\"_blank\" rel=\"noopener\">Russie<\/a> en France, Alexe\u00ef Mechkov, doit se rendre sur l\u2019<a href=\"https:\/\/www.20minutes.fr\/dossier\/ile_d_oleron\" class=\"c-link c-link--is-underlined\" target=\"_blank\" rel=\"noopener\">\u00eele d\u2019Ol\u00e9ron<\/a> (<a href=\"https:\/\/www.20minutes.fr\/dossier\/charente-maritime\" class=\"c-link c-link--is-underlined\" target=\"_blank\" rel=\"noopener\">Charente-Maritime<\/a>) pour d\u00e9poser des fleurs sur les tombes de quatre soldats sovi\u00e9tiques tomb\u00e9s lors de la lib\u00e9ration de l\u2019\u00eele en\u00a01944, <a href=\"https:\/\/www.franceinfo.fr\/monde\/russie\/l-ambassadeur-de-russie-en-visite-sur-l-ile-d-oleron-ce-lundi-la-prefecture-assure-qu-il-n-y-aura-aucun-accueil-protocolaire_7635068.html\" target=\"_blank\" class=\"c-link c-link--is-underlined\" rel=\"noopener\">rapportent France Info et Ici La\u00a0Rochelle<\/a>. Selon le pr\u00e9fet, aucune demande d\u2019appui n\u2019a \u00e9t\u00e9 formul\u00e9e par la diplomatie russe et aucun accueil protocolaire n\u2019est pr\u00e9vu. Les autorit\u00e9s assureront toutefois sa s\u00e9curit\u00e9, dans un contexte diplomatique tendu. La visite devrait durer moins de vingt minutes en tout. Moscou parle d\u2019une simple d\u00e9marche m\u00e9morielle. Les tombes des soldats honor\u00e9s ont r\u00e9cemment \u00e9t\u00e9 restaur\u00e9es &#8211; aux frais de la Russie.<\/p>\n<p>Cette venue suscite la col\u00e8re de l\u2019association Ol\u00e9ron pour l\u2019<a href=\"https:\/\/www.20minutes.fr\/monde\/ukraine\/\" class=\"c-link c-link--is-underlined\" target=\"_blank\" rel=\"noopener\">Ukraine<\/a>, qui appelle \u00e0 manifester \u00e0 distance du cimeti\u00e8re. Sa cofondatrice, Olga Gaillard Bazilenko, d\u00e9nonce une r\u00e9cup\u00e9ration historique au micro de Radio France. \u00ab\u00a0Il dit que ces soldats sont russes et que c\u2019est gr\u00e2ce \u00e0 eux que la Seconde Guerre mondiale a \u00e9t\u00e9 gagn\u00e9e, mais ce n\u2019est pas la v\u00e9rit\u00e9, regrette-t-elle. Parmi les soldats enterr\u00e9s ici, il y a un Bi\u00e9lorusse et un Ukrainien.\u00a0\u00bb Le maire de Saint-Pierre-d\u2019Ol\u00e9ron, Christophe Sueur, dit, lui, avoir re\u00e7u une invitation \u00ab\u00a0non conventionnelle\u00a0\u00bb et \u00ab\u00a0truff\u00e9e de fautes\u00a0\u00bb pour se rendre \u00e0 l\u2019\u00e9v\u00e9nement. Il a d\u00e9clin\u00e9 et autoris\u00e9 la manifestation.<\/p>\n","protected":false},"excerpt":{"rendered":"Une visite \u00e0 bas bruit qui fait parler. L\u2019ambassadeur de Russie en France, Alexe\u00ef Mechkov, doit se rendre&hellip;\n","protected":false},"author":2,"featured_media":553735,"comment_status":"","ping_status":"","sticky":false,"template":"","format":"standard","meta":{"footnotes":""},"categories":[1591],"tags":[47,11,2218,1887,67084,74,12,2219,2220,8013,1885,1886,132,935],"class_list":{"0":"post-553734","1":"post","2":"type-post","3":"status-publish","4":"format-standard","5":"has-post-thumbnail","7":"category-russie","8":"tag-actualite","9":"tag-actualites","10":"tag-charente-maritime","11":"tag-federation-de-russie","12":"tag-ile-doleron","13":"tag-monde","14":"tag-news","15":"tag-nouvelle-aquitaine","16":"tag-poitou-charentes","17":"tag-russe","18":"tag-russia","19":"tag-russian-federation","20":"tag-russie","21":"tag-seconde-guerre-mondiale"},"share_on_mastodon":{"url":"https:\/\/pubeurope.com\/@fr\/115600054406703577","error":""},"_links":{"self":[{"href":"https:\/\/www.europesays.com\/fr\/wp-json\/wp\/v2\/posts\/553734","targetHints":{"allow":["GET"]}}],"collection":[{"href":"https:\/\/www.europesays.com\/fr\/wp-json\/wp\/v2\/posts"}],"about":[{"href":"https:\/\/www.europesays.com\/fr\/wp-json\/wp\/v2\/types\/post"}],"author":[{"embeddable":true,"href":"https:\/\/www.europesays.com\/fr\/wp-json\/wp\/v2\/users\/2"}],"replies":[{"embeddable":true,"href":"https:\/\/www.europesays.com\/fr\/wp-json\/wp\/v2\/comments?post=553734"}],"version-history":[{"count":0,"href":"https:\/\/www.europesays.com\/fr\/wp-json\/wp\/v2\/posts\/553734\/revisions"}],"wp:featuredmedia":[{"embeddable":true,"href":"https:\/\/www.europesays.com\/fr\/wp-json\/wp\/v2\/media\/553735"}],"wp:attachment":[{"href":"https:\/\/www.europesays.com\/fr\/wp-json\/wp\/v2\/media?parent=553734"}],"wp:term":[{"taxonomy":"category","embeddable":true,"href":"https:\/\/www.europesays.com\/fr\/wp-json\/wp\/v2\/categories?post=553734"},{"taxonomy":"post_tag","embeddable":true,"href":"https:\/\/www.europesays.com\/fr\/wp-json\/wp\/v2\/tags?post=553734"}],"curies":[{"name":"wp","href":"https:\/\/api.w.org\/{rel}","templated":true}]}}