{"id":553736,"date":"2025-11-23T16:53:20","date_gmt":"2025-11-23T16:53:20","guid":{"rendered":"https:\/\/www.europesays.com\/fr\/553736\/"},"modified":"2025-11-23T16:53:20","modified_gmt":"2025-11-23T16:53:20","slug":"plan-americain-pour-lukraine-kiev-salue-des-avancees","status":"publish","type":"post","link":"https:\/\/www.europesays.com\/fr\/553736\/","title":{"rendered":"Plan am\u00e9ricain pour l\u2019Ukraine\u00a0: Kiev salue des avanc\u00e9es"},"content":{"rendered":"<p><strong\/>Le nouveau plan am\u00e9ricain visant \u00e0 mettre fin \u00e0 la guerre en Ukraine semble davantage int\u00e9grer les demandes de Kiev, selon l\u2019un des membres de la d\u00e9l\u00e9gation ukrainienne aux pourparlers de Gen\u00e8ve. \u00ab\u00a0La version actuelle du document, bien qu\u2019elle en soit encore aux derni\u00e8res \u00e9tapes de son approbation, refl\u00e8te d\u00e9j\u00e0 la plupart des priorit\u00e9s cl\u00e9s de l\u2019Ukraine\u00a0\u00bb, a d\u00e9clar\u00e9 dimanche sur Facebook Roustem Oumerov, secr\u00e9taire du Conseil de s\u00e9curit\u00e9 ukrainien, qualifiant de \u00ab\u00a0constructive\u00a0\u00bb la coop\u00e9ration avec Washington.<\/p>\n<p>Peu auparavant, le pr\u00e9sident ukrainien Volodymyr Zelensky avait assur\u00e9 que \u00ab\u00a0les propositions am\u00e9ricaines pourraient inclure des \u00e9l\u00e9ments essentiels pour les int\u00e9r\u00eats nationaux de l\u2019Ukraine\u00a0\u00bb. Il salue la relance du dialogue diplomatique \u00ab\u00a0\u00e0 ce stade sans la participation de la Russie\u00a0\u00bb, tout en poursuivant les discussions pour rendre le texte \u00ab\u00a0v\u00e9ritablement efficace pour mettre fin au bain de sang\u00a0\u00bb.<\/p>\n<p>Le plan propos\u00e9 par les \u00c9tats-Unis pour l&rsquo;Ukraine avait \u00e9t\u00e9 repouss\u00e9 vendredi par Volodymyr Zelensky, qui avait promis des \u00ab\u00a0alternatives\u00a0\u00bb \u00e0 Washington. Son homologue russe Vladimir Poutine avait lui jug\u00e9 que le texte am\u00e9ricain pouvait \u00ab\u00a0servir de base \u00e0 un r\u00e8glement d\u00e9finitif\u00a0\u00bb du conflit, pressant Kiev \u00e0 n\u00e9gocier.<\/p>\n<p><strong>Trump fustige Ukrainiens et Europ\u00e9ens<\/strong>&#13;\n<\/p>\n<p>\u00c0 Washington, le pr\u00e9sident am\u00e9ricain adopte un ton tr\u00e8s diff\u00e9rent. Dans un message publi\u00e9 sur Truth Social, Donald Trump accuse les dirigeants ukrainiens de ne montrer \u00ab\u00a0aucune gratitude\u00a0\u00bb alors que son administration tente d\u2019imposer un accord contest\u00e9 \u00e0 Kiev. Il fustige \u00e9galement les Europ\u00e9ens \u00ab\u00a0qui continuent d\u2019acheter du p\u00e9trole \u00e0 la Russie\u00a0\u00bb et attaque Joe Biden, qu\u2019il accuse d\u2019inaction au d\u00e9but de l\u2019invasion. \u00ab\u00a0J\u2019ai h\u00e9rit\u00e9 d\u2019une guerre qui n\u2019aurait jamais d\u00fb arriver\u00a0\u00bb, \u00e9crit-il, d\u00e9fendant sa strat\u00e9gie comme un \u00ab\u00a0cadre pour des n\u00e9gociations\u00a0\u00bb.<\/p>\n<p>\u00c0 Johannesburg, lors du sommet du G20, le chancelier allemand Friedrich Merz se montre prudent. \u00ab\u00a0Je ne suis pas encore convaincu que les solutions souhait\u00e9es par le pr\u00e9sident Trump seront trouv\u00e9es dans les prochains jours\u00a0\u00bb, a-t-il pr\u00e9venu, doutant de la possibilit\u00e9 de finaliser un accord d\u2019ici jeudi, la date butoir fix\u00e9e par Washington. \u00ab\u00a0Nous en sommes encore loin compte tenu des divergences actuelles\u00a0\u00bb, a-t-il insist\u00e9.<\/p>\n<p>Le dirigeant allemand dit avoir formul\u00e9 une proposition visant \u00e0 \u00ab\u00a0trouver au moins un premier point d\u2019accord\u00a0\u00bb, aujourd\u2019hui en discussion \u00e0 Gen\u00e8ve. Il juge toutefois impossible une r\u00e9int\u00e9gration rapide de la Russie au sein du G8\u00a0: \u00ab\u00a0Pour l\u2019instant, je ne vois aucune volont\u00e9 de r\u00e9admettre la Russie dans ce cercle\u00a0\u00bb.<\/p>\n","protected":false},"excerpt":{"rendered":"Le nouveau plan am\u00e9ricain visant \u00e0 mettre fin \u00e0 la guerre en Ukraine semble davantage int\u00e9grer les demandes&hellip;\n","protected":false},"author":2,"featured_media":553737,"comment_status":"","ping_status":"","sticky":false,"template":"","format":"standard","meta":{"footnotes":""},"categories":[1590],"tags":[17,11,7204,67085,33,1777,674,11229,5493,12,5355,39938,220],"class_list":{"0":"post-553736","1":"post","2":"type-post","3":"status-publish","4":"format-standard","5":"has-post-thumbnail","7":"category-ukraine","8":"tag-17","9":"tag-actualites","10":"tag-americain","11":"tag-avancees","12":"tag-economie","13":"tag-eu","14":"tag-europe","15":"tag-kiev","16":"tag-lukraine","17":"tag-news","18":"tag-plan","19":"tag-salue","20":"tag-ukraine"},"share_on_mastodon":{"url":"https:\/\/pubeurope.com\/@fr\/115600058391894796","error":""},"_links":{"self":[{"href":"https:\/\/www.europesays.com\/fr\/wp-json\/wp\/v2\/posts\/553736","targetHints":{"allow":["GET"]}}],"collection":[{"href":"https:\/\/www.europesays.com\/fr\/wp-json\/wp\/v2\/posts"}],"about":[{"href":"https:\/\/www.europesays.com\/fr\/wp-json\/wp\/v2\/types\/post"}],"author":[{"embeddable":true,"href":"https:\/\/www.europesays.com\/fr\/wp-json\/wp\/v2\/users\/2"}],"replies":[{"embeddable":true,"href":"https:\/\/www.europesays.com\/fr\/wp-json\/wp\/v2\/comments?post=553736"}],"version-history":[{"count":0,"href":"https:\/\/www.europesays.com\/fr\/wp-json\/wp\/v2\/posts\/553736\/revisions"}],"wp:featuredmedia":[{"embeddable":true,"href":"https:\/\/www.europesays.com\/fr\/wp-json\/wp\/v2\/media\/553737"}],"wp:attachment":[{"href":"https:\/\/www.europesays.com\/fr\/wp-json\/wp\/v2\/media?parent=553736"}],"wp:term":[{"taxonomy":"category","embeddable":true,"href":"https:\/\/www.europesays.com\/fr\/wp-json\/wp\/v2\/categories?post=553736"},{"taxonomy":"post_tag","embeddable":true,"href":"https:\/\/www.europesays.com\/fr\/wp-json\/wp\/v2\/tags?post=553736"}],"curies":[{"name":"wp","href":"https:\/\/api.w.org\/{rel}","templated":true}]}}