{"id":553740,"date":"2025-11-23T16:55:15","date_gmt":"2025-11-23T16:55:15","guid":{"rendered":"https:\/\/www.europesays.com\/fr\/553740\/"},"modified":"2025-11-23T16:55:15","modified_gmt":"2025-11-23T16:55:15","slug":"surnommee-terminator-shabana-mahmood-la-ministre-travailliste-britannique-qui-sattaque-a-limmigration","status":"publish","type":"post","link":"https:\/\/www.europesays.com\/fr\/553740\/","title":{"rendered":"Surnomm\u00e9e \u00ab\u00a0Terminator\u00a0\u00bb, Shabana Mahmood, la ministre travailliste britannique qui\u00a0s\u2019attaque \u00e0 l\u2019immigration"},"content":{"rendered":"<p>Le magazine The Spectator l\u2019a surnomm\u00e9e \u00ab\u00a0Terminator\u00a0\u00bb. Pour la t\u00e9l\u00e9vision Sky News, elle est \u00ab\u00a0la nouvelle femme forte de la politique britannique\u00a0\u00bb. \u00ab\u00a0Vous n\u2019aimerez pas toujours ce que je fais\u00a0\u00bb, avait pr\u00e9venu la quadrag\u00e9naire, lors de la conf\u00e9rence annuelle du parti travailliste, en septembre, peu apr\u00e8s sa nomination comme ministre de l\u2019Int\u00e9rieur.<\/p>\n<p>\u00ab\u00a0R\u00e9tablir l\u2019ordre et le contr\u00f4le\u00a0\u00bb aux fronti\u00e8res<\/p>\n<p>Cette ancienne avocate a d\u00e9voil\u00e9, il y a quelques jours, une vaste r\u00e9forme pour durcir la politique d\u2019asile du Royaume-Uni\u00a0: le statut de r\u00e9fugi\u00e9 va devenir temporaire, le soutien financier aux demandeurs d\u2019asile ne sera plus automatique.<\/p>\n<p>Face aux niveaux records de l\u2019immigration irr\u00e9guli\u00e8re qui \u00ab\u00a0d\u00e9chirent\u00a0\u00bb le Royaume-Uni, ces mesures contribueront \u00e0 \u00ab\u00a0r\u00e9tablir l\u2019ordre et le contr\u00f4le\u00a0\u00bb aux fronti\u00e8res du pays, a-t-elle affirm\u00e9.<\/p>\n<p>Shabana Mahmood balaie d\u2019un revers de main les accusations des d\u00e9put\u00e9s de gauche affirmant qu\u2019elle \u00ab\u00a0attise les divisions\u00a0\u00bb. Des propos de gens privil\u00e9gi\u00e9s, selon elle.<\/p>\n<p>La mont\u00e9e de l\u2019extr\u00eame droite, en partie due \u00e0 l\u2019incapacit\u00e9 \u00e0 stopper l\u2019arriv\u00e9e de migrants qui traversent la Manche dans des embarcations de fortune, est une menace pour les personnes de couleur, met-elle en avant.<\/p>\n<p>\u00ab\u00a0Malheureusement, c\u2019est moi qu\u2019on traite r\u00e9guli\u00e8rement de F****** P*** et \u00e0 qui on dit de rentrer chez moi\u00a0\u00bb, a-t-elle d\u00e9clar\u00e9 crument devant le Parlement, citant une insulte raciste souvent utilis\u00e9e \u00e0 l\u2019encontre des personnes d\u2019origine pakistanaise, quitte \u00e0 choquer ses coll\u00e8gues d\u00e9put\u00e9s.<\/p>\n<blockquote><p>C\u2019est moi qui sais, par mon exp\u00e9rience personnelle et celle de mes \u00e9lecteurs, \u00e0 quel point la question de l\u2019asile est devenue clivante dans notre pays.<\/p><\/blockquote>\n<p>\u00ab\u00a0C\u2019est moi qui sais, par mon exp\u00e9rience personnelle et celle de mes \u00e9lecteurs, \u00e0 quel point la question de l\u2019asile est devenue clivante dans notre pays\u00a0\u00bb, a-t-elle ajout\u00e9.<\/p>\n<p>Shabana Mahmood est n\u00e9e en septembre 1980 de parents originaires du Cachemire. Elle a grandi dans la ville de Birmingham, au centre de l\u2019Angleterre, qui compte une importante communaut\u00e9 originaire d\u2019Asie du Sud.<\/p>\n<p>Tr\u00e8s t\u00f4t, elle est initi\u00e9e \u00e0 la politique\u00a0: son p\u00e8re militait \u00e0 la section locale du Parti travailliste et \u00e9changeait r\u00e9guli\u00e8rement avec un groupe de membres du parti dans la maison familiale.<\/p>\n<p>\u00ab\u00a0Shabana leur disait quoi faire\u00a0\u00bb, a racont\u00e9 au Guardian Tom Watson, ancien chef adjoint du Labour, qui faisait partie du groupe. \u00ab\u00a0Elle savait rep\u00e9rer un probl\u00e8me et le r\u00e9soudre d\u00e8s son plus jeune \u00e2ge.\u00a0\u00bb<\/p>\n<p>L\u2019islam, \u00ab\u00a0le c\u0153ur absolu de (sa) vie\u00a0\u00bb<\/p>\n<p>Elle a souvent racont\u00e9 que, lorsqu\u2019elle \u00e9tait enfant, ses parents gardaient une batte de cricket derri\u00e8re le comptoir de la boutique familiale pour chasser d\u2019\u00e9ventuels voleurs.<\/p>\n<p>\u00ab\u00a0Cela lui a donn\u00e9 conscience du sentiment d\u2019ins\u00e9curit\u00e9 que vivent quotidiennement des gens dans le pays\u00a0\u00bb, a confi\u00e9 une personne proche de Shabana Mahmood, sous couvert d\u2019anonymat.<\/p>\n<p>Apr\u00e8s avoir \u00e9tudi\u00e9 le droit \u00e0 Oxford, elle est devenue, en 2010, l\u2019une des premi\u00e8res femmes musulmanes d\u00e9put\u00e9es au Royaume-Uni.<\/p>\n<p>Elle a d\u00e9crit l\u2019islam comme \u00ab\u00a0le c\u0153ur absolu de (sa) vie\u00a0\u00bb. \u00ab\u00a0C\u2019est l\u00e0 que je puise mon sens du devoir et du service public\u00a0\u00bb, a-t-elle dit \u00e0 The Spectator.<\/p>\n<p>Quand les travaillistes \u00e9taient dans l\u2019opposition, entre 2010 et 2024, elle a occup\u00e9 diverses responsabilit\u00e9s, mais elle a refus\u00e9 de faire partie de l\u2019\u00e9quipe dirigeante de l\u2019ancien leader Jeremy Corbyn, issu de l\u2019aile gauche du parti.<\/p>\n<p>Situ\u00e9e \u00e0 la droite du Labour, elle est devenue ministre de la Justice apr\u00e8s le retour des travaillistes au pouvoir, l\u2019\u00e9t\u00e9 dernier.<\/p>\n<p>Future Premi\u00e8re ministre\u00a0?<\/p>\n<p>Son nom revient souvent parmi les \u00e9ventuels successeurs du Premier ministre, Keir Starmer.<\/p>\n<p>Pour Jonathan Hinder, membre du groupe Blue Labour, socialement conservateur, les r\u00e9formes \u00ab\u00a0audacieuses et radicales\u00a0\u00bb de Shabana Mahmood en mati\u00e8re d\u2019asile peuvent contribuer \u00e0 \u00ab\u00a0neutraliser\u00a0\u00bb la mont\u00e9e du soutien au parti anti-immigration Reform UK de Nigel Farage.<\/p>\n<p>Mais, pour Clive Lewis, d\u00e9put\u00e9 travailliste \u00e0 la gauche du parti, elle a, au contraire, adopt\u00e9 \u00ab\u00a0une posture politique d\u00e9sesp\u00e9r\u00e9e\u00a0\u00bb et fait preuve d\u2019une \u00ab\u00a0cruaut\u00e9 ostentatoire\u00a0\u00bb.<\/p>\n<p>Shabana Mahmood, de son c\u00f4t\u00e9, se veut lucide.<\/p>\n<p>\u00ab\u00a0Des forces obscures attisent la col\u00e8re dans ce pays et cherchent \u00e0 la transformer en haine\u00a0\u00bb, a-t-elle \u00e9crit, cette semaine, dans The Guardian, en r\u00e9f\u00e9rence \u00e0 l\u2019extr\u00eame droite. \u00ab\u00a0Nous devons saisir l\u2019occasion qui nous est offerte d\u2019emp\u00eacher que cela se produise.\u00a0\u00bb<\/p>\n","protected":false},"excerpt":{"rendered":"Le magazine The Spectator l\u2019a surnomm\u00e9e \u00ab\u00a0Terminator\u00a0\u00bb. Pour la t\u00e9l\u00e9vision Sky News, elle est \u00ab\u00a0la nouvelle femme forte&hellip;\n","protected":false},"author":2,"featured_media":553741,"comment_status":"","ping_status":"","sticky":false,"template":"","format":"standard","meta":{"footnotes":""},"categories":[1588],"tags":[11,1777,674,3535,1061,74,12,316,473,1853,801,1851,1850,1852],"class_list":{"0":"post-553740","1":"post","2":"type-post","3":"status-publish","4":"format-standard","5":"has-post-thumbnail","7":"category-royaume-uni","8":"tag-actualites","9":"tag-eu","10":"tag-europe","11":"tag-geopolitique","12":"tag-immigration","13":"tag-monde","14":"tag-news","15":"tag-politique","16":"tag-royaume-uni","17":"tag-royaume-uni-de-grande-bretagne-et-dirlande-du-nord","18":"tag-social","19":"tag-uk","20":"tag-united-kingdom","21":"tag-united-kingdom-of-great-britain-and-northern-ireland"},"share_on_mastodon":{"url":"https:\/\/pubeurope.com\/@fr\/115600066298260306","error":""},"_links":{"self":[{"href":"https:\/\/www.europesays.com\/fr\/wp-json\/wp\/v2\/posts\/553740","targetHints":{"allow":["GET"]}}],"collection":[{"href":"https:\/\/www.europesays.com\/fr\/wp-json\/wp\/v2\/posts"}],"about":[{"href":"https:\/\/www.europesays.com\/fr\/wp-json\/wp\/v2\/types\/post"}],"author":[{"embeddable":true,"href":"https:\/\/www.europesays.com\/fr\/wp-json\/wp\/v2\/users\/2"}],"replies":[{"embeddable":true,"href":"https:\/\/www.europesays.com\/fr\/wp-json\/wp\/v2\/comments?post=553740"}],"version-history":[{"count":0,"href":"https:\/\/www.europesays.com\/fr\/wp-json\/wp\/v2\/posts\/553740\/revisions"}],"wp:featuredmedia":[{"embeddable":true,"href":"https:\/\/www.europesays.com\/fr\/wp-json\/wp\/v2\/media\/553741"}],"wp:attachment":[{"href":"https:\/\/www.europesays.com\/fr\/wp-json\/wp\/v2\/media?parent=553740"}],"wp:term":[{"taxonomy":"category","embeddable":true,"href":"https:\/\/www.europesays.com\/fr\/wp-json\/wp\/v2\/categories?post=553740"},{"taxonomy":"post_tag","embeddable":true,"href":"https:\/\/www.europesays.com\/fr\/wp-json\/wp\/v2\/tags?post=553740"}],"curies":[{"name":"wp","href":"https:\/\/api.w.org\/{rel}","templated":true}]}}