{"id":553742,"date":"2025-11-23T16:56:31","date_gmt":"2025-11-23T16:56:31","guid":{"rendered":"https:\/\/www.europesays.com\/fr\/553742\/"},"modified":"2025-11-23T16:56:31","modified_gmt":"2025-11-23T16:56:31","slug":"coupe-davis-le-message-pour-zverev-apres-la-defaite-de-lallemagne-tout-le-monde-sait-quil-a-ses-raisons-de-ne-pas-venir-parfois-et-cest-tout-a-fait-normal-mais-ce-serait-bien-quil-joue-dava","status":"publish","type":"post","link":"https:\/\/www.europesays.com\/fr\/553742\/","title":{"rendered":"Coupe Davis > Le message pour Zverev apr\u00e8s la d\u00e9faite de l&rsquo;Allemagne : \u00ab\u00a0Tout le monde sait qu&rsquo;il a ses raisons de ne pas venir parfois, et c&rsquo;est tout \u00e0 fait normal, mais ce serait bien qu&rsquo;il joue davantage\u00a0\u00bb"},"content":{"rendered":"<p>Si l\u2019Allemagne a \u00e9t\u00e9 battue par l\u2019Espagne en demi\u2010finales de la Coupe Davis \u00e0 Bologne, Alexander Zverev, lui, a fait le travail en domi\u00adnant Jaume Munar en deux\u00a0sets.\u00a0<\/p>\n<p>Ses co\u00e9qui\u00adpiers, \u00e0 l\u2019image du sp\u00e9cia\u00adliste du double Tim Puetz, aime\u00adraient toute\u00adfois pouvoir compter sur lui plus r\u00e9gu\u00adli\u00e8\u00adre\u00adment, tout en sachant que leur meilleur joueur demeure r\u00e9ti\u00adcent \u00e0 l\u2019\u00e9gard de la version moderne de la comp\u00e9tition.<\/p>\n<p><strong>\u00ab\u202fTout le monde sait que Zverev a ses raisons de jouer parfois et de ne pas jouer parfois. Et c\u2019est tout \u00e0 fait normal. Nous formons une excel\u00adlente \u00e9quipe dans son ensemble. Ce serait bien qu\u2019il joue davan\u00adtage\u202f\u00bb<\/strong>, a d\u00e9clar\u00e9 Puetz dans des propos relay\u00e9s par <a href=\"https:\/\/www.eurosport.de\/tennis\/davis-cup\/2025\/alexander-zverev-dtb-team-einsaetze-mehr-spielen_sto23243664\/story.shtml\" data-wpel-link=\"external\" target=\"_blank\" rel=\"nofollow external noopener\">Eurosport Allemagne<\/a>.<\/p>\n<p class=\"post-published-date\" style=\"color: silver; font-size: 75%; text-align: left;\">Publi\u00e9 le dimanche 23 novembre 2025 \u00e0 10:43<\/p>\n","protected":false},"excerpt":{"rendered":"Si l\u2019Allemagne a \u00e9t\u00e9 battue par l\u2019Espagne en demi\u2010finales de la Coupe Davis \u00e0 Bologne, Alexander Zverev, lui,&hellip;\n","protected":false},"author":2,"featured_media":553743,"comment_status":"","ping_status":"","sticky":false,"template":"","format":"standard","meta":{"footnotes":""},"categories":[1587],"tags":[11,672,1804,1805,1803,1777,674,1801,12,1802,4542],"class_list":{"0":"post-553742","1":"post","2":"type-post","3":"status-publish","4":"format-standard","5":"has-post-thumbnail","7":"category-allemagne","8":"tag-actualites","9":"tag-allemagne","10":"tag-bundesrepublik-deutschland","11":"tag-de","12":"tag-deutschland","13":"tag-eu","14":"tag-europe","15":"tag-germany","16":"tag-news","17":"tag-republique-federale-dallemagne","18":"tag-zverev"},"share_on_mastodon":{"url":"https:\/\/pubeurope.com\/@fr\/115600070109163273","error":""},"_links":{"self":[{"href":"https:\/\/www.europesays.com\/fr\/wp-json\/wp\/v2\/posts\/553742","targetHints":{"allow":["GET"]}}],"collection":[{"href":"https:\/\/www.europesays.com\/fr\/wp-json\/wp\/v2\/posts"}],"about":[{"href":"https:\/\/www.europesays.com\/fr\/wp-json\/wp\/v2\/types\/post"}],"author":[{"embeddable":true,"href":"https:\/\/www.europesays.com\/fr\/wp-json\/wp\/v2\/users\/2"}],"replies":[{"embeddable":true,"href":"https:\/\/www.europesays.com\/fr\/wp-json\/wp\/v2\/comments?post=553742"}],"version-history":[{"count":0,"href":"https:\/\/www.europesays.com\/fr\/wp-json\/wp\/v2\/posts\/553742\/revisions"}],"wp:featuredmedia":[{"embeddable":true,"href":"https:\/\/www.europesays.com\/fr\/wp-json\/wp\/v2\/media\/553743"}],"wp:attachment":[{"href":"https:\/\/www.europesays.com\/fr\/wp-json\/wp\/v2\/media?parent=553742"}],"wp:term":[{"taxonomy":"category","embeddable":true,"href":"https:\/\/www.europesays.com\/fr\/wp-json\/wp\/v2\/categories?post=553742"},{"taxonomy":"post_tag","embeddable":true,"href":"https:\/\/www.europesays.com\/fr\/wp-json\/wp\/v2\/tags?post=553742"}],"curies":[{"name":"wp","href":"https:\/\/api.w.org\/{rel}","templated":true}]}}