{"id":553744,"date":"2025-11-23T16:57:13","date_gmt":"2025-11-23T16:57:13","guid":{"rendered":"https:\/\/www.europesays.com\/fr\/553744\/"},"modified":"2025-11-23T16:57:13","modified_gmt":"2025-11-23T16:57:13","slug":"christophe-hondelatte-quitte-officiellement-europe-1-pour-se-lancer-en-solo","status":"publish","type":"post","link":"https:\/\/www.europesays.com\/fr\/553744\/","title":{"rendered":"Christophe Hondelatte quitte officiellement Europe 1 pour se lancer en solo !"},"content":{"rendered":"<p>C\u2019est un d\u00e9part que personne n\u2019avait vu venir\u2026 Ce dimanche 23 novembre, la nouvelle est tomb\u00e9e. Selon les informations obtenues par le Parisien, Christophe Hondelatte (en accord avec la direction d\u2019Europe 1) a d\u00e9cid\u00e9 de quitter cette station de radio dans laquelle il officie depuis 2016. Il s\u2019agit d\u2019un nouveau d\u00e9part difficile pour   <a href=\"https:\/\/www.programme-television.org\/news\/tv\/actualites-audiovisuel\/christophe-hondelatte-quitte-a-son-tour-europe-1-et-arrete-la-radio-aujourd-hui-le-podcast-me-plait-beaucoup-plus-4744528\" target=\"_self\" rel=\"nofollow noopener\">la c\u00e9l\u00e8bre radio fran\u00e7aise<\/a> qui, il y a d\u00e9j\u00e0 plus de six mois, a \u00e9t\u00e9 tr\u00e8s impact\u00e9e   <a href=\"https:\/\/www.programme-television.org\/news\/tv\/actualites-audiovisuel\/je-m-epuisais-stephane-bern-quitte-europe-1-pour-rejoindre-les-ondes-d-ici-ex-france-bleu-4742928\" target=\"_self\" rel=\"nofollow noopener\">par celui de St\u00e9phane Bern<\/a>\u2026<\/p>\n<p><a id=\"eztoc103359719_1\"\/>Christophe Hondelatte quitte Europe 1, mais quand ?<\/p>\n<p>En effet, ces derniers mois, Christophe Hondelatte (animateur embl\u00e9matique des \u00e9missions Faites entrer l\u2019accus\u00e9 et Hondelatte raconte) s\u2019\u00e9tait fait plus discret \u00e0 l\u2019antenne. Un choix assum\u00e9 par le principal int\u00e9ress\u00e9, car, selon nos confr\u00e8res, \u00ab\u00a0il avait renonc\u00e9, en ao\u00fbt, \u00e0 sa place dans la grille pour ne plus \u00eatre diffus\u00e9 qu\u2019en ligne. Et retrouver de la libert\u00e9.\u00a0\u00bb Et force est de constater que le journaliste a appr\u00e9ci\u00e9 cette m\u00eame libert\u00e9, car il aurait sign\u00e9, avec la direction, \u00ab\u00a0un divorce \u00e0 l\u2019amiable, effectif le 31 d\u00e9cembre prochain\u00a0\u00bb en vue de se lancer pleinement dans son podcast. Un changement de cap pour l\u2019animateur qui risque d\u2019\u00eatre payant car comme l\u2019avait pr\u00e9c\u00e9demment signal\u00e9 M\u00e9diam\u00e9trie, le podcast de Christophe Hondelatte a recens\u00e9 pr\u00e8s de 8 millions de t\u00e9l\u00e9chargements au mois d\u2019octobre dernier.<\/p>\n<p><a id=\"eztoc103359719_2\"\/>Christophe Hondelatte fait de rares confidences sur le format du podcast<\/p>\n<p>Lors d\u2019un pr\u00e9c\u00e9dent entretien accord\u00e9 au Parisien, \u00e0 la rentr\u00e9e, Christophe Hondelatte s\u2019\u00e9tait livr\u00e9 sur ses nouvelles habitudes professionnelles depuis qu\u2019il est \u00e0 la t\u00eate d\u2019un podcast. Et le moins que l\u2019on puisse dire, c\u2019est que le journaliste avait partag\u00e9 des confidences tr\u00e8s enjou\u00e9es sur le sujet. \u00ab\u00a0Aujourd\u2019hui, \u00e7a me pla\u00eet beaucoup plus de faire du podcast que de la radio. Il n\u2019y a pas de contraintes horaires et je touche un autre public, beaucoup plus jeune. Le podcast offre beaucoup de libert\u00e9. Il n\u2019y a pas de format\u00a0\u00bb, s\u2019\u00e9tait-il enthousiasm\u00e9. Avant d\u2019ajouter : \u00ab\u00a0\u00c0 la radio, vous devez respecter le conducteur, la dur\u00e9e\u2026 Par exemple, je devais \u00eatre tous les jours entre 31 et 32 minutes. Maintenant, je n\u2019aurai plus ces limites.\u00a0\u00bb Des confidences qui en disent long.<\/p>\n","protected":false},"excerpt":{"rendered":"C\u2019est un d\u00e9part que personne n\u2019avait vu venir\u2026 Ce dimanche 23 novembre, la nouvelle est tomb\u00e9e. Selon les&hellip;\n","protected":false},"author":2,"featured_media":553745,"comment_status":"","ping_status":"","sticky":false,"template":"","format":"standard","meta":{"footnotes":""},"categories":[1586],"tags":[11,1777,674,1011,27,12,25],"class_list":{"0":"post-553744","1":"post","2":"type-post","3":"status-publish","4":"format-standard","5":"has-post-thumbnail","7":"category-europe","8":"tag-actualites","9":"tag-eu","10":"tag-europe","11":"tag-fr","12":"tag-france","13":"tag-news","14":"tag-republique-francaise"},"share_on_mastodon":{"url":"https:\/\/pubeurope.com\/@fr\/115600073937536516","error":""},"_links":{"self":[{"href":"https:\/\/www.europesays.com\/fr\/wp-json\/wp\/v2\/posts\/553744","targetHints":{"allow":["GET"]}}],"collection":[{"href":"https:\/\/www.europesays.com\/fr\/wp-json\/wp\/v2\/posts"}],"about":[{"href":"https:\/\/www.europesays.com\/fr\/wp-json\/wp\/v2\/types\/post"}],"author":[{"embeddable":true,"href":"https:\/\/www.europesays.com\/fr\/wp-json\/wp\/v2\/users\/2"}],"replies":[{"embeddable":true,"href":"https:\/\/www.europesays.com\/fr\/wp-json\/wp\/v2\/comments?post=553744"}],"version-history":[{"count":0,"href":"https:\/\/www.europesays.com\/fr\/wp-json\/wp\/v2\/posts\/553744\/revisions"}],"wp:featuredmedia":[{"embeddable":true,"href":"https:\/\/www.europesays.com\/fr\/wp-json\/wp\/v2\/media\/553745"}],"wp:attachment":[{"href":"https:\/\/www.europesays.com\/fr\/wp-json\/wp\/v2\/media?parent=553744"}],"wp:term":[{"taxonomy":"category","embeddable":true,"href":"https:\/\/www.europesays.com\/fr\/wp-json\/wp\/v2\/categories?post=553744"},{"taxonomy":"post_tag","embeddable":true,"href":"https:\/\/www.europesays.com\/fr\/wp-json\/wp\/v2\/tags?post=553744"}],"curies":[{"name":"wp","href":"https:\/\/api.w.org\/{rel}","templated":true}]}}