{"id":553746,"date":"2025-11-23T16:59:28","date_gmt":"2025-11-23T16:59:28","guid":{"rendered":"https:\/\/www.europesays.com\/fr\/553746\/"},"modified":"2025-11-23T16:59:28","modified_gmt":"2025-11-23T16:59:28","slug":"elle-aurait-eu-100-ans-le-23-novembre-jusqualors-oubliee-la-ceramiste-valentine-schlegel-a-enfin-sa-placette-a-sete","status":"publish","type":"post","link":"https:\/\/www.europesays.com\/fr\/553746\/","title":{"rendered":"Elle aurait eu 100 ans le 23\u00a0novembre\u00a0: jusqu\u2019alors oubli\u00e9e, la c\u00e9ramiste Valentine Schlegel a enfin sa placette, \u00e0 S\u00e8te"},"content":{"rendered":"<p>\n                                                                La c\u00e9ramiste Valentine Schlegel disparue en 2021 a \u00e9t\u00e9 officiellement mise \u00e0 l\u2019honneur dans sa ville natale.\u00a0Une placette a \u00e9t\u00e9 inaugur\u00e9e en hommage \u00e0 celle qui aurait f\u00eat\u00e9 ses 100 ans dimanche 23\u00a0novembre.\u00a0Il \u00e9tait temps.\n                            <\/p>\n<p>\u00ab\u00a0Elle \u00e9tait m\u00eame reconnue \u00e0 Paris mais pas ici, \u00e7a semble dingue\u00a0!\u00a0\u00bb, constate Sandra Bindel, membre du collectif des Ami.e.s de Valentine Schlegel. Immortalis\u00e9e par une rue \u00e0 son nom dans la capitale, l\u2019artiste c\u00e9ramiste tombait doucement dans l\u2019oubli \u00e0 S\u00e8te, avant que ce collectif de ne saisisse du probl\u00e8me.<\/p>\n<p>Depuis 2023, le groupe se bat pour raviver son h\u00e9ritage. Apr\u00e8s de longs pourparlers avec la Ville, les Ami.e.s parviennent \u00e0 faire rebaptiser la placette situ\u00e9e devant le palais consulaire de S\u00e8te, \u00ab\u00a0Placette Valentine Schlegel\u00a0\u00bb. Ce dimanche 23\u00a0novembre marque l\u2019aboutissement d\u2019un travail de m\u00e9moire \u00e0 la fois sur le long terme, depuis deux ans, mais aussi sur le temps court.<\/p>\n<p>        <img decoding=\"async\" class=\"std-img__img responsive-img\" src=\"https:\/\/www.europesays.com\/fr\/wp-content\/uploads\/2025\/11\/1763917165_802_image.jpg\" alt=\"Cerise sur le g\u00e2teau\u00a0: les bougies, souffl\u00e9es symboliquement.\"\/><\/p>\n<p>                Cerise sur le g\u00e2teau\u00a0: les bougies, souffl\u00e9es symboliquement.<br \/>\n                                    ML &#8211; Simon Roth\u00e9<\/p>\n<p>Depuis une quinzaine de jours, des ateliers en hommage \u00e0 Valentine Schlegel sont propos\u00e9s pour faire d\u00e9couvrir l\u2019illustre c\u00e9ramiste au public. Ces deux semaines r\u00e9sonnent donc comme un franc succ\u00e8s id\u00e9ologique\u00a0: faire briller ces figures qui d\u00e9rangent. F\u00e9ministe et homosexuelle, Valentine Schlegel a en r\u00e9alit\u00e9 \u00e9t\u00e9 plus qu\u2019une amie pour Agn\u00e8s Varda\u2026<\/p>\n<p>\u00ab\u00a0En France, il y a plus rues avec des noms de fleurs que de rues nomm\u00e9es apr\u00e8s des femmes\u00a0! Et le profil de Valentine\u2005n\u2019a pas aid\u00e9\u00a0: lesbienne, activiste, dans les ann\u00e9es 1950\u2026 C\u2019est normal qu\u2019elle ait \u00e9t\u00e9 invisibilis\u00e9e, mais c\u2019est triste\u00a0\u00bb, regrette Sandra Bindel.<\/p>\n<p>Entre c\u00e9l\u00e9brit\u00e9\u00a0et anonymat, le paradoxe Schlegel<\/p>\n<p>Plus qu\u2019un hommage, elle entend lui rendre un \u00ab\u00a0femmage\u00a0\u00bb, n\u00e9ologisme issu de l\u2019\u00e9criture inclusive. Inaugurer cette placette c\u2019est donc rappeler que les femmes, aussi, ont \u00e9crit l\u2019histoire de l\u2019art. \u00ab\u00a0Souvent, elles sont effac\u00e9es. Mais l\u00e0, c\u2019est d\u2019autant plus probl\u00e9matique qu\u2019il s\u2019agit d\u2019une artiste s\u00e9toise de renomm\u00e9e internationale. Et aucun monument n\u2019existait pour faire honneur \u00e0 son travail\u00a0\u00bb, insiste Chantal, une S\u00e9toise venue participer \u00e0 la c\u00e9r\u00e9monie.<\/p>\n<p>Paradoxalement, la notori\u00e9t\u00e9 de Valentine Schlegel r\u00e9sonne, sans doute, davantage dans les \u00eeles du pacifique que sur l\u2019\u00cele singuli\u00e8re. \u00ab\u00a0Au Japon, ses vases se vendent 60\u00a0000\u00a0euros\u00a0! Ici beaucoup ne la connaissent m\u00eame pas\u00a0\u00bb, regrette Sandra Bindel. Y compris parmi les hommes et femmes pr\u00e9sents ce dimanche.<\/p>\n<p>        <img decoding=\"async\" class=\"std-img__img responsive-img\" src=\"https:\/\/www.europesays.com\/fr\/wp-content\/uploads\/2025\/11\/1763917168_246_image.jpg\" alt=\"Le g\u00e2teau d\u2019anniversaire a \u00e9t\u00e9 transport\u00e9 en plusieurs parts, entre l\u2019espace F\u00e9lix, la placette et le Miam, o\u00f9 les militantes aspirent \u00e0 ce qu\u2019il reste. &quot;Ici o\u00f9 \u00e0 la m\u00e9diath\u00e8que pour qu\u2019il soit expos\u00e9 \u00e0 la vue de tous&quot;, esp\u00e8re Sandra Bindel\"\/><\/p>\n<p>                Le g\u00e2teau d\u2019anniversaire a \u00e9t\u00e9 transport\u00e9 en plusieurs parts, entre l\u2019espace F\u00e9lix, la placette et le Miam, o\u00f9 les militantes aspirent \u00e0 ce qu\u2019il reste. \u00ab\u00a0Ici o\u00f9 \u00e0 la m\u00e9diath\u00e8que pour qu\u2019il soit expos\u00e9 \u00e0 la vue de tous\u00a0\u00bb, esp\u00e8re Sandra Bindel<br \/>\n                                    ML &#8211; Simon Roth\u00e9<\/p>\n<p>\u00ab\u00a0Moi je la d\u00e9couvre depuis deux semaines gr\u00e2ce aux comm\u00e9morations. Je r\u00e9alise la beaut\u00e9 de son art de jour en jour\u00a0\u00bb, t\u00e9moigne Fran\u00e7oise. Comme les autres, elle a d\u00e9gain\u00e9 son appareil photo au moment de l\u2019inauguration de la plaque comm\u00e9morative fix\u00e9e sur la maison d\u2019enfance des s\u0153urs Schlegel, 1er rue du 14\u00a0juillet.<\/p>\n<p>Parmi les descendants directs de la famille, Blaise Fournier, neveu de Valentine, a pris la parole pendant plusieurs minutes, tr\u00e8s \u00e9mu. \u00ab\u00a0Merci d\u2019entretenir la m\u00e9moire de nos m\u00e8res et tantes\u00a0\u00bb. Mieux vaut tard que jamais.<\/p>\n","protected":false},"excerpt":{"rendered":"La c\u00e9ramiste Valentine Schlegel disparue en 2021 a \u00e9t\u00e9 officiellement mise \u00e0 l\u2019honneur dans sa ville natale.\u00a0Une placette&hellip;\n","protected":false},"author":2,"featured_media":553747,"comment_status":"","ping_status":"","sticky":false,"template":"","format":"standard","meta":{"footnotes":""},"categories":[1586],"tags":[11,1777,674,1779,1011,27,12,25,1778,364],"class_list":{"0":"post-553746","1":"post","2":"type-post","3":"status-publish","4":"format-standard","5":"has-post-thumbnail","7":"category-europe","8":"tag-actualites","9":"tag-eu","10":"tag-europe","11":"tag-european-union","12":"tag-fr","13":"tag-france","14":"tag-news","15":"tag-republique-francaise","16":"tag-ue","17":"tag-union-europeenne"},"share_on_mastodon":{"url":"https:\/\/pubeurope.com\/@fr\/115600084516496129","error":""},"_links":{"self":[{"href":"https:\/\/www.europesays.com\/fr\/wp-json\/wp\/v2\/posts\/553746","targetHints":{"allow":["GET"]}}],"collection":[{"href":"https:\/\/www.europesays.com\/fr\/wp-json\/wp\/v2\/posts"}],"about":[{"href":"https:\/\/www.europesays.com\/fr\/wp-json\/wp\/v2\/types\/post"}],"author":[{"embeddable":true,"href":"https:\/\/www.europesays.com\/fr\/wp-json\/wp\/v2\/users\/2"}],"replies":[{"embeddable":true,"href":"https:\/\/www.europesays.com\/fr\/wp-json\/wp\/v2\/comments?post=553746"}],"version-history":[{"count":0,"href":"https:\/\/www.europesays.com\/fr\/wp-json\/wp\/v2\/posts\/553746\/revisions"}],"wp:featuredmedia":[{"embeddable":true,"href":"https:\/\/www.europesays.com\/fr\/wp-json\/wp\/v2\/media\/553747"}],"wp:attachment":[{"href":"https:\/\/www.europesays.com\/fr\/wp-json\/wp\/v2\/media?parent=553746"}],"wp:term":[{"taxonomy":"category","embeddable":true,"href":"https:\/\/www.europesays.com\/fr\/wp-json\/wp\/v2\/categories?post=553746"},{"taxonomy":"post_tag","embeddable":true,"href":"https:\/\/www.europesays.com\/fr\/wp-json\/wp\/v2\/tags?post=553746"}],"curies":[{"name":"wp","href":"https:\/\/api.w.org\/{rel}","templated":true}]}}