{"id":553755,"date":"2025-11-23T17:06:13","date_gmt":"2025-11-23T17:06:13","guid":{"rendered":"https:\/\/www.europesays.com\/fr\/553755\/"},"modified":"2025-11-23T17:06:13","modified_gmt":"2025-11-23T17:06:13","slug":"ronan-ogara-tacle-lun-de-ses-joueurs-et-craint-le-pire-contre-pau","status":"publish","type":"post","link":"https:\/\/www.europesays.com\/fr\/553755\/","title":{"rendered":"Ronan O\u2019Gara tacle l\u2019un de ses joueurs et craint le pire contre Pau"},"content":{"rendered":"<p>La d\u00e9faite \u00e0 domicile contre Castres (17-19) a d\u00e9clench\u00e9 un v\u00e9ritable \u00e9lectrochoc.<\/p>\n<p>Samedi soir, Ronan O\u2019Gara est apparu plus cash que jamais, presque incr\u00e9dule devant l\u2019incapacit\u00e9 de son \u00e9quipe \u00e0 faire basculer un match pourtant jou\u00e9 \u00e0 15 contre 12 pendant de longues minutes. Un constat qui, selon lui, r\u00e9v\u00e8le un mal bien plus profond : l\u2019absence de leadership clair dans un groupe en plein doute.<\/p>\n<p>Pendant dix-huit minutes de conf\u00e9rence de presse, le manager rochelais a balay\u00e9 tous les sujets. Et son diagnostic est sans appel : La Rochelle s\u2019est perdue dans sa propre confusion. \u00ab On a jou\u00e9 \u00e0 toucher \u00bb, a-t-il d\u2019abord fustig\u00e9, regrettant une entame catastrophique et un manque total de ma\u00eetrise lors des sup\u00e9riorit\u00e9s num\u00e9riques, dont les Rochelais n\u2019ont tir\u00e9 que quatre points.<\/p>\n<p><strong>Face \u00e0 ce g\u00e2chis, l\u2019Irlandais a d\u00e9crit une \u00e9quipe incapable de prendre une d\u00e9cision claire quand l\u2019avantage \u00e9tait total via <a href=\"https:\/\/www.rugbyrama.fr\/2025\/11\/23\/top-14-trop-de-compliments-tu-prends-le-melon-ronan-ogara-la-rochelle-en-alerte-apres-la-defaite-contre-castres-13068955.php\" rel=\"nofollow noopener\" target=\"_blank\">Midi Olympique<\/a> :<\/strong><\/p>\n<p>\u00ab \u00c0 15 contre 12\u2026 Si j\u2019ai bien compris dans le vestiaire apr\u00e8s le match, on a trop de choix et pas suffisamment de choix. Beaucoup de mecs ont parl\u00e9, ils ont tous dit des choses diff\u00e9rentes et \u00e7a a peut-\u00eatre cr\u00e9\u00e9 un peu de confusion. On n\u2019\u00e9tait pas fluides, pas naturels, avec un manque de vitesse et de pr\u00e9cision. Quand on doit taper, on court. Quand on court, on doit taper\u2026 J\u2019ai besoin qu\u2019un leader prenne le contr\u00f4le de cette \u00e9quipe. Surtout en hiver. \u00bb<\/p>\n<p><strong>Hastoy et Kaddouri dans le viseur<\/strong><\/p>\n<p><strong>Fait rare : O\u2019Gara a cit\u00e9 deux joueurs, directement. D\u2019abord son jeune pilier Kaddouri, sorti \u00e0 la pause :<\/strong><\/p>\n<p>\u00ab\u00a0Je l\u2019ai fait commencer parce qu\u2019il \u00e9tait exceptionnel. Mais quelque chose que j\u2019ai souvent appris : trop de compliments, tu prends le melon, trop de fautes\u2026 Ce n\u2019est pas un grand joueur mais il est jeune. Je vais travailler avec lui pour l\u2019aider \u00e0 \u00eatre plus performant. Chaque faute co\u00fbte dans le Top 14 et aujourd\u2019hui on a combien de fautes de main ?\u00a0\u00bb<\/p>\n<p><strong>Puis Antoine Hastoy, coupable d\u2019un renvoi contr\u00e9 sur l\u2019essai castrais :<\/strong><\/p>\n<p>\u00ab\u00a0Je trouve qu\u2019Antoine est un magnifique joueur mais il a plus \u00e0 donner. Il est en \u00ab\u00a0work in progress\u00a0\u00bb\u00a0: il y a un travail \u00e0 faire pour qu\u2019il me comprenne et que je le comprenne. J\u2019ai une \u00e9norme estime pour lui. Il y a de la comp\u00e9tition entre lui et Ihaia (West). Je trouve que Diego (Jurd) quand il est entr\u00e9 \u00e0 fait beaucoup de bien et a ajout\u00e9 de la vitesse. Je dois le faire entrer dix minutes plus t\u00f4t. Les journ\u00e9es comme celles \u00e0 Toulon et aujourd\u2019hui, on a besoin d\u2019un grand Antoine. Ce n\u2019est jamais la faute d\u2019un joueur, c\u2019est tr\u00e8s important de le dire mais c\u2019est mon but de montrer la meilleure version d\u2019Antoine la semaine qui arrive.\u00a0\u00bb<\/p>\n<p>Un d\u00e9placement \u00e0 Pau qui inqui\u00e8te vraiment O\u2019Gara<\/p>\n<p><strong>Et le pire pourrait encore arriver. Apr\u00e8s avoir encens\u00e9 la Section paloise \u2013 \u00ab exceptionnelle \u00bb selon lui vendredi \u00e0 Bordeaux \u2013 \u201cROG\u201d n\u2019a pas cach\u00e9 son angoisse \u00e0 l\u2019id\u00e9e du prochain d\u00e9placement :<\/strong><\/p>\n<p>\u00ab Si on fait comme on a fait aujourd\u2019hui \u00e0 Pau, \u00e7a peut \u00eatre une d\u00e9molition. \u00bb<\/p>\n<p>Pour lui, La Rochelle traverse une p\u00e9riode dangereuse : une \u00e9quipe affaiblie, en manque de rep\u00e8res, fragilis\u00e9e par les absences, mais surtout priv\u00e9e d\u2019un vrai patron sur le terrain.<\/p>\n<p>\u00c0 une semaine d\u2019un test crucial, O\u2019Gara attend un r\u00e9veil. Un vrai. Pas des mots.<\/p>\n","protected":false},"excerpt":{"rendered":"La d\u00e9faite \u00e0 domicile contre Castres (17-19) a d\u00e9clench\u00e9 un v\u00e9ritable \u00e9lectrochoc. Samedi soir, Ronan O\u2019Gara est apparu&hellip;\n","protected":false},"author":2,"featured_media":553756,"comment_status":"","ping_status":"","sticky":false,"template":"","format":"standard","meta":{"footnotes":""},"categories":[1416],"tags":[1011,27,479,1468,60],"class_list":{"0":"post-553755","1":"post","2":"type-post","3":"status-publish","4":"format-standard","5":"has-post-thumbnail","7":"category-rugby","8":"tag-fr","9":"tag-france","10":"tag-rugby","11":"tag-rugby-football","12":"tag-sports"},"share_on_mastodon":{"url":"https:\/\/pubeurope.com\/@fr\/115600109467881325","error":""},"_links":{"self":[{"href":"https:\/\/www.europesays.com\/fr\/wp-json\/wp\/v2\/posts\/553755","targetHints":{"allow":["GET"]}}],"collection":[{"href":"https:\/\/www.europesays.com\/fr\/wp-json\/wp\/v2\/posts"}],"about":[{"href":"https:\/\/www.europesays.com\/fr\/wp-json\/wp\/v2\/types\/post"}],"author":[{"embeddable":true,"href":"https:\/\/www.europesays.com\/fr\/wp-json\/wp\/v2\/users\/2"}],"replies":[{"embeddable":true,"href":"https:\/\/www.europesays.com\/fr\/wp-json\/wp\/v2\/comments?post=553755"}],"version-history":[{"count":0,"href":"https:\/\/www.europesays.com\/fr\/wp-json\/wp\/v2\/posts\/553755\/revisions"}],"wp:featuredmedia":[{"embeddable":true,"href":"https:\/\/www.europesays.com\/fr\/wp-json\/wp\/v2\/media\/553756"}],"wp:attachment":[{"href":"https:\/\/www.europesays.com\/fr\/wp-json\/wp\/v2\/media?parent=553755"}],"wp:term":[{"taxonomy":"category","embeddable":true,"href":"https:\/\/www.europesays.com\/fr\/wp-json\/wp\/v2\/categories?post=553755"},{"taxonomy":"post_tag","embeddable":true,"href":"https:\/\/www.europesays.com\/fr\/wp-json\/wp\/v2\/tags?post=553755"}],"curies":[{"name":"wp","href":"https:\/\/api.w.org\/{rel}","templated":true}]}}