{"id":553761,"date":"2025-11-23T17:12:20","date_gmt":"2025-11-23T17:12:20","guid":{"rendered":"https:\/\/www.europesays.com\/fr\/553761\/"},"modified":"2025-11-23T17:12:20","modified_gmt":"2025-11-23T17:12:20","slug":"un-arbitre-polemique-designe-pour-om-newcastle","status":"publish","type":"post","link":"https:\/\/www.europesays.com\/fr\/553761\/","title":{"rendered":"Un arbitre pol\u00e9mique d\u00e9sign\u00e9 pour OM \u2013 Newcastle !"},"content":{"rendered":"<p>L\u2019UEFA a en effet d\u00e9sign\u00e9 Maurizio Mariani pour arbitrer le choc de Ligue des champions entre l\u2019<a href=\"https:\/\/www.onzemondial.com\/france\/om.html\" rel=\"nofollow noopener\" target=\"_blank\">OM<\/a> et Newcastle mardi au V\u00e9lodrome. Un choix qui ne passe pas inaper\u00e7u tant l\u2019arbitre italien tra\u00eene derri\u00e8re lui une r\u00e9putation sulfureuse, marqu\u00e9e par plusieurs pol\u00e9miques au cours des derniers mois.<\/p>\n<p>\u00c2g\u00e9 de 43 ans, le Romain n\u2019est pas un inconnu sur la sc\u00e8ne europ\u00e9enne. Il a r\u00e9cemment dirig\u00e9 la rencontre tr\u00e8s m\u00e9diatis\u00e9e entre le PSG et le Bayern Munich, preuve de la confiance que lui accorde encore l\u2019UEFA pour les grandes affiches. Mais derri\u00e8re ce statut d\u2019arbitre international exp\u00e9riment\u00e9 se cache un profil qui divise, notamment en raison de plusieurs pol\u00e9miques notoires.<\/p>\n<p>A lire aussi :Monaco n&rsquo;a pas dig\u00e9r\u00e9, grosse pol\u00e9mique en Italie<\/p>\n<p>Mariani reste avant tout associ\u00e9 \u00e0 un souvenir tr\u00e8s amer pour l\u2019AS Monaco. Lors du barrage aller de Ligue des champions face \u00e0 Benfica au Stade Louis II, sa prestation avait \u00e9t\u00e9 vivement critiqu\u00e9e par le camp mon\u00e9gasque apr\u00e8s l\u2019expulsion jug\u00e9e s\u00e9v\u00e8re de Moatasem Al-Musrati. Breel Embolo avait alors d\u00e9nonc\u00e9 un arbitrage \u00ab d\u00e9s\u00e9quilibr\u00e9 \u00bb, tandis que le directeur sportif Thiago Scuro \u00e9tait all\u00e9 jusqu\u2019\u00e0 parler de \u00ab scandale \u00bb et remettre en cause le processus de d\u00e9signation des arbitres de l\u2019UEFA.<\/p>\n<p>Quelques mois plus tard, l\u2019Italien s\u2019est de nouveau retrouv\u00e9 au c\u0153ur de la tourmente en Serie A lors du choc entre Naples et l\u2019Inter Milan. Un penalty accord\u00e9 aux Napolitains apr\u00e8s un contact jug\u00e9 tr\u00e8s l\u00e9ger entre Mkhitaryan et Di Lorenzo avait d\u00e9clench\u00e9 une vive pol\u00e9mique. Cette d\u00e9cision avait tellement fait r\u00e9agir qu\u2019elle lui aurait co\u00fbt\u00e9 sa place sur les terrains de Serie A pendant un certain temps, puisqu\u2019il a offici\u00e9 quelques temps ensuite en deuxi\u00e8me division italienne. C\u2019est donc avec ce passif encombrant que Maurizio Mariani d\u00e9barque au V\u00e9lodrome pour un match d\u00e9j\u00e0 sous haute tension.<\/p>\n<p>   Partagez cette info avec vos amis et vos proches en cliquant ici<br \/> Pour r\u00e9sumer<\/p>\n<p>Maurizio Mariani, d\u00e9sign\u00e9 pour OM \u2013 Newcastle, arrive avec une r\u00e9putation sulfureuse. L\u2019arbitre italien, d\u00e9j\u00e0 au sifflet du PSG \u2013 Bayern, reste marqu\u00e9 par plusieurs pol\u00e9miques pass\u00e9es en Ligue des champions et en Serie A. Son arbitrage sera scrut\u00e9 de pr\u00e8s au V\u00e9lodrome.<\/p>\n<p>R\u00e9dacteur<\/p>\n<p><img decoding=\"async\" width=\"76\" height=\"76\" loading=\"lazy\" src=\"https:\/\/www.europesays.com\/fr\/wp-content\/uploads\/2025\/04\/logo-julien-pedebos.jpg\" alt=\"Julien P\u00e9debos\"\/><\/p>\n","protected":false},"excerpt":{"rendered":"L\u2019UEFA a en effet d\u00e9sign\u00e9 Maurizio Mariani pour arbitrer le choc de Ligue des champions entre l\u2019OM et&hellip;\n","protected":false},"author":2,"featured_media":553762,"comment_status":"","ping_status":"","sticky":false,"template":"","format":"standard","meta":{"footnotes":""},"categories":[1410],"tags":[63,1011,27,66,447,149,60],"class_list":{"0":"post-553761","1":"post","2":"type-post","3":"status-publish","4":"format-standard","5":"has-post-thumbnail","7":"category-football","8":"tag-football","9":"tag-fr","10":"tag-france","11":"tag-ligue-1","12":"tag-ligue-des-champions","13":"tag-om","14":"tag-sports"},"share_on_mastodon":{"url":"https:\/\/pubeurope.com\/@fr\/115600133977930286","error":""},"_links":{"self":[{"href":"https:\/\/www.europesays.com\/fr\/wp-json\/wp\/v2\/posts\/553761","targetHints":{"allow":["GET"]}}],"collection":[{"href":"https:\/\/www.europesays.com\/fr\/wp-json\/wp\/v2\/posts"}],"about":[{"href":"https:\/\/www.europesays.com\/fr\/wp-json\/wp\/v2\/types\/post"}],"author":[{"embeddable":true,"href":"https:\/\/www.europesays.com\/fr\/wp-json\/wp\/v2\/users\/2"}],"replies":[{"embeddable":true,"href":"https:\/\/www.europesays.com\/fr\/wp-json\/wp\/v2\/comments?post=553761"}],"version-history":[{"count":0,"href":"https:\/\/www.europesays.com\/fr\/wp-json\/wp\/v2\/posts\/553761\/revisions"}],"wp:featuredmedia":[{"embeddable":true,"href":"https:\/\/www.europesays.com\/fr\/wp-json\/wp\/v2\/media\/553762"}],"wp:attachment":[{"href":"https:\/\/www.europesays.com\/fr\/wp-json\/wp\/v2\/media?parent=553761"}],"wp:term":[{"taxonomy":"category","embeddable":true,"href":"https:\/\/www.europesays.com\/fr\/wp-json\/wp\/v2\/categories?post=553761"},{"taxonomy":"post_tag","embeddable":true,"href":"https:\/\/www.europesays.com\/fr\/wp-json\/wp\/v2\/tags?post=553761"}],"curies":[{"name":"wp","href":"https:\/\/api.w.org\/{rel}","templated":true}]}}