{"id":553769,"date":"2025-11-23T17:18:16","date_gmt":"2025-11-23T17:18:16","guid":{"rendered":"https:\/\/www.europesays.com\/fr\/553769\/"},"modified":"2025-11-23T17:18:16","modified_gmt":"2025-11-23T17:18:16","slug":"helene-segara-atteinte-dune-maladie-inconnue-elle-evoque-ses-sequelles-handicapantes-jetais-tres-diminuee-je-narrivais-pas-a-respirer","status":"publish","type":"post","link":"https:\/\/www.europesays.com\/fr\/553769\/","title":{"rendered":"H\u00e9l\u00e8ne S\u00e9gara atteinte d&rsquo;une maladie inconnue, elle \u00e9voque ses s\u00e9quelles handicapantes\u00a0: \u00ab\u00a0J&rsquo;\u00e9tais tr\u00e8s diminu\u00e9e, je n&rsquo;arrivais pas \u00e0 respirer\u00a0\u00bb"},"content":{"rendered":"<p class=\"ap-StoryElement ap-StoryElement--mb ap-StoryText\">\u00ab\u00a0\u00c0 l&rsquo;\u00e9poque o\u00f9 j&rsquo;ai \u00e9t\u00e9 malade, j&rsquo;ai fait une tourn\u00e9e qui s&rsquo;appelait Karma [entre 2022 et 2023] et je n&rsquo;ai pas voulu annuler toutes les dates, parce que je ne voulais pas que ma vie se r\u00e9sume \u00e0 l&rsquo;h\u00f4pital. Mais qu&rsquo;est-ce que j&rsquo;ai souffert\u00a0\u00bb, se souvient-elle. \u00ab\u00a0\u00c0 chaque fois que je montais sur sc\u00e8ne, j&rsquo;\u00e9tais tr\u00e8s diminu\u00e9e, je n&rsquo;arrivais pas \u00e0 respirer\u2026 Je suis rest\u00e9e sur cet \u00e9chec et l\u00e0, je me dis que \u00e7a va \u00eatre tout l&rsquo;inverse.\u00a0\u00bb<\/p>\n<p><a href=\"https:\/\/www.parismatch.be\/actualites\/people\/2025\/02\/27\/helene-segara-la-reconversion-tres-gourmande-de-son-fils-raphael-PTLUYF2VJBHB7MH654V6KD3NCE\/\" target=\"_self\" class=\"ap-StoryInterstitialLink ap-StoryElement ap-StoryElement--mb\" rel=\"noopener\">H\u00e9l\u00e8ne S\u00e9gara : la reconversion tr\u00e8s gourmande de son fils Rapha\u00ebl<\/a>Des s\u00e9quelles handicapantes<\/p>\n<p class=\"ap-StoryElement ap-StoryElement--mb ap-StoryText\">Pour autant, la juge de \u00ab\u00a0La France a un incroyable talent\u00a0\u00bb a d\u00fb apprendre \u00e0 vivre avec la maladie, la surveillance m\u00e9dicale qui va avec et des s\u00e9quelles handicapantes, elle qui a tout de m\u00eame <a href=\"https:\/\/www.parismatch.be\/culture\/programmes\/2023\/12\/24\/ce-nest-plus-un-secret-je-suis-malvoyante-helene-segara-chute-en-plein-direct-YK5HFVUCBBA23L2RGOLQRWS7II\/\" target=\"_self\" rel=\"noopener\">perdu un \u0153il<\/a>. \u00ab\u00a0C&rsquo;est un peu compliqu\u00e9 parce que je n&rsquo;ai pas la 3D donc je dirais que je suis un peu plus prudente dans mes d\u00e9placements.\u00a0\u00bb Pour H\u00e9l\u00e8ne S\u00e9gara, \u00ab\u00a0la force se r\u00e9v\u00e8le dans les moments les plus durs\u00a0\u00bb.<\/p>\n<p><a href=\"https:\/\/www.parismatch.be\/actualites\/people\/2024\/10\/28\/atteinte-dune-maladie-rare-helene-segara-evoque-un-projet-qui-lui-tient-particulierement-a-coeur-cest-important-de-me-sentir-a-nouveau-vivante-V7X25QJWZZCVBH4FAPKB4YQAVU\/\" target=\"_self\" class=\"ap-StoryInterstitialLink ap-StoryElement ap-StoryElement--mb\" rel=\"noopener\">Atteinte d&rsquo;une maladie rare, H\u00e9l\u00e8ne S\u00e9gara \u00e9voque un projet qui lui tient particuli\u00e8rement \u00e0 c\u0153ur : \u00ab\u00a0C&rsquo;est important de me sentir \u00e0 nouveau vivante\u00a0\u00bb<\/a><\/p>\n<p class=\"ap-StoryElement ap-StoryElement--mb ap-StoryText\">Une force de caract\u00e8re forg\u00e9e avant m\u00eame le d\u00e9but de sa carri\u00e8re, elle qui a connu des ann\u00e9es de gal\u00e8re en tant que m\u00e8re c\u00e9libataire, qui vivait avec son petit gar\u00e7on dans un 15 m\u00e8tres carr\u00e9s \u00e0 Paris, \u00e0 ne pas toujours \u00ab\u00a0manger comme il fallait\u00a0\u00bb. \u00ab\u00a0Je suis fi\u00e8re de tout ce que j&rsquo;ai r\u00e9ussi \u00e0 traverser en me relevant\u00a0\u00bb, affirme la maman de Rapha\u00ebl (35 ans, chanteur et restaurateur), qui a ensuite donn\u00e9 naissance \u00e0 Matteo et Maya durant son mariage avec le musicien Mathieu Lecat.<\/p>\n","protected":false},"excerpt":{"rendered":"\u00ab\u00a0\u00c0 l&rsquo;\u00e9poque o\u00f9 j&rsquo;ai \u00e9t\u00e9 malade, j&rsquo;ai fait une tourn\u00e9e qui s&rsquo;appelait Karma [entre 2022 et 2023] et&hellip;\n","protected":false},"author":2,"featured_media":553770,"comment_status":"","ping_status":"","sticky":false,"template":"","format":"standard","meta":{"footnotes":""},"categories":[1355],"tags":[58,59,1011,27,38075,226,1361,873,67086,14649,71],"class_list":{"0":"post-553769","1":"post","2":"type-post","3":"status-publish","4":"format-standard","5":"has-post-thumbnail","7":"category-musique","8":"tag-divertissement","9":"tag-entertainment","10":"tag-fr","11":"tag-france","12":"tag-helene-segara","13":"tag-maladie","14":"tag-music","15":"tag-musique","16":"tag-oeil","17":"tag-rare","18":"tag-sante"},"share_on_mastodon":{"url":"https:\/\/pubeurope.com\/@fr\/115600156700900980","error":""},"_links":{"self":[{"href":"https:\/\/www.europesays.com\/fr\/wp-json\/wp\/v2\/posts\/553769","targetHints":{"allow":["GET"]}}],"collection":[{"href":"https:\/\/www.europesays.com\/fr\/wp-json\/wp\/v2\/posts"}],"about":[{"href":"https:\/\/www.europesays.com\/fr\/wp-json\/wp\/v2\/types\/post"}],"author":[{"embeddable":true,"href":"https:\/\/www.europesays.com\/fr\/wp-json\/wp\/v2\/users\/2"}],"replies":[{"embeddable":true,"href":"https:\/\/www.europesays.com\/fr\/wp-json\/wp\/v2\/comments?post=553769"}],"version-history":[{"count":0,"href":"https:\/\/www.europesays.com\/fr\/wp-json\/wp\/v2\/posts\/553769\/revisions"}],"wp:featuredmedia":[{"embeddable":true,"href":"https:\/\/www.europesays.com\/fr\/wp-json\/wp\/v2\/media\/553770"}],"wp:attachment":[{"href":"https:\/\/www.europesays.com\/fr\/wp-json\/wp\/v2\/media?parent=553769"}],"wp:term":[{"taxonomy":"category","embeddable":true,"href":"https:\/\/www.europesays.com\/fr\/wp-json\/wp\/v2\/categories?post=553769"},{"taxonomy":"post_tag","embeddable":true,"href":"https:\/\/www.europesays.com\/fr\/wp-json\/wp\/v2\/tags?post=553769"}],"curies":[{"name":"wp","href":"https:\/\/api.w.org\/{rel}","templated":true}]}}