{"id":553777,"date":"2025-11-23T17:22:17","date_gmt":"2025-11-23T17:22:17","guid":{"rendered":"https:\/\/www.europesays.com\/fr\/553777\/"},"modified":"2025-11-23T17:22:17","modified_gmt":"2025-11-23T17:22:17","slug":"christophe-hondelatte-voix-iconique-deurope-1-quitte-la-radio-de-vincent-bollore-liberation","status":"publish","type":"post","link":"https:\/\/www.europesays.com\/fr\/553777\/","title":{"rendered":"Christophe Hondelatte, voix iconique d\u2019Europe 1, quitte la radio de Vincent Bollor\u00e9 \u2013 Lib\u00e9ration"},"content":{"rendered":"<p class=\"sc-cPiKLX AiZTS text-element\">Adieu Europe 1, bonjour 100 % Hondelatte. Alors que la radio dans le giron du milliardaire d\u2019extr\u00eame droite Vincent Bollor\u00e9 pouvait se r\u00e9jouir du <a href=\"https:\/\/www.liberation.fr\/economie\/medias\/audiences-radio-france-inter-baisse-tandis-que-rtl-et-europe-1-progressent-dans-un-contexte-derosion-generale-20251113_C2YE4TXHRFDEVFWG7GUESZ4EL4\/\" target=\"_blank\" rel=\"noopener\" title=\"https:\/\/www.liberation.fr\/economie\/medias\/audiences-radio-france-inter-baisse-tandis-que-rtl-et-europe-1-progressent-dans-un-contexte-derosion-generale-20251113_C2YE4TXHRFDEVFWG7GUESZ4EL4\/\">bon score de ses audiences depuis la rentr\u00e9e<\/a>, la station va perdre l\u2019une de ses voix les plus connues. Selon des informations du Parisien, Christophe Hondelatte, 62 ans, va quitter la station en fin d\u2019ann\u00e9e et aurait d\u00e9cid\u00e9 de lancer son propre podcast, sur fond de m\u00e9sentente avec la direction et de r\u00e9ticences par rapport \u00e0 l\u2019\u00e9volution de la ligne \u00e9ditoriale de la radio.<\/p>\n<p class=\"sc-cPiKLX AiZTS text-element\">\u00abLe journaliste et la direction viennent de signer un divorce \u00e0 l\u2019amiable, effectif le 31 d\u00e9cembre\u00bb, affirme ce dimanche 23 novembre le Parisien sur son site. Apr\u00e8s cette date, le c\u00e9l\u00e8bre pr\u00e9sentateur des \u00e9missions Faites entrer l\u2019accus\u00e9 et Hondelatte raconte d\u2019Europe 1 va \u00abse lancer en solo\u00bb.<\/p>\n<p class=\"sc-cPiKLX AiZTS text-element\">\u00abLe journaliste fabriquera et mettra en ligne par ses propres moyens un nouveau podcast, baptis\u00e9 100 % Hondelatte, dans lequel il proposera chaque semaine des r\u00e9cits de crimes in\u00e9dits\u00bb, pr\u00e9cise le journal, qui explique que \u00abcela faisait plusieurs mois que les relations sont tendues\u00bb entre Hondelatte et la direction de la radio.<\/p>\n<p class=\"sc-cPiKLX AiZTS text-element\">Ces derniers mois, depuis ao\u00fbt, son \u00e9mission Hondelatte raconte ne figurait plus dans la grille de la station et n\u2019\u00e9tait plus diffus\u00e9e qu\u2019en ligne. Elle restait pourtant tr\u00e8s haut dans le c\u0153ur des auditeurs : avec plus de 8 millions de t\u00e9l\u00e9chargements en octobre, selon M\u00e9diam\u00e9trie, Hondelatte raconte est le troisi\u00e8me podcast le plus \u00e9cout\u00e9 en France, apr\u00e8s celui des Grosses T\u00eates de RTL et L\u2019After Foot de RMC.<\/p>\n<p class=\"sc-cPiKLX AiZTS text-element\">Christophe Hondelatte avait embarqu\u00e9 \u00e0 bord de la station Europe 1 en 2016, \u00e0 la demande de son patron de l\u2019\u00e9poque, Denis Olivennes. Apr\u00e8s une d\u00e9cennie de revirements strat\u00e9giques, de changement d\u2019actionnaire (du groupe Lagard\u00e8re Active au giron du milliardaire Vincent Bollor\u00e9) et de perte vertigineuse de ses auditeurs, la radio priv\u00e9e semble avoir r\u00e9ussi \u00e0 inverser la tendance. Elle se situe en cinqui\u00e8me position des radios fran\u00e7aises, derri\u00e8re RMC, et <a href=\"https:\/\/www.liberation.fr\/economie\/medias\/audiences-radio-france-inter-baisse-tandis-que-rtl-et-europe-1-progressent-dans-un-contexte-derosion-generale-20251113_C2YE4TXHRFDEVFWG7GUESZ4EL4\/\" target=\"_blank\" rel=\"noreferrer noopener\" title=\"https:\/\/www.liberation.fr\/economie\/medias\/audiences-radio-france-inter-baisse-tandis-que-rtl-et-europe-1-progressent-dans-un-contexte-derosion-generale-20251113_C2YE4TXHRFDEVFWG7GUESZ4EL4\/\">voit ses parts d\u2019audience remonter r\u00e9guli\u00e8rement depuis deux ans<\/a>. L\u2019audience cumul\u00e9e se situe \u00e0 4,9 %, soit autour de 2,8 millions d\u2019auditeurs, et elle a gagn\u00e9 304 000 auditeurs sur un an.<\/p>\n<p class=\"sc-cPiKLX AiZTS text-element\">\u00abC\u2019est la meilleure rentr\u00e9e depuis six ans\u00bb, gr\u00e2ce notamment \u00e0 \u00abun positionnement clair, celui de la libert\u00e9 d\u2019expression\u00bb, et la parole donn\u00e9e largement aux auditeurs, a fait valoir \u00e0 l\u2019Agence France-Presse Constance Benqu\u00e9, directrice g\u00e9n\u00e9rale de sa maison m\u00e8re, Lagard\u00e8re Radio, lors de la publication des chiffres de M\u00e9diam\u00e9trie d\u00e9but novembre. Le d\u00e9part pour Fun Radio de l\u2019animateur Cyril Hanouna n\u2019a \u00abpas eu d\u2019effet\u00bb sur l\u2019audience de la tranche 16 heures-18 heures, reprise par Pascal Praud, a-t-elle pr\u00e9cis\u00e9.<\/p>\n","protected":false},"excerpt":{"rendered":"Adieu Europe 1, bonjour 100 % Hondelatte. Alors que la radio dans le giron du milliardaire d\u2019extr\u00eame droite&hellip;\n","protected":false},"author":2,"featured_media":553778,"comment_status":"","ping_status":"","sticky":false,"template":"","format":"standard","meta":{"footnotes":""},"categories":[8],"tags":[58,59,1473,1011,27,1022],"class_list":{"0":"post-553777","1":"post","2":"type-post","3":"status-publish","4":"format-standard","5":"has-post-thumbnail","7":"category-divertissement","8":"tag-divertissement","9":"tag-entertainment","10":"tag-europe-1","11":"tag-fr","12":"tag-france","13":"tag-vincent-bollore"},"share_on_mastodon":{"url":"https:\/\/pubeurope.com\/@fr\/115600172294475619","error":""},"_links":{"self":[{"href":"https:\/\/www.europesays.com\/fr\/wp-json\/wp\/v2\/posts\/553777","targetHints":{"allow":["GET"]}}],"collection":[{"href":"https:\/\/www.europesays.com\/fr\/wp-json\/wp\/v2\/posts"}],"about":[{"href":"https:\/\/www.europesays.com\/fr\/wp-json\/wp\/v2\/types\/post"}],"author":[{"embeddable":true,"href":"https:\/\/www.europesays.com\/fr\/wp-json\/wp\/v2\/users\/2"}],"replies":[{"embeddable":true,"href":"https:\/\/www.europesays.com\/fr\/wp-json\/wp\/v2\/comments?post=553777"}],"version-history":[{"count":0,"href":"https:\/\/www.europesays.com\/fr\/wp-json\/wp\/v2\/posts\/553777\/revisions"}],"wp:featuredmedia":[{"embeddable":true,"href":"https:\/\/www.europesays.com\/fr\/wp-json\/wp\/v2\/media\/553778"}],"wp:attachment":[{"href":"https:\/\/www.europesays.com\/fr\/wp-json\/wp\/v2\/media?parent=553777"}],"wp:term":[{"taxonomy":"category","embeddable":true,"href":"https:\/\/www.europesays.com\/fr\/wp-json\/wp\/v2\/categories?post=553777"},{"taxonomy":"post_tag","embeddable":true,"href":"https:\/\/www.europesays.com\/fr\/wp-json\/wp\/v2\/tags?post=553777"}],"curies":[{"name":"wp","href":"https:\/\/api.w.org\/{rel}","templated":true}]}}